{"id":1561,"date":"2024-06-23T17:31:00","date_gmt":"2024-06-23T15:31:00","guid":{"rendered":"https:\/\/pastoralrmi.com\/?p=1561"},"modified":"2024-11-15T09:46:54","modified_gmt":"2024-11-15T08:46:54","slug":"la-autoestima1","status":"publish","type":"post","link":"https:\/\/pastoralrmi.com\/es\/la-autoestima1\/","title":{"rendered":"Sintonizando con  mi autoestima"},"content":{"rendered":"\n<p class=\"wp-block-paragraph\">Son los pensamientos, las evaluaciones, los sentimientos y los comportamientos que tenemos hacia nosotros mismos, hacia nuestro car\u00e1cter, hacia nuestra forma de ser y hacia nuestro cuerpo, los que determinan nuestra AUTOESTIMA.<\/p>\n\n\n\n<h3 class=\"wp-block-heading\">La autoestima es<\/h3>\n\n\n\n<p class=\"wp-block-paragraph\">el resultado de la opini\u00f3n opini\u00f3n y aprecio que una persona tiene de si misma: de su apariencia f\u00edsica, de sus aptitudes, de sus \u00e9xitos profesionales y personales, de la riqueza de su vida afectiva. Es un valor fr\u00e1gil y mutable, que <strong>sobrepasa en sus causas a la racionalizaci\u00f3n y a la l\u00f3gica<\/strong>. <\/p>\n\n\n\n<p class=\"wp-block-paragraph\">Aunque se forma desde ni\u00f1os, esta puede modificarse en la edad adulta para mantener una relaci\u00f3n sana con nosotros mismos.<\/p>\n\n\n\n<figure class=\"wp-block-image size-full\"><img data-recalc-dims=\"1\" loading=\"lazy\" decoding=\"async\" width=\"1300\" height=\"1300\" data-attachment-id=\"1794\" data-permalink=\"https:\/\/pastoralrmi.com\/es\/la-autoestima1\/pexels-photo-4412934\/\" data-orig-file=\"https:\/\/i0.wp.com\/pastoralrmi.com\/wp-content\/uploads\/2024\/06\/pexels-photo-4412934.jpeg?fit=1300%2C1300&amp;ssl=1\" data-orig-size=\"1300,1300\" data-comments-opened=\"1\" data-image-meta=\"{&quot;aperture&quot;:&quot;0&quot;,&quot;credit&quot;:&quot;&quot;,&quot;camera&quot;:&quot;&quot;,&quot;caption&quot;:&quot;&quot;,&quot;created_timestamp&quot;:&quot;0&quot;,&quot;copyright&quot;:&quot;&quot;,&quot;focal_length&quot;:&quot;0&quot;,&quot;iso&quot;:&quot;0&quot;,&quot;shutter_speed&quot;:&quot;0&quot;,&quot;title&quot;:&quot;&quot;,&quot;orientation&quot;:&quot;0&quot;}\" data-image-title=\"pexels-photo-4412934.jpeg\" data-image-description=\"\" data-image-caption=\"&lt;p&gt;Photo by Maksim Goncharenok on &lt;a href=&quot;https:\/\/www.pexels.com\/es-es\/foto\/paisaje-naturaleza-cielo-persona-4412934\/&quot; rel=&quot;nofollow&quot;&gt;Pexels.com&lt;\/a&gt;&lt;\/p&gt;\n\" data-large-file=\"https:\/\/i0.wp.com\/pastoralrmi.com\/wp-content\/uploads\/2024\/06\/pexels-photo-4412934.jpeg?fit=1024%2C1024&amp;ssl=1\" src=\"https:\/\/i0.wp.com\/pastoralrmi.com\/wp-content\/uploads\/2024\/06\/pexels-photo-4412934.jpeg?resize=1300%2C1300&#038;ssl=1\" alt=\"\" class=\"wp-image-1794\" \/><\/figure>\n\n\n\n<p class=\"wp-block-paragraph\">En <em>Desc\u00e1rgate<\/em> encontrar\u00e1s informaci\u00f3n y din\u00e1micas que podr\u00e1s utilizar para trabajar la autoestima  con tus alumnos, j\u00f3venes, etc.<\/p>\n\n\n\n<div class=\"wp-block-group has-global-padding is-content-justification-center is-layout-constrained wp-block-group-is-layout-constrained\"><div class=\"wp-block-jetpack-rating-star is-style-filled\" style=\"text-align:left\" itemprop=\"reviewRating\" itemscope itemtype=\"http:\/\/schema.org\/Rating\"><p><span aria-hidden=\"true\">\u2b50<\/span><span aria-hidden=\"true\">\u2b50<\/span><span aria-hidden=\"true\">\u2b50<\/span><span aria-hidden=\"true\">\u2b50<\/span><span aria-hidden=\"true\">\u2b50<\/span><\/p><span style=\"display: none;\" itemprop=\"worstRating\" content=\"0.5\"><span>\n<svg xmlns=\"http:\/\/www.w3.org\/2000\/svg\" width=\"24\" height=\"24\" viewBox=\"0 0 24 24\">\n\t<path class=\"\" fill=\"currentColor\" stroke=\"currentColor\" d=\"M12,17.3l6.2,3.7l-1.6-7L22,9.2l-7.2-0.6L12,2L9.2,8.6L2,9.2L7.5,14l-1.6,7L12,17.3z\" \/>\n<\/svg>\n<\/span>\n<span>\n<svg xmlns=\"http:\/\/www.w3.org\/2000\/svg\" width=\"24\" height=\"24\" viewBox=\"0 0 24 24\">\n\t<path class=\"\" fill=\"currentColor\" stroke=\"currentColor\" d=\"M12,17.3l6.2,3.7l-1.6-7L22,9.2l-7.2-0.6L12,2L9.2,8.6L2,9.2L7.5,14l-1.6,7L12,17.3z\" \/>\n<\/svg>\n<\/span><\/span><span style=\"display: none;\" ><span>\n<svg xmlns=\"http:\/\/www.w3.org\/2000\/svg\" width=\"24\" height=\"24\" viewBox=\"0 0 24 24\">\n\t<path class=\"\" fill=\"currentColor\" stroke=\"currentColor\" d=\"M12,17.3l6.2,3.7l-1.6-7L22,9.2l-7.2-0.6L12,2L9.2,8.6L2,9.2L7.5,14l-1.6,7L12,17.3z\" \/>\n<\/svg>\n<\/span>\n<span>\n<svg xmlns=\"http:\/\/www.w3.org\/2000\/svg\" width=\"24\" height=\"24\" viewBox=\"0 0 24 24\">\n\t<path class=\"\" fill=\"currentColor\" stroke=\"currentColor\" d=\"M12,17.3l6.2,3.7l-1.6-7L22,9.2l-7.2-0.6L12,2L9.2,8.6L2,9.2L7.5,14l-1.6,7L12,17.3z\" \/>\n<\/svg>\n<\/span><\/span><span style=\"display: none;\" ><span>\n<svg xmlns=\"http:\/\/www.w3.org\/2000\/svg\" width=\"24\" height=\"24\" viewBox=\"0 0 24 24\">\n\t<path class=\"\" fill=\"currentColor\" stroke=\"currentColor\" d=\"M12,17.3l6.2,3.7l-1.6-7L22,9.2l-7.2-0.6L12,2L9.2,8.6L2,9.2L7.5,14l-1.6,7L12,17.3z\" \/>\n<\/svg>\n<\/span>\n<span>\n<svg xmlns=\"http:\/\/www.w3.org\/2000\/svg\" width=\"24\" height=\"24\" viewBox=\"0 0 24 24\">\n\t<path class=\"\" fill=\"currentColor\" stroke=\"currentColor\" d=\"M12,17.3l6.2,3.7l-1.6-7L22,9.2l-7.2-0.6L12,2L9.2,8.6L2,9.2L7.5,14l-1.6,7L12,17.3z\" \/>\n<\/svg>\n<\/span><\/span><span style=\"display: none;\" ><span>\n<svg xmlns=\"http:\/\/www.w3.org\/2000\/svg\" width=\"24\" height=\"24\" viewBox=\"0 0 24 24\">\n\t<path class=\"\" fill=\"currentColor\" stroke=\"currentColor\" d=\"M12,17.3l6.2,3.7l-1.6-7L22,9.2l-7.2-0.6L12,2L9.2,8.6L2,9.2L7.5,14l-1.6,7L12,17.3z\" \/>\n<\/svg>\n<\/span>\n<span>\n<svg xmlns=\"http:\/\/www.w3.org\/2000\/svg\" width=\"24\" height=\"24\" viewBox=\"0 0 24 24\">\n\t<path class=\"\" fill=\"currentColor\" stroke=\"currentColor\" d=\"M12,17.3l6.2,3.7l-1.6-7L22,9.2l-7.2-0.6L12,2L9.2,8.6L2,9.2L7.5,14l-1.6,7L12,17.3z\" \/>\n<\/svg>\n<\/span><\/span><span style=\"display: none;\" itemprop=\"bestRating\" content=\"5\"><span>\n<svg xmlns=\"http:\/\/www.w3.org\/2000\/svg\" width=\"24\" height=\"24\" viewBox=\"0 0 24 24\">\n\t<path class=\"\" fill=\"currentColor\" stroke=\"currentColor\" d=\"M12,17.3l6.2,3.7l-1.6-7L22,9.2l-7.2-0.6L12,2L9.2,8.6L2,9.2L7.5,14l-1.6,7L12,17.3z\" \/>\n<\/svg>\n<\/span>\n<span>\n<svg xmlns=\"http:\/\/www.w3.org\/2000\/svg\" width=\"24\" height=\"24\" viewBox=\"0 0 24 24\">\n\t<path class=\"\" fill=\"currentColor\" stroke=\"currentColor\" d=\"M12,17.3l6.2,3.7l-1.6-7L22,9.2l-7.2-0.6L12,2L9.2,8.6L2,9.2L7.5,14l-1.6,7L12,17.3z\" \/>\n<\/svg>\n<\/span><\/span><span itemprop=\"ratingValue\" class=\"screen-reader-text\" content=\"5\">Puntuaci\u00f3n: 5 de 5.<\/span><\/div>\n\n\n<p class=\"has-small-font-size wp-block-paragraph\">Desc\u00e1rgate el<strong> Taller de la Autoestima<\/strong>:<\/p>\n\n\n\n<div class=\"wp-block-file\"><a id=\"wp-block-file--media-616da3c7-45a5-4ff1-a1d4-4f773c14d396\" href=\"https:\/\/pastoralrmi.com\/wp-content\/uploads\/2024\/06\/sesion-1.pdf\">sesion-1<\/a><a href=\"https:\/\/pastoralrmi.com\/wp-content\/uploads\/2024\/06\/sesion-1.pdf\" class=\"wp-block-file__button wp-element-button\" download aria-describedby=\"wp-block-file--media-616da3c7-45a5-4ff1-a1d4-4f773c14d396\">Descarga<\/a><\/div>\n<\/div>\n\n\n\n<hr class=\"wp-block-separator has-alpha-channel-opacity\" \/>\n\n\n\n<div class=\"wp-block-columns are-vertically-aligned-top is-layout-flex wp-container-core-columns-is-layout-9b7bffa5 wp-block-columns-is-layout-flex\">\n<div class=\"wp-block-column is-vertically-aligned-top has-global-padding is-layout-constrained wp-container-core-column-is-layout-cdc64768 wp-block-column-is-layout-constrained\" style=\"flex-basis:33.33%\">\n<h2 class=\"wp-block-heading wp-container-content-958eb9dc\">m\u00e1s recursos<\/h2>\n<\/div>\n\n\n\n<div class=\"wp-block-column is-vertically-aligned-top is-layout-flow wp-container-core-column-is-layout-bd2f46b7 wp-block-column-is-layout-flow\">\n<h3 class=\"wp-block-heading is-service-name has-medium-font-size\">Cuatro pilares para cuidar tu autoestima<\/h3>\n\n\n\n<p class=\"wp-block-paragraph\">de <a href=\"https:\/\/aprendemosjuntos.bbva.com\/\">BBVA aprendemos juntos<\/a><\/p>\n\n\n\n<figure class=\"wp-block-embed is-type-video is-provider-youtube wp-block-embed-youtube wp-embed-aspect-16-9 wp-has-aspect-ratio\"><div class=\"wp-block-embed__wrapper\">\n<span class=\"embed-youtube\" style=\"text-align:center; display: block;\"><iframe loading=\"lazy\" class=\"youtube-player\" width=\"640\" height=\"360\" src=\"https:\/\/www.youtube.com\/embed\/8iOo3ii0RTM?version=3&#038;rel=1&#038;showsearch=0&#038;showinfo=1&#038;iv_load_policy=1&#038;fs=1&#038;hl=es-ES&#038;autohide=2&#038;wmode=transparent\" allowfullscreen=\"true\" style=\"border:0;\" sandbox=\"allow-scripts allow-same-origin allow-popups allow-presentation allow-popups-to-escape-sandbox\"><\/iframe><\/span>\n<\/div><\/figure>\n\n\n\n<p class=\"wp-block-paragraph\">Walter Riso, psic\u00f3logo y escritor<\/p>\n<\/div>\n<\/div>\n","protected":false},"excerpt":{"rendered":"<p>La autoestima aumenta cuando vivimos respetando nuestros propios valores y disminuye<br \/>\ncada vez que nuestro comportamiento no est\u00e1 en coherencia con ellos.<\/p>\n","protected":false},"author":246329482,"featured_media":1562,"comment_status":"open","ping_status":"open","sticky":false,"template":"","format":"standard","meta":{"_eb_attr":"","_crdt_document":"","advanced_seo_description":"","jetpack_seo_html_title":"","jetpack_seo_noindex":false,"_jetpack_newsletter_access":"","_jetpack_dont_email_post_to_subs":false,"_jetpack_newsletter_tier_id":0,"_jetpack_memberships_contains_paywalled_content":false,"_jetpack_memberships_contains_paid_content":false,"footnotes":"","jetpack_publicize_message":"","jetpack_publicize_feature_enabled":true,"jetpack_social_post_already_shared":false,"jetpack_social_options":{"image_generator_settings":{"template":"highway","default_image_id":0,"font":"","enabled":false},"version":2},"_wpas_customize_per_network":false,"jetpack_post_was_ever_published":false},"categories":[419135,4469418,1039746,772356179],"tags":[],"class_list":["post-1561","post","type-post","status-publish","format-standard","has-post-thumbnail","hentry","category-comprender","category-desarrollo-integral","category-fluir","category-talleres-tutorias"],"jetpack_publicize_connections":[],"jetpack_featured_media_url":"https:\/\/i0.wp.com\/pastoralrmi.com\/wp-content\/uploads\/2024\/06\/pexels-photo-3058762.jpeg?fit=1820%2C1300&ssl=1","jetpack_likes_enabled":true,"jetpack_sharing_enabled":true,"jetpack_shortlink":"https:\/\/wp.me\/pfvk8v-pb","jetpack-related-posts":[{"id":3201,"url":"https:\/\/pastoralrmi.com\/es\/un-reflejo-de-autoestima\/","url_meta":{"origin":1561,"position":0},"title":"Un reflejo de autoestima","author":"Blog de pastoral Provincia Iberica","date":"27 de enero de 2025","format":false,"excerpt":"Amarse para amar El objetivo de esta tutor\u00eda es ayudar a los j\u00f3venes a reflexionar sobre la relaci\u00f3n que tienen consigo mismos, aprender a valorarse desde la humildad y la aceptaci\u00f3n, y descubrir c\u00f3mo este amor propio sano mejora la relaci\u00f3n con los dem\u00e1s, a la luz del amor incondicional\u2026","rel":"","context":"En \u00abCOMPRENDER\u00bb","block_context":{"text":"COMPRENDER","link":"https:\/\/pastoralrmi.com\/es\/category\/comprender\/"},"img":{"alt_text":"woman in blue long sleeve shirt holding white rabbit plush toy","src":"https:\/\/i0.wp.com\/pastoralrmi.com\/wp-content\/uploads\/2025\/01\/pexels-photo-4921288.jpeg?fit=1200%2C800&ssl=1&resize=350%2C200","width":350,"height":200,"srcset":"https:\/\/i0.wp.com\/pastoralrmi.com\/wp-content\/uploads\/2025\/01\/pexels-photo-4921288.jpeg?fit=1200%2C800&ssl=1&resize=350%2C200 1x, https:\/\/i0.wp.com\/pastoralrmi.com\/wp-content\/uploads\/2025\/01\/pexels-photo-4921288.jpeg?fit=1200%2C800&ssl=1&resize=525%2C300 1.5x, https:\/\/i0.wp.com\/pastoralrmi.com\/wp-content\/uploads\/2025\/01\/pexels-photo-4921288.jpeg?fit=1200%2C800&ssl=1&resize=700%2C400 2x, https:\/\/i0.wp.com\/pastoralrmi.com\/wp-content\/uploads\/2025\/01\/pexels-photo-4921288.jpeg?fit=1200%2C800&ssl=1&resize=1050%2C600 3x"},"classes":[]},{"id":1572,"url":"https:\/\/pastoralrmi.com\/es\/poniendote-el-termometro\/","url_meta":{"origin":1561,"position":1},"title":"Poni\u00e9ndote el term\u00f3metro","author":"Blog de pastoral Provincia Iberica","date":"26 de junio de 2024","format":false,"excerpt":"Las personas con alta autoestima son conscientes de qu\u00e9 cosas pueden hacer bien y cu\u00e1les pueden mejorar.","rel":"","context":"En \u00abCOMPRENDER\u00bb","block_context":{"text":"COMPRENDER","link":"https:\/\/pastoralrmi.com\/es\/category\/comprender\/"},"img":{"alt_text":"","src":"https:\/\/i0.wp.com\/pastoralrmi.com\/wp-content\/uploads\/2024\/06\/pexels-photo-4386464.jpeg?fit=800%2C1200&ssl=1&resize=350%2C200","width":350,"height":200,"srcset":"https:\/\/i0.wp.com\/pastoralrmi.com\/wp-content\/uploads\/2024\/06\/pexels-photo-4386464.jpeg?fit=800%2C1200&ssl=1&resize=350%2C200 1x, https:\/\/i0.wp.com\/pastoralrmi.com\/wp-content\/uploads\/2024\/06\/pexels-photo-4386464.jpeg?fit=800%2C1200&ssl=1&resize=525%2C300 1.5x, https:\/\/i0.wp.com\/pastoralrmi.com\/wp-content\/uploads\/2024\/06\/pexels-photo-4386464.jpeg?fit=800%2C1200&ssl=1&resize=700%2C400 2x"},"classes":[]},{"id":1587,"url":"https:\/\/pastoralrmi.com\/es\/guia-o-critico\/","url_meta":{"origin":1561,"position":2},"title":"\u00bfGu\u00eda o cr\u00edtico?","author":"Blog de pastoral Provincia Iberica","date":"20 de junio de 2024","format":false,"excerpt":"El gu\u00eda interno hace que la persona tome conciencia de la situaci\u00f3n y busque soluciones. Las personas con una autoestima sana cuenta con el gu\u00eda interior que en lugar de centrarse en el problema y culpabilizar, ayuda a tomar decisiones respeto a situaciones y personas, con el fin \u00faltimo de\u2026","rel":"","context":"En \u00abCOMPRENDER\u00bb","block_context":{"text":"COMPRENDER","link":"https:\/\/pastoralrmi.com\/es\/category\/comprender\/"},"img":{"alt_text":"","src":"https:\/\/i0.wp.com\/pastoralrmi.com\/wp-content\/uploads\/2024\/06\/pexels-photo-20795251.jpeg?fit=1200%2C729&ssl=1&resize=350%2C200","width":350,"height":200,"srcset":"https:\/\/i0.wp.com\/pastoralrmi.com\/wp-content\/uploads\/2024\/06\/pexels-photo-20795251.jpeg?fit=1200%2C729&ssl=1&resize=350%2C200 1x, https:\/\/i0.wp.com\/pastoralrmi.com\/wp-content\/uploads\/2024\/06\/pexels-photo-20795251.jpeg?fit=1200%2C729&ssl=1&resize=525%2C300 1.5x, https:\/\/i0.wp.com\/pastoralrmi.com\/wp-content\/uploads\/2024\/06\/pexels-photo-20795251.jpeg?fit=1200%2C729&ssl=1&resize=700%2C400 2x, https:\/\/i0.wp.com\/pastoralrmi.com\/wp-content\/uploads\/2024\/06\/pexels-photo-20795251.jpeg?fit=1200%2C729&ssl=1&resize=1050%2C600 3x"},"classes":[]},{"id":1597,"url":"https:\/\/pastoralrmi.com\/es\/aprender-a-poner-limites\/","url_meta":{"origin":1561,"position":3},"title":"Aprender a poner l\u00edmites","author":"Blog de pastoral Provincia Iberica","date":"19 de junio de 2024","format":false,"excerpt":"Tomar consciencia de cu\u00e1les son los l\u00edmites de tu vida, esto te ayudar\u00e1 a saber hacia d\u00f3nde dirigirte y por consiguiente comunicar a los dem\u00e1s tus verdaderos deseos. Existe una herramienta muy poderosa, tus emociones, pues estas te indican cuando algo no te hace sentir bien o cuando un limite\u2026","rel":"","context":"En \u00abCOMPRENDER\u00bb","block_context":{"text":"COMPRENDER","link":"https:\/\/pastoralrmi.com\/es\/category\/comprender\/"},"img":{"alt_text":"","src":"https:\/\/i0.wp.com\/pastoralrmi.com\/wp-content\/uploads\/2024\/06\/pexels-photo-289586.jpeg?fit=1200%2C730&ssl=1&resize=350%2C200","width":350,"height":200,"srcset":"https:\/\/i0.wp.com\/pastoralrmi.com\/wp-content\/uploads\/2024\/06\/pexels-photo-289586.jpeg?fit=1200%2C730&ssl=1&resize=350%2C200 1x, https:\/\/i0.wp.com\/pastoralrmi.com\/wp-content\/uploads\/2024\/06\/pexels-photo-289586.jpeg?fit=1200%2C730&ssl=1&resize=525%2C300 1.5x, https:\/\/i0.wp.com\/pastoralrmi.com\/wp-content\/uploads\/2024\/06\/pexels-photo-289586.jpeg?fit=1200%2C730&ssl=1&resize=700%2C400 2x, https:\/\/i0.wp.com\/pastoralrmi.com\/wp-content\/uploads\/2024\/06\/pexels-photo-289586.jpeg?fit=1200%2C730&ssl=1&resize=1050%2C600 3x"},"classes":[]},{"id":1579,"url":"https:\/\/pastoralrmi.com\/es\/distorsiones-cognitivas\/","url_meta":{"origin":1561,"position":4},"title":"Distorsiones cognitivas","author":"Blog de pastoral Provincia Iberica","date":"21 de junio de 2024","format":false,"excerpt":"Son errores que cometemos al procesar la informaci\u00f3n y que dan lugar a interpretaciones desajustadas de la realidad. Esos errores repercuten en nuestro estado emocional y en nuestra AUTOESTIMA.","rel":"","context":"En \u00abCOMPRENDER\u00bb","block_context":{"text":"COMPRENDER","link":"https:\/\/pastoralrmi.com\/es\/category\/comprender\/"},"img":{"alt_text":"","src":"https:\/\/i0.wp.com\/pastoralrmi.com\/wp-content\/uploads\/2024\/06\/pexels-photo-4352016.jpeg?fit=1200%2C795&ssl=1&resize=350%2C200","width":350,"height":200,"srcset":"https:\/\/i0.wp.com\/pastoralrmi.com\/wp-content\/uploads\/2024\/06\/pexels-photo-4352016.jpeg?fit=1200%2C795&ssl=1&resize=350%2C200 1x, https:\/\/i0.wp.com\/pastoralrmi.com\/wp-content\/uploads\/2024\/06\/pexels-photo-4352016.jpeg?fit=1200%2C795&ssl=1&resize=525%2C300 1.5x, https:\/\/i0.wp.com\/pastoralrmi.com\/wp-content\/uploads\/2024\/06\/pexels-photo-4352016.jpeg?fit=1200%2C795&ssl=1&resize=700%2C400 2x, https:\/\/i0.wp.com\/pastoralrmi.com\/wp-content\/uploads\/2024\/06\/pexels-photo-4352016.jpeg?fit=1200%2C795&ssl=1&resize=1050%2C600 3x"},"classes":[]},{"id":4055,"url":"https:\/\/pastoralrmi.com\/es\/nuestras-emociones-son-camino\/","url_meta":{"origin":1561,"position":5},"title":"Nuestras emociones son camino","author":"Blog de pastoral Provincia Iberica","date":"9 de abril de 2025","format":false,"excerpt":"Las emociones est\u00e1n interrelacionadas con nuestra identidad, nos ayudan a transcender, nos mueven a hacia preguntas vitales, nos ofrecen la posibilidad de unir lo corp\u00f3reo, la psique y lo espiritual.\u00a0","rel":"","context":"En \u00abDesarrollo integral\u00bb","block_context":{"text":"Desarrollo integral","link":"https:\/\/pastoralrmi.com\/es\/category\/fluir\/desarrollo-integral\/"},"img":{"alt_text":"person stands on brown pathway","src":"https:\/\/i0.wp.com\/pastoralrmi.com\/wp-content\/uploads\/2025\/04\/pexels-photo-631986.jpeg?fit=1200%2C799&ssl=1&resize=350%2C200","width":350,"height":200,"srcset":"https:\/\/i0.wp.com\/pastoralrmi.com\/wp-content\/uploads\/2025\/04\/pexels-photo-631986.jpeg?fit=1200%2C799&ssl=1&resize=350%2C200 1x, https:\/\/i0.wp.com\/pastoralrmi.com\/wp-content\/uploads\/2025\/04\/pexels-photo-631986.jpeg?fit=1200%2C799&ssl=1&resize=525%2C300 1.5x, https:\/\/i0.wp.com\/pastoralrmi.com\/wp-content\/uploads\/2025\/04\/pexels-photo-631986.jpeg?fit=1200%2C799&ssl=1&resize=700%2C400 2x, https:\/\/i0.wp.com\/pastoralrmi.com\/wp-content\/uploads\/2025\/04\/pexels-photo-631986.jpeg?fit=1200%2C799&ssl=1&resize=1050%2C600 3x"},"classes":[]}],"_links":{"self":[{"href":"https:\/\/pastoralrmi.com\/es\/wp-json\/wp\/v2\/posts\/1561","targetHints":{"allow":["GET"]}}],"collection":[{"href":"https:\/\/pastoralrmi.com\/es\/wp-json\/wp\/v2\/posts"}],"about":[{"href":"https:\/\/pastoralrmi.com\/es\/wp-json\/wp\/v2\/types\/post"}],"author":[{"embeddable":true,"href":"https:\/\/pastoralrmi.com\/es\/wp-json\/wp\/v2\/users\/246329482"}],"replies":[{"embeddable":true,"href":"https:\/\/pastoralrmi.com\/es\/wp-json\/wp\/v2\/comments?post=1561"}],"version-history":[{"count":16,"href":"https:\/\/pastoralrmi.com\/es\/wp-json\/wp\/v2\/posts\/1561\/revisions"}],"predecessor-version":[{"id":1795,"href":"https:\/\/pastoralrmi.com\/es\/wp-json\/wp\/v2\/posts\/1561\/revisions\/1795"}],"wp:featuredmedia":[{"embeddable":true,"href":"https:\/\/pastoralrmi.com\/es\/wp-json\/wp\/v2\/media\/1562"}],"wp:attachment":[{"href":"https:\/\/pastoralrmi.com\/es\/wp-json\/wp\/v2\/media?parent=1561"}],"wp:term":[{"taxonomy":"category","embeddable":true,"href":"https:\/\/pastoralrmi.com\/es\/wp-json\/wp\/v2\/categories?post=1561"},{"taxonomy":"post_tag","embeddable":true,"href":"https:\/\/pastoralrmi.com\/es\/wp-json\/wp\/v2\/tags?post=1561"}],"curies":[{"name":"wp","href":"https:\/\/api.w.org\/{rel}","templated":true}]}}