{"id":1707,"date":"2024-06-24T10:26:00","date_gmt":"2024-06-24T08:26:00","guid":{"rendered":"https:\/\/pastoralrmi.com\/?p=1707"},"modified":"2024-06-25T17:47:15","modified_gmt":"2024-06-25T15:47:15","slug":"retiro-de-cuaresma","status":"publish","type":"post","link":"https:\/\/pastoralrmi.com\/es\/retiro-de-cuaresma\/","title":{"rendered":"Retiro de Cuaresma"},"content":{"rendered":"\n<p class=\"wp-block-paragraph\">En esta CUARESMA, se nos ofrece una nueva oportunidad para ir al ENCUENTRO CON JES\u00daS, para conocerlo, viva en nuestro coraz\u00f3n y desechar todas esas actitudes hacen<br>nudos en la historia de nuestra vida y no nos dejan ser felices.<\/p>\n\n\n\n<div class=\"wp-block-group alignfull has-global-padding is-content-justification-center is-layout-constrained wp-container-core-group-is-layout-92d3b899 wp-block-group-is-layout-constrained\" style=\"margin-top:0;margin-bottom:0;padding-top:calc( 0.5 * var(--wp--style--root--padding-right, var(--wp--custom--gap--horizontal)));padding-right:var(--wp--style--root--padding-right, var(--wp--custom--gap--horizontal));padding-bottom:calc( 0.5 * var(--wp--style--root--padding-right, var(--wp--custom--gap--horizontal)));padding-left:var(--wp--style--root--padding-left, var(--wp--custom--gap--horizontal))\">\n<div style=\"height:calc( 0.25 * var(--wp--style--root--padding-right, var(--wp--custom--gap--horizontal)))\" aria-hidden=\"true\" class=\"wp-block-spacer\"><\/div>\n\n\n\n<h3 class=\"wp-block-heading alignwide\">Hoy es un d\u00eda para pararnos y prepararnos, para ver por donde andan nuestros pasos, hacia donde caminamos, Jes\u00fas nos invita a descubrirle, escucharle, buscarle y acompa\u00f1arle. Ojal\u00e1 <strong>todos nuestros sentidos<\/strong> est\u00e9n puestos en ello.<\/h3>\n\n\n\n<div style=\"height:calc( 0.25 * var(--wp--style--root--padding-right, var(--wp--custom--gap--horizontal)))\" aria-hidden=\"true\" class=\"wp-block-spacer\"><\/div>\n<\/div>\n\n\n\n<div class=\"wp-block-group alignfull has-global-padding is-content-justification-center is-layout-constrained wp-container-core-group-is-layout-92d3b899 wp-block-group-is-layout-constrained\" style=\"margin-top:0;margin-bottom:0;padding-top:calc( 0.5 * var(--wp--style--root--padding-right, var(--wp--custom--gap--horizontal)));padding-right:var(--wp--style--root--padding-right, var(--wp--custom--gap--horizontal));padding-bottom:calc( 0.5 * var(--wp--style--root--padding-right, var(--wp--custom--gap--horizontal)));padding-left:var(--wp--style--root--padding-left, var(--wp--custom--gap--horizontal))\">\n<div style=\"height:calc( 0.25 * var(--wp--style--root--padding-right, var(--wp--custom--gap--horizontal)))\" aria-hidden=\"true\" class=\"wp-block-spacer\"><\/div>\n\n\n\n<div class=\"wp-block-columns alignwide is-layout-flex wp-container-core-columns-is-layout-9b7bffa5 wp-block-columns-is-layout-flex\">\n<div class=\"wp-block-column is-layout-flow wp-container-core-column-is-layout-339f7bcf wp-block-column-is-layout-flow\">\n<figure data-wp-context=\"{&quot;imageId&quot;:&quot;69f10aa74326f&quot;}\" data-wp-interactive=\"core\/image\" data-wp-key=\"69f10aa74326f\" class=\"wp-block-image size-full wp-lightbox-container\"><img data-recalc-dims=\"1\" loading=\"lazy\" decoding=\"async\" width=\"1080\" height=\"1080\" data-attachment-id=\"1710\" data-permalink=\"https:\/\/pastoralrmi.com\/es\/retiro-de-cuaresma\/1-2\/\" data-orig-file=\"https:\/\/i0.wp.com\/pastoralrmi.com\/wp-content\/uploads\/2024\/06\/1.png?fit=1080%2C1080&amp;ssl=1\" data-orig-size=\"1080,1080\" data-comments-opened=\"1\" data-image-meta=\"{&quot;aperture&quot;:&quot;0&quot;,&quot;credit&quot;:&quot;&quot;,&quot;camera&quot;:&quot;&quot;,&quot;caption&quot;:&quot;&quot;,&quot;created_timestamp&quot;:&quot;0&quot;,&quot;copyright&quot;:&quot;&quot;,&quot;focal_length&quot;:&quot;0&quot;,&quot;iso&quot;:&quot;0&quot;,&quot;shutter_speed&quot;:&quot;0&quot;,&quot;title&quot;:&quot;&quot;,&quot;orientation&quot;:&quot;0&quot;}\" data-image-title=\"1\" data-image-description=\"\" data-image-caption=\"\" data-large-file=\"https:\/\/i0.wp.com\/pastoralrmi.com\/wp-content\/uploads\/2024\/06\/1.png?fit=1024%2C1024&amp;ssl=1\" data-wp-class--hide=\"state.isContentHidden\" data-wp-class--show=\"state.isContentVisible\" data-wp-init=\"callbacks.setButtonStyles\" data-wp-on--click=\"actions.showLightbox\" data-wp-on--load=\"callbacks.setButtonStyles\" data-wp-on--pointerdown=\"actions.preloadImage\" data-wp-on--pointerenter=\"actions.preloadImageWithDelay\" data-wp-on--pointerleave=\"actions.cancelPreload\" data-wp-on-window--resize=\"callbacks.setButtonStyles\" src=\"https:\/\/i0.wp.com\/pastoralrmi.com\/wp-content\/uploads\/2024\/06\/1.png?resize=1080%2C1080&#038;ssl=1\" alt=\"\" class=\"wp-image-1710\" style=\"aspect-ratio:4\/3;object-fit:cover\" \/><button\n\t\t\tclass=\"lightbox-trigger\"\n\t\t\ttype=\"button\"\n\t\t\taria-haspopup=\"dialog\"\n\t\t\tdata-wp-bind--aria-label=\"state.thisImage.triggerButtonAriaLabel\"\n\t\t\tdata-wp-init=\"callbacks.initTriggerButton\"\n\t\t\tdata-wp-on--click=\"actions.showLightbox\"\n\t\t\tdata-wp-style--right=\"state.thisImage.buttonRight\"\n\t\t\tdata-wp-style--top=\"state.thisImage.buttonTop\"\n\t\t>\n\t\t\t<svg xmlns=\"http:\/\/www.w3.org\/2000\/svg\" width=\"12\" height=\"12\" fill=\"none\" viewBox=\"0 0 12 12\">\n\t\t\t\t<path fill=\"#fff\" d=\"M2 0a2 2 0 0 0-2 2v2h1.5V2a.5.5 0 0 1 .5-.5h2V0H2Zm2 10.5H2a.5.5 0 0 1-.5-.5V8H0v2a2 2 0 0 0 2 2h2v-1.5ZM8 12v-1.5h2a.5.5 0 0 0 .5-.5V8H12v2a2 2 0 0 1-2 2H8Zm2-12a2 2 0 0 1 2 2v2h-1.5V2a.5.5 0 0 0-.5-.5H8V0h2Z\" \/>\n\t\t\t<\/svg>\n\t\t<\/button><\/figure>\n<\/div>\n\n\n\n<div class=\"wp-block-column is-layout-flow wp-container-core-column-is-layout-339f7bcf wp-block-column-is-layout-flow\" style=\"flex-basis:25%\">\n<figure data-wp-context=\"{&quot;imageId&quot;:&quot;69f10aa7438f7&quot;}\" data-wp-interactive=\"core\/image\" data-wp-key=\"69f10aa7438f7\" class=\"wp-block-image size-full wp-lightbox-container\"><img data-recalc-dims=\"1\" loading=\"lazy\" decoding=\"async\" width=\"1080\" height=\"1080\" data-attachment-id=\"1711\" data-permalink=\"https:\/\/pastoralrmi.com\/es\/retiro-de-cuaresma\/2-2\/\" data-orig-file=\"https:\/\/i0.wp.com\/pastoralrmi.com\/wp-content\/uploads\/2024\/06\/2.png?fit=1080%2C1080&amp;ssl=1\" data-orig-size=\"1080,1080\" data-comments-opened=\"1\" data-image-meta=\"{&quot;aperture&quot;:&quot;0&quot;,&quot;credit&quot;:&quot;&quot;,&quot;camera&quot;:&quot;&quot;,&quot;caption&quot;:&quot;&quot;,&quot;created_timestamp&quot;:&quot;0&quot;,&quot;copyright&quot;:&quot;&quot;,&quot;focal_length&quot;:&quot;0&quot;,&quot;iso&quot;:&quot;0&quot;,&quot;shutter_speed&quot;:&quot;0&quot;,&quot;title&quot;:&quot;&quot;,&quot;orientation&quot;:&quot;0&quot;}\" data-image-title=\"2\" data-image-description=\"\" data-image-caption=\"\" data-large-file=\"https:\/\/i0.wp.com\/pastoralrmi.com\/wp-content\/uploads\/2024\/06\/2.png?fit=1024%2C1024&amp;ssl=1\" data-wp-class--hide=\"state.isContentHidden\" data-wp-class--show=\"state.isContentVisible\" data-wp-init=\"callbacks.setButtonStyles\" data-wp-on--click=\"actions.showLightbox\" data-wp-on--load=\"callbacks.setButtonStyles\" data-wp-on--pointerdown=\"actions.preloadImage\" data-wp-on--pointerenter=\"actions.preloadImageWithDelay\" data-wp-on--pointerleave=\"actions.cancelPreload\" data-wp-on-window--resize=\"callbacks.setButtonStyles\" src=\"https:\/\/i0.wp.com\/pastoralrmi.com\/wp-content\/uploads\/2024\/06\/2.png?resize=1080%2C1080&#038;ssl=1\" alt=\"\" class=\"wp-image-1711\" style=\"aspect-ratio:1;object-fit:cover\" \/><button\n\t\t\tclass=\"lightbox-trigger\"\n\t\t\ttype=\"button\"\n\t\t\taria-haspopup=\"dialog\"\n\t\t\tdata-wp-bind--aria-label=\"state.thisImage.triggerButtonAriaLabel\"\n\t\t\tdata-wp-init=\"callbacks.initTriggerButton\"\n\t\t\tdata-wp-on--click=\"actions.showLightbox\"\n\t\t\tdata-wp-style--right=\"state.thisImage.buttonRight\"\n\t\t\tdata-wp-style--top=\"state.thisImage.buttonTop\"\n\t\t>\n\t\t\t<svg xmlns=\"http:\/\/www.w3.org\/2000\/svg\" width=\"12\" height=\"12\" fill=\"none\" viewBox=\"0 0 12 12\">\n\t\t\t\t<path fill=\"#fff\" d=\"M2 0a2 2 0 0 0-2 2v2h1.5V2a.5.5 0 0 1 .5-.5h2V0H2Zm2 10.5H2a.5.5 0 0 1-.5-.5V8H0v2a2 2 0 0 0 2 2h2v-1.5ZM8 12v-1.5h2a.5.5 0 0 0 .5-.5V8H12v2a2 2 0 0 1-2 2H8Zm2-12a2 2 0 0 1 2 2v2h-1.5V2a.5.5 0 0 0-.5-.5H8V0h2Z\" \/>\n\t\t\t<\/svg>\n\t\t<\/button><figcaption class=\"wp-element-caption\">     #40 oportunidades<\/figcaption><\/figure>\n<\/div>\n<\/div>\n\n\n\n<div style=\"height:calc( 0.25 * var(--wp--style--root--padding-right, var(--wp--custom--gap--horizontal)))\" aria-hidden=\"true\" class=\"wp-block-spacer\"><\/div>\n<\/div>\n\n\n\n<div class=\"wp-block-group alignfull has-global-padding is-content-justification-center is-layout-constrained wp-container-core-group-is-layout-92d3b899 wp-block-group-is-layout-constrained\" style=\"margin-top:0;margin-bottom:0;padding-top:calc( 0.5 * var(--wp--style--root--padding-right, var(--wp--custom--gap--horizontal)));padding-right:var(--wp--style--root--padding-right, var(--wp--custom--gap--horizontal));padding-bottom:calc( 0.5 * var(--wp--style--root--padding-right, var(--wp--custom--gap--horizontal)));padding-left:var(--wp--style--root--padding-left, var(--wp--custom--gap--horizontal))\">\n<div style=\"height:calc( 0.25 * var(--wp--style--root--padding-right, var(--wp--custom--gap--horizontal)))\" aria-hidden=\"true\" class=\"wp-block-spacer\"><\/div>\n\n\n\n<div class=\"wp-block-columns alignwide is-layout-flex wp-container-core-columns-is-layout-794e3cfa wp-block-columns-is-layout-flex\">\n<div class=\"wp-block-column is-layout-flow wp-block-column-is-layout-flow\" style=\"flex-basis:40%\"><\/div>\n\n\n\n<div class=\"wp-block-column is-layout-flow wp-block-column-is-layout-flow\">\n<p class=\"has-large-font-size wp-block-paragraph\">\u201cDos disc\u00edpulos de Jes\u00fas iban andando aquel mismo d\u00eda, el primero de la semana, a una aldea llamada Ema\u00fas, distante unas dos leguas de Jerusal\u00e9n; iban comentando todo lo que hab\u00eda sucedido. Mientras conversaban y discut\u00edan, Jes\u00fas en persona se acerc\u00f3 y se puso a caminar con ellos. Pero sus ojos no eran capaces de reconocerlo. \u00c9l les dijo \u00bfQu\u00e9 conversaci\u00f3n es esa que tra\u00e9is mientras vais de camino?\u201d<\/p>\n\n\n\n<h6 class=\"wp-block-heading\">Lc 24 13,17<\/h6>\n<\/div>\n<\/div>\n\n\n\n<div style=\"height:calc( 0.25 * var(--wp--style--root--padding-right, var(--wp--custom--gap--horizontal)))\" aria-hidden=\"true\" class=\"wp-block-spacer\"><\/div>\n<\/div>\n\n\n\n<p class=\"wp-block-paragraph\">Muchas cosas en la vida nos atan, nos enredan y cambian el sentido del tejido o incluso paramos de tejer: el miedo, la pereza, el querer siempre figurar, las mentiras, las cr\u00edticas\u2026 A veces los hilos son f\u00e1ciles de cortar, pero otras se hacen tan transparentes y fuertes que ni siquiera somos conscientes de que all\u00ed est\u00e1n, y vivimos como si nada pasara, terminamos acostumbr\u00e1ndonos a vivir atados.<\/p>\n\n\n\n<h4 class=\"wp-block-heading\">En el camino de Ema\u00fas, Jes\u00fas quiere escuchar tu narraci\u00f3n, con atenci\u00f3n, sin prisas. cu\u00e9ntale, escribe lo que sientes\u2026<\/h4>\n\n\n\n<p class=\"wp-block-paragraph\">Tras preguntarle, Jes\u00fas de qu\u00e9 iban hablando, ellos le contestaron: \u201c\u00a1Seguramente t\u00fa eres \u00e9l \u00fanico que habiendo estado en Jerusal\u00e9n, no sabes lo que all\u00ed ha sucedido estos d\u00edas! \u00bfqu\u00e9 ha sucedido? lo de Jes\u00fas, que era un profeta poderoso en hechos y palabras delante de Dios y de todo el pueblo. Los jefes de los sacerdotes y nuestras autoridades lo entregaron, lo condenaron y crucificaron. Nosotros ten\u00edamos la esperanza de que fuera un libertador, un guerrero. Algunas mujeres hoy fueron al sepulcro y dijeron que no estaba el cuerpo, nadie vi\u00f3 a Jes\u00fas. Jes\u00fas les dijo entonces: que faltos de comprensi\u00f3n y cuanto os cuesta creer\u2026 y comenz\u00f3 a hablar con ellos y a explicarles todo lo que hab\u00eda escrito del Hijo de Dios en las escrituras, que ten\u00eda que padecer antes de ser Glorificado\u2026 llegando a una posada y haci\u00e9ndose tarde, los disc\u00edpulos pidieron al hombre que se quedara con ellos, pues era tarde y Jes\u00fas entr\u00f3 para quedarse con ellos. Sentado a la mesa con ellos, tom\u00f3 el pan, pronunci\u00f3 la bendici\u00f3n, lo parti\u00f3 y se lo dio\u201d Lc 24, 18-30<\/p>\n\n\n\n<figure class=\"wp-block-image size-large\"><img data-recalc-dims=\"1\" loading=\"lazy\" decoding=\"async\" width=\"1080\" height=\"1080\" data-attachment-id=\"1714\" data-permalink=\"https:\/\/pastoralrmi.com\/es\/retiro-de-cuaresma\/3-2\/\" data-orig-file=\"https:\/\/i0.wp.com\/pastoralrmi.com\/wp-content\/uploads\/2024\/06\/3.png?fit=1080%2C1080&amp;ssl=1\" data-orig-size=\"1080,1080\" data-comments-opened=\"1\" data-image-meta=\"{&quot;aperture&quot;:&quot;0&quot;,&quot;credit&quot;:&quot;&quot;,&quot;camera&quot;:&quot;&quot;,&quot;caption&quot;:&quot;&quot;,&quot;created_timestamp&quot;:&quot;0&quot;,&quot;copyright&quot;:&quot;&quot;,&quot;focal_length&quot;:&quot;0&quot;,&quot;iso&quot;:&quot;0&quot;,&quot;shutter_speed&quot;:&quot;0&quot;,&quot;title&quot;:&quot;&quot;,&quot;orientation&quot;:&quot;0&quot;}\" data-image-title=\"3\" data-image-description=\"\" data-image-caption=\"\" data-large-file=\"https:\/\/i0.wp.com\/pastoralrmi.com\/wp-content\/uploads\/2024\/06\/3.png?fit=1024%2C1024&amp;ssl=1\" src=\"https:\/\/i0.wp.com\/pastoralrmi.com\/wp-content\/uploads\/2024\/06\/3.png?resize=1080%2C1080&#038;ssl=1\" alt=\"\" class=\"wp-image-1714\" \/><\/figure>\n\n\n\n<p class=\"wp-block-paragraph\">Es importante releer nuestra historia junto a Jes\u00fas: la historia de nuestra vida, de un cierto periodo, de nuestras jornadas, con las desilusiones y las esperanzas. Tambi\u00e9n nosotros, como aquellos disc\u00edpulos, podemos encontrarnos perdidos en medio de los acontecimientos, solos y sin certezas, con muchas preguntas y preocupaciones\u201d Los disc\u00edpulos iban juntos, pero se sent\u00edan profundamente solos.<\/p>\n\n\n\n<p class=\"wp-block-paragraph\">Te invito a orar, pero esta vez es Jes\u00fas quien habla contigo, quien cuenta tu historia, quien va desenrollando el ovillo de tu vida para que descubras como ha ido entretejiendo tu vida, con otras personas, acontecimientos, situaciones que suman, que fortalece, que hacen que seas la persona que hoy est\u00e1 aqu\u00ed, decidiendo pasar un d\u00eda, una tarde junto a \u00c9l, dispuesta a cambiar, mejorar todo aquello que empa\u00f1a quien eres.<\/p>\n\n\n\n<h6 class=\"wp-block-heading\">Vuelve al evangelio, imagina que tu eres uno de los disc\u00edpulos y en el silencio imagina como Jes\u00fas te cuenta su historia y la tuya\u2026 Puedes escribir lo que sientes, lo que te dice, lo que le cuentas m\u00e1s importante, aquellos instantes que fueron decisivos en tu vida.<\/h6>\n\n\n\n<div class=\"wp-block-group alignfull has-global-padding is-content-justification-center is-layout-constrained wp-container-core-group-is-layout-92d3b899 wp-block-group-is-layout-constrained\" style=\"margin-top:0;margin-bottom:0;padding-top:calc( 0.5 * var(--wp--style--root--padding-right, var(--wp--custom--gap--horizontal)));padding-right:var(--wp--style--root--padding-right, var(--wp--custom--gap--horizontal));padding-bottom:calc( 0.5 * var(--wp--style--root--padding-right, var(--wp--custom--gap--horizontal)));padding-left:var(--wp--style--root--padding-left, var(--wp--custom--gap--horizontal))\">\n<div style=\"height:calc( 0.25 * var(--wp--style--root--padding-right, var(--wp--custom--gap--horizontal)))\" aria-hidden=\"true\" class=\"wp-block-spacer\"><\/div>\n\n\n\n<div class=\"wp-block-columns alignwide is-layout-flex wp-container-core-columns-is-layout-9b7bffa5 wp-block-columns-is-layout-flex\">\n<div class=\"wp-block-column is-layout-flow wp-block-column-is-layout-flow\">\n<div style=\"margin-top:0;margin-bottom:0;height:var(--wp--preset--spacing--10)\" aria-hidden=\"true\" class=\"wp-block-spacer\"><\/div>\n<\/div>\n\n\n\n<div class=\"wp-block-column is-layout-flow wp-container-core-column-is-layout-835debf9 wp-block-column-is-layout-flow\">\n<div class=\"wp-block-group is-vertical is-layout-flex wp-container-core-group-is-layout-e4606f40 wp-block-group-is-layout-flex\">\n<p class=\"wp-block-paragraph\">Empieza el tiempo de las opciones arriesgadas, tomar decisiones v\u00e1lidas,<br>estables y bien fundadas, desear cambiar, mejorar, superar retos. La cuaresma es<br>tiempo de pararse, mirar, proponerse en qu\u00e9 mejorar y ponerse manos a ello, por qu\u00e9 \u201cno ard\u00eda vuestro coraz\u00f3n\u201d<\/p>\n<\/div>\n\n\n\n<div style=\"height:56px\" aria-hidden=\"true\" class=\"wp-block-spacer\"><\/div>\n<\/div>\n<\/div>\n\n\n\n<div style=\"height:calc( 0.25 * var(--wp--style--root--padding-right, var(--wp--custom--gap--horizontal)))\" aria-hidden=\"true\" class=\"wp-block-spacer\"><\/div>\n<\/div>\n\n\n\n<div class=\"wp-block-group has-global-padding is-content-justification-center is-layout-constrained wp-block-group-is-layout-constrained\">\n<p class=\"wp-block-paragraph\">En <em>Desc\u00e1rgate<\/em> podr\u00e1s encontrar los materiales del <strong>Retiro de Cuaresma<\/strong><\/p>\n\n\n<div class=\"wp-block-jetpack-rating-star is-style-filled\" style=\"text-align:left\" itemprop=\"reviewRating\" itemscope itemtype=\"http:\/\/schema.org\/Rating\"><p><span aria-hidden=\"true\">\u2b50<\/span><span aria-hidden=\"true\">\u2b50<\/span><span aria-hidden=\"true\">\u2b50<\/span><span aria-hidden=\"true\">\u2b50<\/span><span aria-hidden=\"true\">\u2b50<\/span><\/p><span style=\"display: none;\" itemprop=\"worstRating\" content=\"0.5\"><span>\n<svg xmlns=\"http:\/\/www.w3.org\/2000\/svg\" width=\"24\" height=\"24\" viewBox=\"0 0 24 24\">\n\t<path class=\"\" fill=\"currentColor\" stroke=\"currentColor\" d=\"M12,17.3l6.2,3.7l-1.6-7L22,9.2l-7.2-0.6L12,2L9.2,8.6L2,9.2L7.5,14l-1.6,7L12,17.3z\" \/>\n<\/svg>\n<\/span>\n<span>\n<svg xmlns=\"http:\/\/www.w3.org\/2000\/svg\" width=\"24\" height=\"24\" viewBox=\"0 0 24 24\">\n\t<path class=\"\" fill=\"currentColor\" stroke=\"currentColor\" d=\"M12,17.3l6.2,3.7l-1.6-7L22,9.2l-7.2-0.6L12,2L9.2,8.6L2,9.2L7.5,14l-1.6,7L12,17.3z\" \/>\n<\/svg>\n<\/span><\/span><span style=\"display: none;\" ><span>\n<svg xmlns=\"http:\/\/www.w3.org\/2000\/svg\" width=\"24\" height=\"24\" viewBox=\"0 0 24 24\">\n\t<path class=\"\" fill=\"currentColor\" stroke=\"currentColor\" d=\"M12,17.3l6.2,3.7l-1.6-7L22,9.2l-7.2-0.6L12,2L9.2,8.6L2,9.2L7.5,14l-1.6,7L12,17.3z\" \/>\n<\/svg>\n<\/span>\n<span>\n<svg xmlns=\"http:\/\/www.w3.org\/2000\/svg\" width=\"24\" height=\"24\" viewBox=\"0 0 24 24\">\n\t<path class=\"\" fill=\"currentColor\" stroke=\"currentColor\" d=\"M12,17.3l6.2,3.7l-1.6-7L22,9.2l-7.2-0.6L12,2L9.2,8.6L2,9.2L7.5,14l-1.6,7L12,17.3z\" \/>\n<\/svg>\n<\/span><\/span><span style=\"display: none;\" ><span>\n<svg xmlns=\"http:\/\/www.w3.org\/2000\/svg\" width=\"24\" height=\"24\" viewBox=\"0 0 24 24\">\n\t<path class=\"\" fill=\"currentColor\" stroke=\"currentColor\" d=\"M12,17.3l6.2,3.7l-1.6-7L22,9.2l-7.2-0.6L12,2L9.2,8.6L2,9.2L7.5,14l-1.6,7L12,17.3z\" \/>\n<\/svg>\n<\/span>\n<span>\n<svg xmlns=\"http:\/\/www.w3.org\/2000\/svg\" width=\"24\" height=\"24\" viewBox=\"0 0 24 24\">\n\t<path class=\"\" fill=\"currentColor\" stroke=\"currentColor\" d=\"M12,17.3l6.2,3.7l-1.6-7L22,9.2l-7.2-0.6L12,2L9.2,8.6L2,9.2L7.5,14l-1.6,7L12,17.3z\" \/>\n<\/svg>\n<\/span><\/span><span style=\"display: none;\" ><span>\n<svg xmlns=\"http:\/\/www.w3.org\/2000\/svg\" width=\"24\" height=\"24\" viewBox=\"0 0 24 24\">\n\t<path class=\"\" fill=\"currentColor\" stroke=\"currentColor\" d=\"M12,17.3l6.2,3.7l-1.6-7L22,9.2l-7.2-0.6L12,2L9.2,8.6L2,9.2L7.5,14l-1.6,7L12,17.3z\" \/>\n<\/svg>\n<\/span>\n<span>\n<svg xmlns=\"http:\/\/www.w3.org\/2000\/svg\" width=\"24\" height=\"24\" viewBox=\"0 0 24 24\">\n\t<path class=\"\" fill=\"currentColor\" stroke=\"currentColor\" d=\"M12,17.3l6.2,3.7l-1.6-7L22,9.2l-7.2-0.6L12,2L9.2,8.6L2,9.2L7.5,14l-1.6,7L12,17.3z\" \/>\n<\/svg>\n<\/span><\/span><span style=\"display: none;\" itemprop=\"bestRating\" content=\"5\"><span>\n<svg xmlns=\"http:\/\/www.w3.org\/2000\/svg\" width=\"24\" height=\"24\" viewBox=\"0 0 24 24\">\n\t<path class=\"\" fill=\"currentColor\" stroke=\"currentColor\" d=\"M12,17.3l6.2,3.7l-1.6-7L22,9.2l-7.2-0.6L12,2L9.2,8.6L2,9.2L7.5,14l-1.6,7L12,17.3z\" \/>\n<\/svg>\n<\/span>\n<span>\n<svg xmlns=\"http:\/\/www.w3.org\/2000\/svg\" width=\"24\" height=\"24\" viewBox=\"0 0 24 24\">\n\t<path class=\"\" fill=\"currentColor\" stroke=\"currentColor\" d=\"M12,17.3l6.2,3.7l-1.6-7L22,9.2l-7.2-0.6L12,2L9.2,8.6L2,9.2L7.5,14l-1.6,7L12,17.3z\" \/>\n<\/svg>\n<\/span><\/span><span itemprop=\"ratingValue\" class=\"screen-reader-text\" content=\"5\">Puntuaci\u00f3n: 5 de 5.<\/span><\/div>\n\n\n<p class=\"has-small-font-size wp-block-paragraph\">Desc\u00e1rgate el<strong> Retiro de Cuaresma<\/strong>:<\/p>\n\n\n\n<div class=\"wp-block-file\"><a id=\"wp-block-file--media-0fe9a97f-50e8-42ed-b9f6-c8eafd47dd32\" href=\"https:\/\/pastoralrmi.com\/wp-content\/uploads\/2024\/06\/orientaciones-retiro-1.pdf\">Orientaciones retiro (1)<\/a><a href=\"https:\/\/pastoralrmi.com\/wp-content\/uploads\/2024\/06\/orientaciones-retiro-1.pdf\" class=\"wp-block-file__button wp-element-button\" download aria-describedby=\"wp-block-file--media-0fe9a97f-50e8-42ed-b9f6-c8eafd47dd32\">Descarga<\/a><\/div>\n<\/div>\n","protected":false},"excerpt":{"rendered":"<p>Empieza el tiempo de las opciones arriesgadas, tomar decisiones v\u00e1lidas,<br \/>\nestables y bien fundadas, desear cambiar, mejorar, superar retos. La cuaresma es<br \/>\ntiempo de pararse, mirar, proponerse en qu\u00e9 mejorar y ponerse manos a ello, por qu\u00e9 \u201cno ard\u00eda vuestro coraz\u00f3n\u201d<\/p>\n","protected":false},"author":246329482,"featured_media":1710,"comment_status":"open","ping_status":"open","sticky":false,"template":"","format":"standard","meta":{"_eb_attr":"","_crdt_document":"","advanced_seo_description":"","jetpack_seo_html_title":"","jetpack_seo_noindex":false,"_jetpack_newsletter_access":"","_jetpack_dont_email_post_to_subs":false,"_jetpack_newsletter_tier_id":0,"_jetpack_memberships_contains_paywalled_content":false,"_jetpack_memberships_contains_paid_content":false,"footnotes":"","jetpack_publicize_message":"","jetpack_publicize_feature_enabled":true,"jetpack_social_post_already_shared":false,"jetpack_social_options":{"image_generator_settings":{"template":"highway","default_image_id":0,"font":"","enabled":false},"version":2},"_wpas_customize_per_network":false,"jetpack_post_was_ever_published":false},"categories":[419135,772356369,772356208,13076062],"tags":[],"class_list":["post-1707","post","type-post","status-publish","format-standard","has-post-thumbnail","hentry","category-comprender","category-cuaresma","category-oraciones-retiros","category-tiempos-liturgicos"],"jetpack_publicize_connections":[],"jetpack_featured_media_url":"https:\/\/i0.wp.com\/pastoralrmi.com\/wp-content\/uploads\/2024\/06\/1.png?fit=1080%2C1080&ssl=1","jetpack_likes_enabled":true,"jetpack_sharing_enabled":true,"jetpack_shortlink":"https:\/\/wp.me\/pfvk8v-rx","jetpack-related-posts":[{"id":6658,"url":"https:\/\/pastoralrmi.com\/es\/cuaresma-rmi-2026\/","url_meta":{"origin":1707,"position":0},"title":"Cuaresma RMI 2026","author":"Blog de pastoral Provincia Iberica","date":"12 de febrero de 2026","format":false,"excerpt":"Para volver a nuestras ra\u00edces\u00a0 -a Dios, a lo mejor de nosotros mismos-\u00a0 y, en consecuencia, tambi\u00e9n a los dem\u00e1s. Un d\u00eda que no empieza con notificaciones, sino con una pregunta profunda: \u00bfCon qu\u00e9 \u2014y con qui\u00e9n\u2014 est\u00e1s realmente conectado? Es una pausa. Un aviso suave que nos recuerda que\u2026","rel":"","context":"En \u00abCUARESMA\u00bb","block_context":{"text":"CUARESMA","link":"https:\/\/pastoralrmi.com\/es\/category\/comprender\/tiempos-liturgicos\/cuaresma\/"},"img":{"alt_text":"old television","src":"https:\/\/i0.wp.com\/pastoralrmi.com\/wp-content\/uploads\/2026\/02\/pexels-photo-5197107.jpeg?fit=1200%2C800&ssl=1&resize=350%2C200","width":350,"height":200,"srcset":"https:\/\/i0.wp.com\/pastoralrmi.com\/wp-content\/uploads\/2026\/02\/pexels-photo-5197107.jpeg?fit=1200%2C800&ssl=1&resize=350%2C200 1x, https:\/\/i0.wp.com\/pastoralrmi.com\/wp-content\/uploads\/2026\/02\/pexels-photo-5197107.jpeg?fit=1200%2C800&ssl=1&resize=525%2C300 1.5x, https:\/\/i0.wp.com\/pastoralrmi.com\/wp-content\/uploads\/2026\/02\/pexels-photo-5197107.jpeg?fit=1200%2C800&ssl=1&resize=700%2C400 2x, https:\/\/i0.wp.com\/pastoralrmi.com\/wp-content\/uploads\/2026\/02\/pexels-photo-5197107.jpeg?fit=1200%2C800&ssl=1&resize=1050%2C600 3x"},"classes":[]},{"id":3560,"url":"https:\/\/pastoralrmi.com\/es\/cuaresma-rmi-2025\/","url_meta":{"origin":1707,"position":1},"title":"Cuaresma RMI 2025","author":"Blog de pastoral Provincia Iberica","date":"15 de febrero de 2025","format":false,"excerpt":"Un viaje espiritual de 40 d\u00edas en el que se nos invita a profundizar, rezar, redirigir. Pero \u00bfqu\u00e9 significa realmente? Es una invitaci\u00f3n a regresar a lo nuclear Necesitamos encontrarnos con lo que realmente somos, vivirnos desde all\u00ed... el evangelio nos asegura que eso que somos es belleza, verdad y\u2026","rel":"","context":"En \u00abCOMPRENDER\u00bb","block_context":{"text":"COMPRENDER","link":"https:\/\/pastoralrmi.com\/es\/category\/comprender\/"},"img":{"alt_text":"high road surrounded by green tress during daytime","src":"https:\/\/i0.wp.com\/pastoralrmi.com\/wp-content\/uploads\/2025\/02\/pexels-photo-59513.jpeg?fit=1200%2C800&ssl=1&resize=350%2C200","width":350,"height":200,"srcset":"https:\/\/i0.wp.com\/pastoralrmi.com\/wp-content\/uploads\/2025\/02\/pexels-photo-59513.jpeg?fit=1200%2C800&ssl=1&resize=350%2C200 1x, https:\/\/i0.wp.com\/pastoralrmi.com\/wp-content\/uploads\/2025\/02\/pexels-photo-59513.jpeg?fit=1200%2C800&ssl=1&resize=525%2C300 1.5x, https:\/\/i0.wp.com\/pastoralrmi.com\/wp-content\/uploads\/2025\/02\/pexels-photo-59513.jpeg?fit=1200%2C800&ssl=1&resize=700%2C400 2x, https:\/\/i0.wp.com\/pastoralrmi.com\/wp-content\/uploads\/2025\/02\/pexels-photo-59513.jpeg?fit=1200%2C800&ssl=1&resize=1050%2C600 3x"},"classes":[]},{"id":6683,"url":"https:\/\/pastoralrmi.com\/es\/tips-para-el-acompanamiento-en-esta-cuaresma\/","url_meta":{"origin":1707,"position":2},"title":"Tips para el acompa\u00f1amiento en esta Cuaresma","author":"Blog de pastoral Provincia Iberica","date":"25 de febrero de 2026","format":false,"excerpt":"En un mundo que exige rendimiento constante y perfecci\u00f3n inmediata, nuestra propuesta puede ser profundamente contracultural: detenerse, mirar y abrazar la propia verdad. Acompa\u00f1ar sin prisa, escuchar sin juicio y confiar en que el Esp\u00edritu ya habita en el coraz\u00f3n de cada joven. Esta Cuaresma puede ser menos ruido\u2026 y\u2026","rel":"","context":"En \u00abCentros educativos\u00bb","block_context":{"text":"Centros educativos","link":"https:\/\/pastoralrmi.com\/es\/category\/obras-apostolicas\/centros-educativos\/"},"img":{"alt_text":"two women walking near house","src":"https:\/\/i0.wp.com\/pastoralrmi.com\/wp-content\/uploads\/2026\/02\/pexels-photo-2305076.jpeg?fit=1200%2C805&ssl=1&resize=350%2C200","width":350,"height":200,"srcset":"https:\/\/i0.wp.com\/pastoralrmi.com\/wp-content\/uploads\/2026\/02\/pexels-photo-2305076.jpeg?fit=1200%2C805&ssl=1&resize=350%2C200 1x, https:\/\/i0.wp.com\/pastoralrmi.com\/wp-content\/uploads\/2026\/02\/pexels-photo-2305076.jpeg?fit=1200%2C805&ssl=1&resize=525%2C300 1.5x, https:\/\/i0.wp.com\/pastoralrmi.com\/wp-content\/uploads\/2026\/02\/pexels-photo-2305076.jpeg?fit=1200%2C805&ssl=1&resize=700%2C400 2x, https:\/\/i0.wp.com\/pastoralrmi.com\/wp-content\/uploads\/2026\/02\/pexels-photo-2305076.jpeg?fit=1200%2C805&ssl=1&resize=1050%2C600 3x"},"classes":[]},{"id":3112,"url":"https:\/\/pastoralrmi.com\/es\/buscamos-el-sentido-profundo-de-lo-domestico\/","url_meta":{"origin":1707,"position":3},"title":"Buscamos el sentido profundo de lo \u00abdom\u00e9stico\u00bb","author":"Blog de pastoral Provincia Iberica","date":"5 de marzo de 2025","format":false,"excerpt":"La segunda carta a los Corintios en su conjunto, cuyo extracto leemos hoy, mi\u00e9rcoles de ceniza, nos puede ayudar a la hora de contestar a lo sugiere el t\u00edtulo de la entrada. Veamos un poco de su contexto. Es una de las siete \u201caut\u00e9nticas\u201d de Pablo, aunque es muy probable\u2026","rel":"","context":"En \u00abCOMPRENDER\u00bb","block_context":{"text":"COMPRENDER","link":"https:\/\/pastoralrmi.com\/es\/category\/comprender\/"},"img":{"alt_text":"stack of towels on rack","src":"https:\/\/i0.wp.com\/pastoralrmi.com\/wp-content\/uploads\/2025\/01\/pexels-photo-271711.webp?fit=1200%2C792&ssl=1&resize=350%2C200","width":350,"height":200,"srcset":"https:\/\/i0.wp.com\/pastoralrmi.com\/wp-content\/uploads\/2025\/01\/pexels-photo-271711.webp?fit=1200%2C792&ssl=1&resize=350%2C200 1x, https:\/\/i0.wp.com\/pastoralrmi.com\/wp-content\/uploads\/2025\/01\/pexels-photo-271711.webp?fit=1200%2C792&ssl=1&resize=525%2C300 1.5x, https:\/\/i0.wp.com\/pastoralrmi.com\/wp-content\/uploads\/2025\/01\/pexels-photo-271711.webp?fit=1200%2C792&ssl=1&resize=700%2C400 2x, https:\/\/i0.wp.com\/pastoralrmi.com\/wp-content\/uploads\/2025\/01\/pexels-photo-271711.webp?fit=1200%2C792&ssl=1&resize=1050%2C600 3x"},"classes":[]},{"id":3806,"url":"https:\/\/pastoralrmi.com\/es\/tus-palabras-son-herramientas\/","url_meta":{"origin":1707,"position":4},"title":"Tus palabras son herramientas","author":"Blog de pastoral Provincia Iberica","date":"19 de marzo de 2025","format":false,"excerpt":"Nuestras palabras son herramientas de sanaci\u00f3n y creaci\u00f3n. Cada palabra tiene la capacidad de destruir o construir. Parece ser que Jes\u00fas fue muy consciente de ello. La palabra destruye cuando no est\u00e1 alineada con lo que realmente somos. Construye cuando utilizamos nuestras palabras desde ese espacio en donde nos encontramos\u2026","rel":"","context":"En \u00abCUARESMA\u00bb","block_context":{"text":"CUARESMA","link":"https:\/\/pastoralrmi.com\/es\/category\/comprender\/tiempos-liturgicos\/cuaresma\/"},"img":{"alt_text":"five assorted balloons","src":"https:\/\/i0.wp.com\/pastoralrmi.com\/wp-content\/uploads\/2025\/03\/pexels-photo-772478.jpeg?fit=1200%2C1200&ssl=1&resize=350%2C200","width":350,"height":200,"srcset":"https:\/\/i0.wp.com\/pastoralrmi.com\/wp-content\/uploads\/2025\/03\/pexels-photo-772478.jpeg?fit=1200%2C1200&ssl=1&resize=350%2C200 1x, https:\/\/i0.wp.com\/pastoralrmi.com\/wp-content\/uploads\/2025\/03\/pexels-photo-772478.jpeg?fit=1200%2C1200&ssl=1&resize=525%2C300 1.5x, https:\/\/i0.wp.com\/pastoralrmi.com\/wp-content\/uploads\/2025\/03\/pexels-photo-772478.jpeg?fit=1200%2C1200&ssl=1&resize=700%2C400 2x, https:\/\/i0.wp.com\/pastoralrmi.com\/wp-content\/uploads\/2025\/03\/pexels-photo-772478.jpeg?fit=1200%2C1200&ssl=1&resize=1050%2C600 3x"},"classes":[]},{"id":6743,"url":"https:\/\/pastoralrmi.com\/es\/anunciacion-rutinas-tenidas-de-amor\/","url_meta":{"origin":1707,"position":5},"title":"Anunciaci\u00f3n: rutinas te\u00f1idas de amor","author":"Blog de pastoral Provincia Iberica","date":"25 de marzo de 2026","format":false,"excerpt":"Hablar de rutina hoy en d\u00eda parece algo aburrido. La vida parece que debe ser fren\u00e9tica, nos impulsa a \u201csentir algo\u201d en todo momento. Las redes sociales son una buena muestra de ello, cuando pasamos cada 30 segundos de v\u00eddeo en v\u00eddeo, buscando algo que nos haga re\u00edr, emocionarnos o\u2026","rel":"","context":"En \u00abCentros educativos\u00bb","block_context":{"text":"Centros educativos","link":"https:\/\/pastoralrmi.com\/es\/category\/obras-apostolicas\/centros-educativos\/"},"img":{"alt_text":"abstract blue archway against beige background","src":"https:\/\/i0.wp.com\/pastoralrmi.com\/wp-content\/uploads\/2026\/03\/pexels-photo-32207995.jpeg?fit=1200%2C800&ssl=1&resize=350%2C200","width":350,"height":200,"srcset":"https:\/\/i0.wp.com\/pastoralrmi.com\/wp-content\/uploads\/2026\/03\/pexels-photo-32207995.jpeg?fit=1200%2C800&ssl=1&resize=350%2C200 1x, https:\/\/i0.wp.com\/pastoralrmi.com\/wp-content\/uploads\/2026\/03\/pexels-photo-32207995.jpeg?fit=1200%2C800&ssl=1&resize=525%2C300 1.5x, https:\/\/i0.wp.com\/pastoralrmi.com\/wp-content\/uploads\/2026\/03\/pexels-photo-32207995.jpeg?fit=1200%2C800&ssl=1&resize=700%2C400 2x, https:\/\/i0.wp.com\/pastoralrmi.com\/wp-content\/uploads\/2026\/03\/pexels-photo-32207995.jpeg?fit=1200%2C800&ssl=1&resize=1050%2C600 3x"},"classes":[]}],"_links":{"self":[{"href":"https:\/\/pastoralrmi.com\/es\/wp-json\/wp\/v2\/posts\/1707","targetHints":{"allow":["GET"]}}],"collection":[{"href":"https:\/\/pastoralrmi.com\/es\/wp-json\/wp\/v2\/posts"}],"about":[{"href":"https:\/\/pastoralrmi.com\/es\/wp-json\/wp\/v2\/types\/post"}],"author":[{"embeddable":true,"href":"https:\/\/pastoralrmi.com\/es\/wp-json\/wp\/v2\/users\/246329482"}],"replies":[{"embeddable":true,"href":"https:\/\/pastoralrmi.com\/es\/wp-json\/wp\/v2\/comments?post=1707"}],"version-history":[{"count":11,"href":"https:\/\/pastoralrmi.com\/es\/wp-json\/wp\/v2\/posts\/1707\/revisions"}],"predecessor-version":[{"id":1728,"href":"https:\/\/pastoralrmi.com\/es\/wp-json\/wp\/v2\/posts\/1707\/revisions\/1728"}],"wp:featuredmedia":[{"embeddable":true,"href":"https:\/\/pastoralrmi.com\/es\/wp-json\/wp\/v2\/media\/1710"}],"wp:attachment":[{"href":"https:\/\/pastoralrmi.com\/es\/wp-json\/wp\/v2\/media?parent=1707"}],"wp:term":[{"taxonomy":"category","embeddable":true,"href":"https:\/\/pastoralrmi.com\/es\/wp-json\/wp\/v2\/categories?post=1707"},{"taxonomy":"post_tag","embeddable":true,"href":"https:\/\/pastoralrmi.com\/es\/wp-json\/wp\/v2\/tags?post=1707"}],"curies":[{"name":"wp","href":"https:\/\/api.w.org\/{rel}","templated":true}]}}