{"id":2504,"date":"2024-11-27T12:00:00","date_gmt":"2024-11-27T11:00:00","guid":{"rendered":"https:\/\/pastoralrmi.com\/?p=2504"},"modified":"2024-11-27T10:03:44","modified_gmt":"2024-11-27T09:03:44","slug":"al-hilo-del-carisma-y-la-presencia","status":"publish","type":"post","link":"https:\/\/pastoralrmi.com\/es\/al-hilo-del-carisma-y-la-presencia\/","title":{"rendered":"Al hilo del carisma y la presencia"},"content":{"rendered":"\n<p class=\"wp-block-paragraph\">Han pasado 156 a\u00f1os desde que VICENTA MAR\u00cdA escrib\u00eda a su padre en Cascante:<\/p>\n\n\n\n<blockquote class=\"wp-block-quote is-layout-flow wp-block-quote-is-layout-flow\">\n<p class=\"wp-block-paragraph\">\u00a1Esta obra que hace tantos a\u00f1os se viene en ella trabajando, y ahora es cuando se empieza a verla nacer y que promete tanto fruto!.<\/p>\n<\/blockquote>\n\n\n\n<p class=\"wp-block-paragraph\">Comenz\u00f3 como un boceto de vida, con un Eje principal como punto de fuga, nuestro Centro, Dios\u2026 <strong>Hoy es un hilo de bien<\/strong> que palpamos sobradamente, con la mirada puesta en aquellos trazos firmes del Esp\u00edritu donde las primeras hermanas ten\u00edan atenta su mirada y agudizaban su o\u00eddo a Su susurro. Las primeras pinceladas de este paisaje, de lo que era un carisma en potencia, como un pozo de infinita agua pura a\u00fan por explorar, se un\u00edan a las dificultades, vividas con gozo por ellas, con la certeza de que \u201c<strong>nuestras cosas<\/strong> <strong>van con el sello de ser de Dios<\/strong>\u201d.<\/p>\n\n\n\n<div class=\"wp-block-columns is-layout-flex wp-container-core-columns-is-layout-794e3cfa wp-block-columns-is-layout-flex\">\n<div class=\"wp-block-column is-layout-flow wp-block-column-is-layout-flow\">\n<p class=\"wp-block-paragraph\">Siento que lo que ellas quer\u00edan transmitirnos era que <strong>todo lo que ocurre es un instrumento<\/strong>. Todo se nos fue regalando, en cascada, hasta hoy, como cuando un artesano coge el trozo de arcilla entre sus manos, puro, sin forma, \u00e1spero pero lleno de posibilidades y donde todo tiende a aprovecharse. <\/p>\n<\/div>\n\n\n\n<div class=\"wp-block-column is-layout-flow wp-block-column-is-layout-flow\">\n<p class=\"wp-block-paragraph\">As\u00ed el carisma ha caminado \u201cde puntillas\u201d a lo largo de la historia, para que lo transmutemos a todos los que hemos sido rozados por su gracia. Laicas, laicos y religiosas seguimos encarnando a Vicenta Mar\u00eda<strong> <\/strong>de tantos modos. Se nos conmueven las entra\u00f1as al pensar con ella que \u201cno hay m\u00e1s remedio que hacer que la gente joven se haga fuerte\u201d.<\/p>\n<\/div>\n<\/div>\n\n\n\n<div class=\"wp-block-group alignfull has-global-padding is-content-justification-center is-layout-constrained wp-container-core-group-is-layout-92d3b899 wp-block-group-is-layout-constrained\" style=\"margin-top:0;margin-bottom:0;padding-top:calc( 0.5 * var(--wp--style--root--padding-right, var(--wp--custom--gap--horizontal)));padding-right:var(--wp--style--root--padding-right, var(--wp--custom--gap--horizontal));padding-bottom:calc( 0.5 * var(--wp--style--root--padding-right, var(--wp--custom--gap--horizontal)));padding-left:var(--wp--style--root--padding-left, var(--wp--custom--gap--horizontal))\">\n<div style=\"height:calc( 0.25 * var(--wp--style--root--padding-right, var(--wp--custom--gap--horizontal)))\" aria-hidden=\"true\" class=\"wp-block-spacer\"><\/div>\n\n\n\n<p class=\"wp-block-paragraph\">Cada cual, desde su vocaci\u00f3n espec\u00edfica, extiende el aroma del bien a los j\u00f3venes que llenan nuestras obras como un \u00f3leo de bendici\u00f3n que unge cuanto encuentra a su paso. El carisma es una PRESENCIA VIVA que nos impulsa a acoger, prevenir y promover: esos tres verbos en infinitivo y que nunca cesar\u00e1n de conjugarse. <\/p>\n\n\n\n<h2 class=\"wp-block-heading\">Intuyendo el devenir<\/h2>\n\n\n\n<p class=\"wp-block-paragraph\">Al igual que el Evangelio no pasa, ya pasen los siglos y permanece, las palabras de Vicenta Mar\u00eda son eternas y la letra que se destilaba de su pluma es como un b\u00e1lsamo que impregna a la familia RMI, <strong>que intu\u00eda el devenir, latente en las diferentes \u00e9pocas.<\/strong><\/p>\n\n\n\n<div style=\"height:var(--wp--preset--spacing--40)\" aria-hidden=\"true\" class=\"wp-block-spacer\"><\/div>\n\n\n\n<div class=\"wp-block-columns alignwide is-layout-flex wp-container-core-columns-is-layout-a78f41f9 wp-block-columns-is-layout-flex\">\n<div class=\"wp-block-column is-layout-flow wp-container-core-column-is-layout-339f7bcf wp-block-column-is-layout-flow\">\n<figure data-wp-context=\"{&quot;imageId&quot;:&quot;69f5ed84667d7&quot;}\" data-wp-interactive=\"core\/image\" data-wp-key=\"69f5ed84667d7\" class=\"wp-block-image size-full wp-lightbox-container\"><img data-recalc-dims=\"1\" loading=\"lazy\" decoding=\"async\" width=\"1880\" height=\"1253\" data-attachment-id=\"2520\" data-permalink=\"https:\/\/pastoralrmi.com\/es\/al-hilo-del-carisma-y-la-presencia\/pexels-photo-1330029\/\" data-orig-file=\"https:\/\/i0.wp.com\/pastoralrmi.com\/wp-content\/uploads\/2024\/11\/pexels-photo-1330029.jpeg?fit=1880%2C1253&amp;ssl=1\" data-orig-size=\"1880,1253\" data-comments-opened=\"1\" data-image-meta=\"{&quot;aperture&quot;:&quot;0&quot;,&quot;credit&quot;:&quot;&quot;,&quot;camera&quot;:&quot;&quot;,&quot;caption&quot;:&quot;Photo by Lisa Fotios on &lt;a href=\\&quot;https:\/\/www.pexels.com\/photo\/person-holding-white-feather-in-selective-focus-photography-1330029\/\\&quot; rel=\\&quot;nofollow\\&quot;&gt;Pexels.com&lt;\/a&gt;&quot;,&quot;created_timestamp&quot;:&quot;0&quot;,&quot;copyright&quot;:&quot;&quot;,&quot;focal_length&quot;:&quot;0&quot;,&quot;iso&quot;:&quot;0&quot;,&quot;shutter_speed&quot;:&quot;0&quot;,&quot;title&quot;:&quot;person holding white feather in selective focus photography&quot;,&quot;orientation&quot;:&quot;0&quot;}\" data-image-title=\"pexels-photo-1330029\" data-image-description=\"\" data-image-caption=\"&lt;p&gt;Photo by Lisa Fotios on &lt;a href=&quot;https:\/\/www.pexels.com\/photo\/person-holding-white-feather-in-selective-focus-photography-1330029\/&quot; rel=&quot;nofollow&quot;&gt;Pexels.com&lt;\/a&gt;&lt;\/p&gt;\n\" data-large-file=\"https:\/\/i0.wp.com\/pastoralrmi.com\/wp-content\/uploads\/2024\/11\/pexels-photo-1330029.jpeg?fit=1024%2C682&amp;ssl=1\" data-wp-class--hide=\"state.isContentHidden\" data-wp-class--show=\"state.isContentVisible\" data-wp-init=\"callbacks.setButtonStyles\" data-wp-on--click=\"actions.showLightbox\" data-wp-on--load=\"callbacks.setButtonStyles\" data-wp-on--pointerdown=\"actions.preloadImage\" data-wp-on--pointerenter=\"actions.preloadImageWithDelay\" data-wp-on--pointerleave=\"actions.cancelPreload\" data-wp-on-window--resize=\"callbacks.setButtonStyles\" src=\"https:\/\/i0.wp.com\/pastoralrmi.com\/wp-content\/uploads\/2024\/11\/pexels-photo-1330029.jpeg?resize=1880%2C1253&#038;ssl=1\" alt=\"person holding white feather in selective focus photography\" class=\"wp-image-2520\" style=\"aspect-ratio:3\/4;object-fit:cover\" srcset=\"https:\/\/i0.wp.com\/pastoralrmi.com\/wp-content\/uploads\/2024\/11\/pexels-photo-1330029.jpeg?w=1880&amp;ssl=1 1880w, https:\/\/i0.wp.com\/pastoralrmi.com\/wp-content\/uploads\/2024\/11\/pexels-photo-1330029.jpeg?resize=300%2C200&amp;ssl=1 300w, https:\/\/i0.wp.com\/pastoralrmi.com\/wp-content\/uploads\/2024\/11\/pexels-photo-1330029.jpeg?resize=1024%2C682&amp;ssl=1 1024w, https:\/\/i0.wp.com\/pastoralrmi.com\/wp-content\/uploads\/2024\/11\/pexels-photo-1330029.jpeg?resize=150%2C100&amp;ssl=1 150w, https:\/\/i0.wp.com\/pastoralrmi.com\/wp-content\/uploads\/2024\/11\/pexels-photo-1330029.jpeg?resize=768%2C512&amp;ssl=1 768w, https:\/\/i0.wp.com\/pastoralrmi.com\/wp-content\/uploads\/2024\/11\/pexels-photo-1330029.jpeg?resize=1536%2C1024&amp;ssl=1 1536w, https:\/\/i0.wp.com\/pastoralrmi.com\/wp-content\/uploads\/2024\/11\/pexels-photo-1330029.jpeg?resize=18%2C12&amp;ssl=1 18w, https:\/\/i0.wp.com\/pastoralrmi.com\/wp-content\/uploads\/2024\/11\/pexels-photo-1330029.jpeg?resize=1200%2C800&amp;ssl=1 1200w\" sizes=\"auto, (max-width: 1000px) 100vw, 1000px\" \/><button\n\t\t\tclass=\"lightbox-trigger\"\n\t\t\ttype=\"button\"\n\t\t\taria-haspopup=\"dialog\"\n\t\t\tdata-wp-bind--aria-label=\"state.thisImage.triggerButtonAriaLabel\"\n\t\t\tdata-wp-init=\"callbacks.initTriggerButton\"\n\t\t\tdata-wp-on--click=\"actions.showLightbox\"\n\t\t\tdata-wp-style--right=\"state.thisImage.buttonRight\"\n\t\t\tdata-wp-style--top=\"state.thisImage.buttonTop\"\n\t\t>\n\t\t\t<svg xmlns=\"http:\/\/www.w3.org\/2000\/svg\" width=\"12\" height=\"12\" fill=\"none\" viewBox=\"0 0 12 12\">\n\t\t\t\t<path fill=\"#fff\" d=\"M2 0a2 2 0 0 0-2 2v2h1.5V2a.5.5 0 0 1 .5-.5h2V0H2Zm2 10.5H2a.5.5 0 0 1-.5-.5V8H0v2a2 2 0 0 0 2 2h2v-1.5ZM8 12v-1.5h2a.5.5 0 0 0 .5-.5V8H12v2a2 2 0 0 1-2 2H8Zm2-12a2 2 0 0 1 2 2v2h-1.5V2a.5.5 0 0 0-.5-.5H8V0h2Z\" \/>\n\t\t\t<\/svg>\n\t\t<\/button><\/figure>\n\n\n\n<p class=\"wp-block-paragraph\">\u00a1Qu\u00e9 frescor cotidiano los j\u00f3venes con los que compartimos la vida y la misi\u00f3n! Y cu\u00e1ntas ahora est\u00e1n \u201cempacando\u201d una maleta, cual hatillo, para pasar una frontera y escuchar nuestro nombre en alg\u00fan rinc\u00f3n de la ciudad, esperando consuelo y apoyo, \u201cpor la necesidad que en esta Capital hay de auxiliar a tantas muchachas como vienen a servir, y los peligros que hay en ella, adem\u00e1s de la esperanza de que pudiera sostenerse mejor que en ninguna parte, porque todo prospera y tiene vida\u201d.<\/p>\n<\/div>\n\n\n\n<div class=\"wp-block-column is-layout-flow wp-container-core-column-is-layout-339f7bcf wp-block-column-is-layout-flow\">\n<figure data-wp-context=\"{&quot;imageId&quot;:&quot;69f5ed846730f&quot;}\" data-wp-interactive=\"core\/image\" data-wp-key=\"69f5ed846730f\" class=\"wp-block-image size-full wp-lightbox-container\"><img data-recalc-dims=\"1\" loading=\"lazy\" decoding=\"async\" width=\"1880\" height=\"1248\" data-attachment-id=\"2553\" data-permalink=\"https:\/\/pastoralrmi.com\/es\/al-hilo-del-carisma-y-la-presencia\/pexels-photo-159983\/\" data-orig-file=\"https:\/\/i0.wp.com\/pastoralrmi.com\/wp-content\/uploads\/2024\/11\/pexels-photo-159983.jpeg?fit=1880%2C1248&amp;ssl=1\" data-orig-size=\"1880,1248\" data-comments-opened=\"1\" data-image-meta=\"{&quot;aperture&quot;:&quot;0&quot;,&quot;credit&quot;:&quot;&quot;,&quot;camera&quot;:&quot;&quot;,&quot;caption&quot;:&quot;Photo by Alicia Zinn on &lt;a href=\\&quot;https:\/\/www.pexels.com\/photo\/woman-with-red-nails-painting-green-stripe-on-canvas-159983\/\\&quot; rel=\\&quot;nofollow\\&quot;&gt;Pexels.com&lt;\/a&gt;&quot;,&quot;created_timestamp&quot;:&quot;0&quot;,&quot;copyright&quot;:&quot;&quot;,&quot;focal_length&quot;:&quot;0&quot;,&quot;iso&quot;:&quot;0&quot;,&quot;shutter_speed&quot;:&quot;0&quot;,&quot;title&quot;:&quot;woman with red nails painting green stripe on canvas&quot;,&quot;orientation&quot;:&quot;0&quot;}\" data-image-title=\"pexels-photo-159983\" data-image-description=\"\" data-image-caption=\"&lt;p&gt;Photo by Alicia Zinn on &lt;a href=&quot;https:\/\/www.pexels.com\/photo\/woman-with-red-nails-painting-green-stripe-on-canvas-159983\/&quot; rel=&quot;nofollow&quot;&gt;Pexels.com&lt;\/a&gt;&lt;\/p&gt;\n\" data-large-file=\"https:\/\/i0.wp.com\/pastoralrmi.com\/wp-content\/uploads\/2024\/11\/pexels-photo-159983.jpeg?fit=1024%2C680&amp;ssl=1\" data-wp-class--hide=\"state.isContentHidden\" data-wp-class--show=\"state.isContentVisible\" data-wp-init=\"callbacks.setButtonStyles\" data-wp-on--click=\"actions.showLightbox\" data-wp-on--load=\"callbacks.setButtonStyles\" data-wp-on--pointerdown=\"actions.preloadImage\" data-wp-on--pointerenter=\"actions.preloadImageWithDelay\" data-wp-on--pointerleave=\"actions.cancelPreload\" data-wp-on-window--resize=\"callbacks.setButtonStyles\" src=\"https:\/\/i0.wp.com\/pastoralrmi.com\/wp-content\/uploads\/2024\/11\/pexels-photo-159983.jpeg?resize=1880%2C1248&#038;ssl=1\" alt=\"woman with red nails painting green stripe on canvas\" class=\"wp-image-2553\" style=\"aspect-ratio:3\/2;object-fit:cover\" srcset=\"https:\/\/i0.wp.com\/pastoralrmi.com\/wp-content\/uploads\/2024\/11\/pexels-photo-159983.jpeg?w=1880&amp;ssl=1 1880w, https:\/\/i0.wp.com\/pastoralrmi.com\/wp-content\/uploads\/2024\/11\/pexels-photo-159983.jpeg?resize=300%2C199&amp;ssl=1 300w, https:\/\/i0.wp.com\/pastoralrmi.com\/wp-content\/uploads\/2024\/11\/pexels-photo-159983.jpeg?resize=1024%2C680&amp;ssl=1 1024w, https:\/\/i0.wp.com\/pastoralrmi.com\/wp-content\/uploads\/2024\/11\/pexels-photo-159983.jpeg?resize=150%2C100&amp;ssl=1 150w, https:\/\/i0.wp.com\/pastoralrmi.com\/wp-content\/uploads\/2024\/11\/pexels-photo-159983.jpeg?resize=768%2C510&amp;ssl=1 768w, https:\/\/i0.wp.com\/pastoralrmi.com\/wp-content\/uploads\/2024\/11\/pexels-photo-159983.jpeg?resize=1536%2C1020&amp;ssl=1 1536w, https:\/\/i0.wp.com\/pastoralrmi.com\/wp-content\/uploads\/2024\/11\/pexels-photo-159983.jpeg?resize=18%2C12&amp;ssl=1 18w, https:\/\/i0.wp.com\/pastoralrmi.com\/wp-content\/uploads\/2024\/11\/pexels-photo-159983.jpeg?resize=1200%2C797&amp;ssl=1 1200w\" sizes=\"auto, (max-width: 1000px) 100vw, 1000px\" \/><button\n\t\t\tclass=\"lightbox-trigger\"\n\t\t\ttype=\"button\"\n\t\t\taria-haspopup=\"dialog\"\n\t\t\tdata-wp-bind--aria-label=\"state.thisImage.triggerButtonAriaLabel\"\n\t\t\tdata-wp-init=\"callbacks.initTriggerButton\"\n\t\t\tdata-wp-on--click=\"actions.showLightbox\"\n\t\t\tdata-wp-style--right=\"state.thisImage.buttonRight\"\n\t\t\tdata-wp-style--top=\"state.thisImage.buttonTop\"\n\t\t>\n\t\t\t<svg xmlns=\"http:\/\/www.w3.org\/2000\/svg\" width=\"12\" height=\"12\" fill=\"none\" viewBox=\"0 0 12 12\">\n\t\t\t\t<path fill=\"#fff\" d=\"M2 0a2 2 0 0 0-2 2v2h1.5V2a.5.5 0 0 1 .5-.5h2V0H2Zm2 10.5H2a.5.5 0 0 1-.5-.5V8H0v2a2 2 0 0 0 2 2h2v-1.5ZM8 12v-1.5h2a.5.5 0 0 0 .5-.5V8H12v2a2 2 0 0 1-2 2H8Zm2-12a2 2 0 0 1 2 2v2h-1.5V2a.5.5 0 0 0-.5-.5H8V0h2Z\" \/>\n\t\t\t<\/svg>\n\t\t<\/button><\/figure>\n\n\n\n<figure data-wp-context=\"{&quot;imageId&quot;:&quot;69f5ed8467be0&quot;}\" data-wp-interactive=\"core\/image\" data-wp-key=\"69f5ed8467be0\" class=\"wp-block-image size-full wp-lightbox-container\"><img data-recalc-dims=\"1\" loading=\"lazy\" decoding=\"async\" width=\"1880\" height=\"1253\" data-attachment-id=\"2557\" data-permalink=\"https:\/\/pastoralrmi.com\/es\/al-hilo-del-carisma-y-la-presencia\/pexels-photo-133682\/\" data-orig-file=\"https:\/\/i0.wp.com\/pastoralrmi.com\/wp-content\/uploads\/2024\/11\/pexels-photo-133682.jpeg?fit=1880%2C1253&amp;ssl=1\" data-orig-size=\"1880,1253\" data-comments-opened=\"1\" data-image-meta=\"{&quot;aperture&quot;:&quot;0&quot;,&quot;credit&quot;:&quot;&quot;,&quot;camera&quot;:&quot;&quot;,&quot;caption&quot;:&quot;Photo by Mabel Amber on &lt;a href=\\&quot;https:\/\/www.pexels.com\/photo\/body-of-water-at-daytime-133682\/\\&quot; rel=\\&quot;nofollow\\&quot;&gt;Pexels.com&lt;\/a&gt;&quot;,&quot;created_timestamp&quot;:&quot;0&quot;,&quot;copyright&quot;:&quot;&quot;,&quot;focal_length&quot;:&quot;0&quot;,&quot;iso&quot;:&quot;0&quot;,&quot;shutter_speed&quot;:&quot;0&quot;,&quot;title&quot;:&quot;body of water at daytime&quot;,&quot;orientation&quot;:&quot;0&quot;}\" data-image-title=\"pexels-photo-133682\" data-image-description=\"\" data-image-caption=\"&lt;p&gt;Photo by Mabel Amber on &lt;a href=&quot;https:\/\/www.pexels.com\/photo\/body-of-water-at-daytime-133682\/&quot; rel=&quot;nofollow&quot;&gt;Pexels.com&lt;\/a&gt;&lt;\/p&gt;\n\" data-large-file=\"https:\/\/i0.wp.com\/pastoralrmi.com\/wp-content\/uploads\/2024\/11\/pexels-photo-133682.jpeg?fit=1024%2C682&amp;ssl=1\" data-wp-class--hide=\"state.isContentHidden\" data-wp-class--show=\"state.isContentVisible\" data-wp-init=\"callbacks.setButtonStyles\" data-wp-on--click=\"actions.showLightbox\" data-wp-on--load=\"callbacks.setButtonStyles\" data-wp-on--pointerdown=\"actions.preloadImage\" data-wp-on--pointerenter=\"actions.preloadImageWithDelay\" data-wp-on--pointerleave=\"actions.cancelPreload\" data-wp-on-window--resize=\"callbacks.setButtonStyles\" src=\"https:\/\/i0.wp.com\/pastoralrmi.com\/wp-content\/uploads\/2024\/11\/pexels-photo-133682.jpeg?resize=1880%2C1253&#038;ssl=1\" alt=\"body of water at daytime\" class=\"wp-image-2557\" style=\"aspect-ratio:3\/4;object-fit:cover\" srcset=\"https:\/\/i0.wp.com\/pastoralrmi.com\/wp-content\/uploads\/2024\/11\/pexels-photo-133682.jpeg?w=1880&amp;ssl=1 1880w, https:\/\/i0.wp.com\/pastoralrmi.com\/wp-content\/uploads\/2024\/11\/pexels-photo-133682.jpeg?resize=300%2C200&amp;ssl=1 300w, https:\/\/i0.wp.com\/pastoralrmi.com\/wp-content\/uploads\/2024\/11\/pexels-photo-133682.jpeg?resize=1024%2C682&amp;ssl=1 1024w, https:\/\/i0.wp.com\/pastoralrmi.com\/wp-content\/uploads\/2024\/11\/pexels-photo-133682.jpeg?resize=150%2C100&amp;ssl=1 150w, https:\/\/i0.wp.com\/pastoralrmi.com\/wp-content\/uploads\/2024\/11\/pexels-photo-133682.jpeg?resize=768%2C512&amp;ssl=1 768w, https:\/\/i0.wp.com\/pastoralrmi.com\/wp-content\/uploads\/2024\/11\/pexels-photo-133682.jpeg?resize=1536%2C1024&amp;ssl=1 1536w, https:\/\/i0.wp.com\/pastoralrmi.com\/wp-content\/uploads\/2024\/11\/pexels-photo-133682.jpeg?resize=18%2C12&amp;ssl=1 18w, https:\/\/i0.wp.com\/pastoralrmi.com\/wp-content\/uploads\/2024\/11\/pexels-photo-133682.jpeg?resize=1200%2C800&amp;ssl=1 1200w\" sizes=\"auto, (max-width: 1000px) 100vw, 1000px\" \/><button\n\t\t\tclass=\"lightbox-trigger\"\n\t\t\ttype=\"button\"\n\t\t\taria-haspopup=\"dialog\"\n\t\t\tdata-wp-bind--aria-label=\"state.thisImage.triggerButtonAriaLabel\"\n\t\t\tdata-wp-init=\"callbacks.initTriggerButton\"\n\t\t\tdata-wp-on--click=\"actions.showLightbox\"\n\t\t\tdata-wp-style--right=\"state.thisImage.buttonRight\"\n\t\t\tdata-wp-style--top=\"state.thisImage.buttonTop\"\n\t\t>\n\t\t\t<svg xmlns=\"http:\/\/www.w3.org\/2000\/svg\" width=\"12\" height=\"12\" fill=\"none\" viewBox=\"0 0 12 12\">\n\t\t\t\t<path fill=\"#fff\" d=\"M2 0a2 2 0 0 0-2 2v2h1.5V2a.5.5 0 0 1 .5-.5h2V0H2Zm2 10.5H2a.5.5 0 0 1-.5-.5V8H0v2a2 2 0 0 0 2 2h2v-1.5ZM8 12v-1.5h2a.5.5 0 0 0 .5-.5V8H12v2a2 2 0 0 1-2 2H8Zm2-12a2 2 0 0 1 2 2v2h-1.5V2a.5.5 0 0 0-.5-.5H8V0h2Z\" \/>\n\t\t\t<\/svg>\n\t\t<\/button><\/figure>\n<\/div>\n<\/div>\n\n\n\n<div style=\"height:calc( 0.25 * var(--wp--style--root--padding-right, var(--wp--custom--gap--horizontal)))\" aria-hidden=\"true\" class=\"wp-block-spacer\"><\/div>\n<\/div>\n\n\n\n<h2 class=\"wp-block-heading\">\u00bfNecesitamos m\u00e1s pruebas de esta viveza?<\/h2>\n\n\n\n<p class=\"wp-block-paragraph\">Cada persona conectada con el carisma es tan necesaria como una peque\u00f1a filigrana <strong>vinculada a la ra\u00edz<\/strong>.<\/p>\n\n\n\n<blockquote class=\"wp-block-quote is-layout-flow wp-block-quote-is-layout-flow\">\n<p class=\"wp-block-paragraph\">&nbsp;\u201c\u00a1<strong>Lo feliz que soy<\/strong> en la clase de vida a que el Se\u00f1or me ha llamado! No me cambiar\u00eda por nadie del mundo\u201d.<\/p>\n<\/blockquote>\n\n\n\n<p class=\"wp-block-paragraph\">Ana Rosa Delgado, rmi<\/p>\n","protected":false},"excerpt":{"rendered":"<p>Han pasado 156 a\u00f1os desde que VICENTA MAR\u00cdA escrib\u00eda a su padre en Cascante: \u00a1Esta obra que hace tantos a\u00f1os se viene en ella trabajando, y ahora es cuando se empieza a verla nacer y que promete tanto fruto!. Comenz\u00f3 como un boceto de vida, con un Eje principal como punto de fuga, nuestro Centro, [&hellip;]<\/p>\n","protected":false},"author":246329482,"featured_media":2553,"comment_status":"open","ping_status":"open","sticky":false,"template":"","format":"standard","meta":{"_eb_attr":"","_crdt_document":"","advanced_seo_description":"","jetpack_seo_html_title":"","jetpack_seo_noindex":false,"_jetpack_newsletter_access":"","_jetpack_dont_email_post_to_subs":true,"_jetpack_newsletter_tier_id":0,"_jetpack_memberships_contains_paywalled_content":false,"_jetpack_memberships_contains_paid_content":false,"footnotes":"","jetpack_publicize_message":"","jetpack_publicize_feature_enabled":true,"jetpack_social_post_already_shared":true,"jetpack_social_options":{"image_generator_settings":{"template":"highway","enabled":false},"version":2},"_wpas_customize_per_network":false,"jetpack_post_was_ever_published":false},"categories":[771144771,772356424,1039746],"tags":[772356436,772356366,772356442,772356439,772356441,772356438],"class_list":["post-2504","post","type-post","status-publish","format-standard","has-post-thumbnail","hentry","category-destellos-de-vida-cotidiana","category-entradas","category-fluir","tag-carisma","tag-destellos-de-vida-cotidiana","tag-instrumento","tag-nacer","tag-sociedad","tag-vicenta-maria"],"jetpack_publicize_connections":[],"jetpack_featured_media_url":"https:\/\/i0.wp.com\/pastoralrmi.com\/wp-content\/uploads\/2024\/11\/pexels-photo-159983.jpeg?fit=1880%2C1248&ssl=1","jetpack_likes_enabled":true,"jetpack_sharing_enabled":true,"jetpack_shortlink":"https:\/\/wp.me\/pfvk8v-Eo","jetpack-related-posts":[{"id":2638,"url":"https:\/\/pastoralrmi.com\/es\/el-si-de-maria-es-nuestro-si\/","url_meta":{"origin":2504,"position":0},"title":"El S\u00cd de Mar\u00eda es nuestro S\u00cd","author":"Blog de pastoral Provincia Iberica","date":"4 de diciembre de 2024","format":false,"excerpt":"Una invitaci\u00f3n a ser y vivir Celebrar a Mar\u00eda Inmaculada es una invitaci\u00f3n a \u201cser y vivir\u201d como Mar\u00eda para \u201cser y vivir\u201d en Dios. Desde su S\u00cd, Mar\u00eda lo habitaba todo. El S\u00cd de Mar\u00eda no era solo una ventana al pozo interior desde el que beb\u00eda su alma\u2026","rel":"","context":"En \u00abDestellos de vida cotidiana\u00bb","block_context":{"text":"Destellos de vida cotidiana","link":"https:\/\/pastoralrmi.com\/es\/category\/fluir\/destellos-de-vida-cotidiana\/"},"img":{"alt_text":"woman in white crew neck shirt","src":"https:\/\/i0.wp.com\/pastoralrmi.com\/wp-content\/uploads\/2024\/12\/pexels-photo-1804514.jpeg?fit=1200%2C800&ssl=1&resize=350%2C200","width":350,"height":200,"srcset":"https:\/\/i0.wp.com\/pastoralrmi.com\/wp-content\/uploads\/2024\/12\/pexels-photo-1804514.jpeg?fit=1200%2C800&ssl=1&resize=350%2C200 1x, https:\/\/i0.wp.com\/pastoralrmi.com\/wp-content\/uploads\/2024\/12\/pexels-photo-1804514.jpeg?fit=1200%2C800&ssl=1&resize=525%2C300 1.5x, https:\/\/i0.wp.com\/pastoralrmi.com\/wp-content\/uploads\/2024\/12\/pexels-photo-1804514.jpeg?fit=1200%2C800&ssl=1&resize=700%2C400 2x, https:\/\/i0.wp.com\/pastoralrmi.com\/wp-content\/uploads\/2024\/12\/pexels-photo-1804514.jpeg?fit=1200%2C800&ssl=1&resize=1050%2C600 3x"},"classes":[]},{"id":3896,"url":"https:\/\/pastoralrmi.com\/es\/centro-social-rmi-tu-casa\/","url_meta":{"origin":2504,"position":1},"title":"Centro Social RMI: tu casa","author":"Blog de pastoral Provincia Iberica","date":"26 de marzo de 2025","format":false,"excerpt":"\u00bfC\u00f3mo te sentiste la primera vez que llegaste al Centro Social? Como si estuviese en mi casa. La inmigraci\u00f3n es un fen\u00f3meno que ha existido a lo largo de la historia de la humanidad. Seg\u00fan datos del Instituto Nacional de Estad\u00edstica (INE), se estima que en Espa\u00f1a hay alrededor de\u2026","rel":"","context":"En \u00abCentros Sociales\u00bb","block_context":{"text":"Centros Sociales","link":"https:\/\/pastoralrmi.com\/es\/category\/obras-apostolicas\/centros-sociales\/"},"img":{"alt_text":"people holding miniature wooden house","src":"https:\/\/i0.wp.com\/pastoralrmi.com\/wp-content\/uploads\/2025\/03\/pexels-photo-7579135.jpeg?fit=1200%2C900&ssl=1&resize=350%2C200","width":350,"height":200,"srcset":"https:\/\/i0.wp.com\/pastoralrmi.com\/wp-content\/uploads\/2025\/03\/pexels-photo-7579135.jpeg?fit=1200%2C900&ssl=1&resize=350%2C200 1x, https:\/\/i0.wp.com\/pastoralrmi.com\/wp-content\/uploads\/2025\/03\/pexels-photo-7579135.jpeg?fit=1200%2C900&ssl=1&resize=525%2C300 1.5x, https:\/\/i0.wp.com\/pastoralrmi.com\/wp-content\/uploads\/2025\/03\/pexels-photo-7579135.jpeg?fit=1200%2C900&ssl=1&resize=700%2C400 2x, https:\/\/i0.wp.com\/pastoralrmi.com\/wp-content\/uploads\/2025\/03\/pexels-photo-7579135.jpeg?fit=1200%2C900&ssl=1&resize=1050%2C600 3x"},"classes":[]},{"id":3112,"url":"https:\/\/pastoralrmi.com\/es\/buscamos-el-sentido-profundo-de-lo-domestico\/","url_meta":{"origin":2504,"position":2},"title":"Buscamos el sentido profundo de lo \u00abdom\u00e9stico\u00bb","author":"Blog de pastoral Provincia Iberica","date":"5 de marzo de 2025","format":false,"excerpt":"La segunda carta a los Corintios en su conjunto, cuyo extracto leemos hoy, mi\u00e9rcoles de ceniza, nos puede ayudar a la hora de contestar a lo sugiere el t\u00edtulo de la entrada. Veamos un poco de su contexto. Es una de las siete \u201caut\u00e9nticas\u201d de Pablo, aunque es muy probable\u2026","rel":"","context":"En \u00abCOMPRENDER\u00bb","block_context":{"text":"COMPRENDER","link":"https:\/\/pastoralrmi.com\/es\/category\/comprender\/"},"img":{"alt_text":"stack of towels on rack","src":"https:\/\/i0.wp.com\/pastoralrmi.com\/wp-content\/uploads\/2025\/01\/pexels-photo-271711.webp?fit=1200%2C792&ssl=1&resize=350%2C200","width":350,"height":200,"srcset":"https:\/\/i0.wp.com\/pastoralrmi.com\/wp-content\/uploads\/2025\/01\/pexels-photo-271711.webp?fit=1200%2C792&ssl=1&resize=350%2C200 1x, https:\/\/i0.wp.com\/pastoralrmi.com\/wp-content\/uploads\/2025\/01\/pexels-photo-271711.webp?fit=1200%2C792&ssl=1&resize=525%2C300 1.5x, https:\/\/i0.wp.com\/pastoralrmi.com\/wp-content\/uploads\/2025\/01\/pexels-photo-271711.webp?fit=1200%2C792&ssl=1&resize=700%2C400 2x, https:\/\/i0.wp.com\/pastoralrmi.com\/wp-content\/uploads\/2025\/01\/pexels-photo-271711.webp?fit=1200%2C792&ssl=1&resize=1050%2C600 3x"},"classes":[]},{"id":3422,"url":"https:\/\/pastoralrmi.com\/es\/cuando-acaban-las-clases\/","url_meta":{"origin":2504,"position":3},"title":"Cuando acaban las clases","author":"Blog de pastoral Provincia Iberica","date":"19 de febrero de 2025","format":false,"excerpt":"Son las dos y media y las escaleras se llenan de alumnos con sus mochilas\u2026 Todos est\u00e1n deseando cruzar la puerta del centro para salir a la calle\u2026 \u00bfHe dicho todos?\u2026 Pues no, es martes o jueves y hay algunos alumnos de los diferentes cursos, que se desmarcan de la\u2026","rel":"","context":"En \u00abCentros educativos\u00bb","block_context":{"text":"Centros educativos","link":"https:\/\/pastoralrmi.com\/es\/category\/obras-apostolicas\/centros-educativos\/"},"img":{"alt_text":"basketball hoop on court","src":"https:\/\/i0.wp.com\/pastoralrmi.com\/wp-content\/uploads\/2025\/02\/pexels-photo-680074.jpeg?fit=1200%2C800&ssl=1&resize=350%2C200","width":350,"height":200,"srcset":"https:\/\/i0.wp.com\/pastoralrmi.com\/wp-content\/uploads\/2025\/02\/pexels-photo-680074.jpeg?fit=1200%2C800&ssl=1&resize=350%2C200 1x, https:\/\/i0.wp.com\/pastoralrmi.com\/wp-content\/uploads\/2025\/02\/pexels-photo-680074.jpeg?fit=1200%2C800&ssl=1&resize=525%2C300 1.5x, https:\/\/i0.wp.com\/pastoralrmi.com\/wp-content\/uploads\/2025\/02\/pexels-photo-680074.jpeg?fit=1200%2C800&ssl=1&resize=700%2C400 2x, https:\/\/i0.wp.com\/pastoralrmi.com\/wp-content\/uploads\/2025\/02\/pexels-photo-680074.jpeg?fit=1200%2C800&ssl=1&resize=1050%2C600 3x"},"classes":[]},{"id":4737,"url":"https:\/\/pastoralrmi.com\/es\/vicenta-maria-mas-alla-de-lo-inmediato\/","url_meta":{"origin":2504,"position":4},"title":"Vicenta Mar\u00eda: m\u00e1s all\u00e1 de lo inmediato","author":"Blog de pastoral Provincia Iberica","date":"24 de mayo de 2025","format":false,"excerpt":"Busco un lugar confortable, un espacio donde mi cuerpo y mi mente puedan descansar. Poco a poco, me voy dejando llevar, sin prisa, sin exigencias. Empiezo a tomar conciencia de mi respiraci\u00f3n: el aire entra y sale suavemente, y con cada exhalaci\u00f3n siento c\u00f3mo se liberan las tensiones acumuladas, las\u2026","rel":"","context":"En \u00abDestellos de vida cotidiana\u00bb","block_context":{"text":"Destellos de vida cotidiana","link":"https:\/\/pastoralrmi.com\/es\/category\/fluir\/destellos-de-vida-cotidiana\/"},"img":{"alt_text":"a woman freckled face in close up shot","src":"https:\/\/i0.wp.com\/pastoralrmi.com\/wp-content\/uploads\/2025\/05\/pexels-photo-8058707.jpeg?fit=675%2C1200&ssl=1&resize=350%2C200","width":350,"height":200,"srcset":"https:\/\/i0.wp.com\/pastoralrmi.com\/wp-content\/uploads\/2025\/05\/pexels-photo-8058707.jpeg?fit=675%2C1200&ssl=1&resize=350%2C200 1x, https:\/\/i0.wp.com\/pastoralrmi.com\/wp-content\/uploads\/2025\/05\/pexels-photo-8058707.jpeg?fit=675%2C1200&ssl=1&resize=525%2C300 1.5x"},"classes":[]},{"id":2936,"url":"https:\/\/pastoralrmi.com\/es\/celebramos-a-jesucristo\/","url_meta":{"origin":2504,"position":5},"title":"Celebramos a Jesucristo","author":"Blog de pastoral Provincia Iberica","date":"25 de diciembre de 2024","format":false,"excerpt":"Se me ocurre que hagamos un trato para empezar a establecer nuestra uni\u00f3n en el Centro que ha de permanecer en el tiempo y en eternidad. Vicenta Mar\u00eda a Anita Marqu\u00e9s, julio de 1890. \u00abLa Navidad es una fiesta muy importante para los que somos cristianas y cristianos. Celebramos el\u2026","rel":"","context":"En \u00abDestellos de vida cotidiana\u00bb","block_context":{"text":"Destellos de vida cotidiana","link":"https:\/\/pastoralrmi.com\/es\/category\/fluir\/destellos-de-vida-cotidiana\/"},"img":{"alt_text":"small toys showing birth of christ","src":"https:\/\/i0.wp.com\/pastoralrmi.com\/wp-content\/uploads\/2024\/12\/pexels-photo-4346869.jpeg?fit=1200%2C800&ssl=1&resize=350%2C200","width":350,"height":200,"srcset":"https:\/\/i0.wp.com\/pastoralrmi.com\/wp-content\/uploads\/2024\/12\/pexels-photo-4346869.jpeg?fit=1200%2C800&ssl=1&resize=350%2C200 1x, https:\/\/i0.wp.com\/pastoralrmi.com\/wp-content\/uploads\/2024\/12\/pexels-photo-4346869.jpeg?fit=1200%2C800&ssl=1&resize=525%2C300 1.5x, https:\/\/i0.wp.com\/pastoralrmi.com\/wp-content\/uploads\/2024\/12\/pexels-photo-4346869.jpeg?fit=1200%2C800&ssl=1&resize=700%2C400 2x, https:\/\/i0.wp.com\/pastoralrmi.com\/wp-content\/uploads\/2024\/12\/pexels-photo-4346869.jpeg?fit=1200%2C800&ssl=1&resize=1050%2C600 3x"},"classes":[]}],"_links":{"self":[{"href":"https:\/\/pastoralrmi.com\/es\/wp-json\/wp\/v2\/posts\/2504","targetHints":{"allow":["GET"]}}],"collection":[{"href":"https:\/\/pastoralrmi.com\/es\/wp-json\/wp\/v2\/posts"}],"about":[{"href":"https:\/\/pastoralrmi.com\/es\/wp-json\/wp\/v2\/types\/post"}],"author":[{"embeddable":true,"href":"https:\/\/pastoralrmi.com\/es\/wp-json\/wp\/v2\/users\/246329482"}],"replies":[{"embeddable":true,"href":"https:\/\/pastoralrmi.com\/es\/wp-json\/wp\/v2\/comments?post=2504"}],"version-history":[{"count":23,"href":"https:\/\/pastoralrmi.com\/es\/wp-json\/wp\/v2\/posts\/2504\/revisions"}],"predecessor-version":[{"id":2564,"href":"https:\/\/pastoralrmi.com\/es\/wp-json\/wp\/v2\/posts\/2504\/revisions\/2564"}],"wp:featuredmedia":[{"embeddable":true,"href":"https:\/\/pastoralrmi.com\/es\/wp-json\/wp\/v2\/media\/2553"}],"wp:attachment":[{"href":"https:\/\/pastoralrmi.com\/es\/wp-json\/wp\/v2\/media?parent=2504"}],"wp:term":[{"taxonomy":"category","embeddable":true,"href":"https:\/\/pastoralrmi.com\/es\/wp-json\/wp\/v2\/categories?post=2504"},{"taxonomy":"post_tag","embeddable":true,"href":"https:\/\/pastoralrmi.com\/es\/wp-json\/wp\/v2\/tags?post=2504"}],"curies":[{"name":"wp","href":"https:\/\/api.w.org\/{rel}","templated":true}]}}