{"id":2836,"date":"2024-12-18T12:00:00","date_gmt":"2024-12-18T11:00:00","guid":{"rendered":"https:\/\/pastoralrmi.com\/?p=2836"},"modified":"2024-12-18T18:58:10","modified_gmt":"2024-12-18T17:58:10","slug":"entendiendo-el-desapego","status":"publish","type":"post","link":"https:\/\/pastoralrmi.com\/es\/entendiendo-el-desapego\/","title":{"rendered":"Desapego y autenticidad:  claves de nuestras relaciones pastorales"},"content":{"rendered":"\n<p class=\"wp-block-paragraph\">Veo la hoja en blanco y una idea: desapego\u2026 y mi mente colapsa\u2026 \u00bfQu\u00e9 digo yo sobre este tema?<\/p>\n\n\n\n<p class=\"has-tertiary-background-color has-background wp-block-paragraph\">\u00bfC\u00f3mo hablar de desapego, cuando el apego es algo tan importante para sobrevivir, viene incorporado en nuestro Ser de forma instintiva y es una de las <strong>mayores causas de nuestro bienestar\/sufrimiento<\/strong>?<\/p>\n\n\n\n<div class=\"wp-block-jetpack-tiled-gallery is-style-rectangular\"><div class=\"\"><div class=\"tiled-gallery__gallery\"><div class=\"tiled-gallery__row\"><div class=\"tiled-gallery__col\" style=\"flex-basis:51.81704%\"><figure class=\"tiled-gallery__item\"><img decoding=\"async\" data-attachment-id=\"2850\" data-permalink=\"https:\/\/pastoralrmi.com\/es\/entendiendo-el-desapego\/pexels-photo-8553558\/\" data-orig-file=\"https:\/\/i0.wp.com\/pastoralrmi.com\/wp-content\/uploads\/2024\/12\/pexels-photo-8553558.jpeg?fit=868%2C1300&amp;ssl=1\" data-orig-size=\"868,1300\" data-comments-opened=\"1\" data-image-meta=\"{&quot;aperture&quot;:&quot;0&quot;,&quot;credit&quot;:&quot;&quot;,&quot;camera&quot;:&quot;&quot;,&quot;caption&quot;:&quot;Photo by Pavel Danilyuk on &lt;a href=\\&quot;https:\/\/www.pexels.com\/photo\/a-person-holding-clear-plastic-8553558\/\\&quot; rel=\\&quot;nofollow\\&quot;&gt;Pexels.com&lt;\/a&gt;&quot;,&quot;created_timestamp&quot;:&quot;0&quot;,&quot;copyright&quot;:&quot;&quot;,&quot;focal_length&quot;:&quot;0&quot;,&quot;iso&quot;:&quot;0&quot;,&quot;shutter_speed&quot;:&quot;0&quot;,&quot;title&quot;:&quot;a person holding clear plastic&quot;,&quot;orientation&quot;:&quot;0&quot;}\" data-image-title=\"pexels-photo-8553558\" data-image-description=\"\" data-image-caption=\"&lt;p&gt;Photo by Pavel Danilyuk on &lt;a href=&quot;https:\/\/www.pexels.com\/photo\/a-person-holding-clear-plastic-8553558\/&quot; rel=&quot;nofollow&quot;&gt;Pexels.com&lt;\/a&gt;&lt;\/p&gt;\n\" data-large-file=\"https:\/\/i0.wp.com\/pastoralrmi.com\/wp-content\/uploads\/2024\/12\/pexels-photo-8553558.jpeg?fit=684%2C1024&amp;ssl=1\" data-attachment-id=\"2850\" data-permalink=\"https:\/\/pastoralrmi.com\/es\/entendiendo-el-desapego\/pexels-photo-8553558\/\" data-orig-file=\"https:\/\/i0.wp.com\/pastoralrmi.com\/wp-content\/uploads\/2024\/12\/pexels-photo-8553558.jpeg?fit=868%2C1300&amp;ssl=1\" data-orig-size=\"868,1300\" data-comments-opened=\"1\" data-image-meta=\"{&quot;aperture&quot;:&quot;0&quot;,&quot;credit&quot;:&quot;&quot;,&quot;camera&quot;:&quot;&quot;,&quot;caption&quot;:&quot;Photo by Pavel Danilyuk on &lt;a href=\\&quot;https:\/\/www.pexels.com\/photo\/a-person-holding-clear-plastic-8553558\/\\&quot; rel=\\&quot;nofollow\\&quot;&gt;Pexels.com&lt;\/a&gt;&quot;,&quot;created_timestamp&quot;:&quot;0&quot;,&quot;copyright&quot;:&quot;&quot;,&quot;focal_length&quot;:&quot;0&quot;,&quot;iso&quot;:&quot;0&quot;,&quot;shutter_speed&quot;:&quot;0&quot;,&quot;title&quot;:&quot;a person holding clear plastic&quot;,&quot;orientation&quot;:&quot;0&quot;}\" data-image-title=\"pexels-photo-8553558\" data-image-description=\"\" data-image-caption=\"&lt;p&gt;Photo by Pavel Danilyuk on &lt;a href=&quot;https:\/\/www.pexels.com\/photo\/a-person-holding-clear-plastic-8553558\/&quot; rel=&quot;nofollow&quot;&gt;Pexels.com&lt;\/a&gt;&lt;\/p&gt;\n\" data-large-file=\"https:\/\/i0.wp.com\/pastoralrmi.com\/wp-content\/uploads\/2024\/12\/pexels-photo-8553558.jpeg?fit=684%2C1024&amp;ssl=1\" role=\"button\" tabindex=\"0\" aria-label=\"Abrir la imagen 1 de 2 en pantalla completa\"srcset=\"https:\/\/i0.wp.com\/pastoralrmi.com\/wp-content\/uploads\/2024\/12\/pexels-photo-8553558-684x1024.jpeg?strip=info&#038;w=600&#038;ssl=1 600w,https:\/\/i0.wp.com\/pastoralrmi.com\/wp-content\/uploads\/2024\/12\/pexels-photo-8553558-684x1024.jpeg?strip=info&#038;w=868&#038;ssl=1 868w\" alt=\"a person holding clear plastic\" data-height=\"1300\" data-id=\"2850\" data-link=\"https:\/\/pastoralrmi.com\/?attachment_id=2850\" data-url=\"https:\/\/pastoralrmi.com\/wp-content\/uploads\/2024\/12\/pexels-photo-8553558-684x1024.jpeg\" data-width=\"868\" src=\"https:\/\/i0.wp.com\/pastoralrmi.com\/wp-content\/uploads\/2024\/12\/pexels-photo-8553558-684x1024.jpeg?ssl=1\" data-amp-layout=\"responsive\" tabindex=\"0\" role=\"button\" aria-label=\"Abrir la imagen 1 de 2 en pantalla completa\"\/><\/figure><\/div><div class=\"tiled-gallery__col\" style=\"flex-basis:48.18296%\"><figure class=\"tiled-gallery__item\"><img decoding=\"async\" data-attachment-id=\"2926\" data-permalink=\"https:\/\/pastoralrmi.com\/es\/entendiendo-el-desapego\/pexels-photo-2838506-2\/\" data-orig-file=\"https:\/\/i0.wp.com\/pastoralrmi.com\/wp-content\/uploads\/2024\/12\/pexels-photo-2838506.webp?fit=807%2C1300&amp;ssl=1\" data-orig-size=\"807,1300\" data-comments-opened=\"1\" data-image-meta=\"{&quot;aperture&quot;:&quot;0&quot;,&quot;credit&quot;:&quot;&quot;,&quot;camera&quot;:&quot;&quot;,&quot;caption&quot;:&quot;Photo by lil artsy on &lt;a href=\\&quot;https:\/\/www.pexels.com\/photo\/couple-of-hands-2838506\/\\&quot; rel=\\&quot;nofollow\\&quot;&gt;Pexels.com&lt;\/a&gt;&quot;,&quot;created_timestamp&quot;:&quot;0&quot;,&quot;copyright&quot;:&quot;&quot;,&quot;focal_length&quot;:&quot;0&quot;,&quot;iso&quot;:&quot;0&quot;,&quot;shutter_speed&quot;:&quot;0&quot;,&quot;title&quot;:&quot;couple of hands&quot;,&quot;orientation&quot;:&quot;0&quot;}\" data-image-title=\"pexels-photo-2838506\" data-image-description=\"\" data-image-caption=\"&lt;p&gt;Photo by lil artsy on &lt;a href=&quot;https:\/\/www.pexels.com\/photo\/couple-of-hands-2838506\/&quot; rel=&quot;nofollow&quot;&gt;Pexels.com&lt;\/a&gt;&lt;\/p&gt;\n\" data-large-file=\"https:\/\/i0.wp.com\/pastoralrmi.com\/wp-content\/uploads\/2024\/12\/pexels-photo-2838506.webp?fit=636%2C1024&amp;ssl=1\" data-attachment-id=\"2926\" data-permalink=\"https:\/\/pastoralrmi.com\/es\/entendiendo-el-desapego\/pexels-photo-2838506-2\/\" data-orig-file=\"https:\/\/i0.wp.com\/pastoralrmi.com\/wp-content\/uploads\/2024\/12\/pexels-photo-2838506.webp?fit=807%2C1300&amp;ssl=1\" data-orig-size=\"807,1300\" data-comments-opened=\"1\" data-image-meta=\"{&quot;aperture&quot;:&quot;0&quot;,&quot;credit&quot;:&quot;&quot;,&quot;camera&quot;:&quot;&quot;,&quot;caption&quot;:&quot;Photo by lil artsy on &lt;a href=\\&quot;https:\/\/www.pexels.com\/photo\/couple-of-hands-2838506\/\\&quot; rel=\\&quot;nofollow\\&quot;&gt;Pexels.com&lt;\/a&gt;&quot;,&quot;created_timestamp&quot;:&quot;0&quot;,&quot;copyright&quot;:&quot;&quot;,&quot;focal_length&quot;:&quot;0&quot;,&quot;iso&quot;:&quot;0&quot;,&quot;shutter_speed&quot;:&quot;0&quot;,&quot;title&quot;:&quot;couple of hands&quot;,&quot;orientation&quot;:&quot;0&quot;}\" data-image-title=\"pexels-photo-2838506\" data-image-description=\"\" data-image-caption=\"&lt;p&gt;Photo by lil artsy on &lt;a href=&quot;https:\/\/www.pexels.com\/photo\/couple-of-hands-2838506\/&quot; rel=&quot;nofollow&quot;&gt;Pexels.com&lt;\/a&gt;&lt;\/p&gt;\n\" data-large-file=\"https:\/\/i0.wp.com\/pastoralrmi.com\/wp-content\/uploads\/2024\/12\/pexels-photo-2838506.webp?fit=636%2C1024&amp;ssl=1\" role=\"button\" tabindex=\"0\" aria-label=\"Abrir la imagen 2 de 2 en pantalla completa\"srcset=\"https:\/\/i0.wp.com\/pastoralrmi.com\/wp-content\/uploads\/2024\/12\/pexels-photo-2838506-636x1024.jpeg?strip=info&#038;w=600&#038;ssl=1 600w,https:\/\/i0.wp.com\/pastoralrmi.com\/wp-content\/uploads\/2024\/12\/pexels-photo-2838506-636x1024.jpeg?strip=info&#038;w=807&#038;ssl=1 807w\" alt=\"couple of hands\" data-height=\"1300\" data-id=\"2926\" data-link=\"https:\/\/pastoralrmi.com\/?attachment_id=2926\" data-url=\"https:\/\/pastoralrmi.com\/wp-content\/uploads\/2024\/12\/pexels-photo-2838506-636x1024.jpeg\" data-width=\"807\" src=\"https:\/\/i0.wp.com\/pastoralrmi.com\/wp-content\/uploads\/2024\/12\/pexels-photo-2838506-636x1024.jpeg?ssl=1\" data-amp-layout=\"responsive\" tabindex=\"0\" role=\"button\" aria-label=\"Abrir la imagen 2 de 2 en pantalla completa\"\/><\/figure><\/div><\/div><\/div><\/div><\/div>\n\n\n\n<p class=\"has-text-align-left wp-block-paragraph\">El APEGO, por definici\u00f3n es la forma de relacionarnos-vincularnos que adquirimos en nuestra primera infancia (ya desde el seno materno) y que <strong>determina nuestra forma de relacionarnos<\/strong> <strong>posteriormente<\/strong> en la vida tanto con nosotros mismos, con los dem\u00e1s y con el mundo. En un intento de entender la idea que se me presenta, opto por explicar de otro modo que espero resulte clarificador y \u00fatil.<\/p>\n\n\n\n<h2 class=\"wp-block-heading\">Limpiar el ruido para vincularnos<\/h2>\n\n\n\n<p class=\"wp-block-paragraph\">Como agentes de pastoral, nos encontramos en relaci\u00f3n y por tanto estamos en constante oportunidad de generar v\u00ednculo, lo que facilitar\u00e1 o no que se de una buena comunicaci\u00f3n, un proceso de confianza, y en definitiva hacer llegar el mensaje y\/o la relaci\u00f3n de ayuda. <\/p>\n\n\n\n<h3 class=\"wp-block-heading\">La mochila que llevamos<\/h3>\n\n\n\n<p class=\"wp-block-paragraph\">Nuestra forma de vinculaci\u00f3n, viene determinada por la mochila que llevamos, por nuestras experiencias de apego y as\u00ed, nos relacionamos consciente o inconscientemente, <strong>es como el programa que llevamos dentro<\/strong>, y que algunas veces no hemos actualizado.<\/p>\n\n\n\n<div class=\"wp-block-group is-layout-flow wp-block-group-is-layout-flow\">\n<div class=\"wp-block-columns is-layout-flex wp-container-core-columns-is-layout-794e3cfa wp-block-columns-is-layout-flex\">\n<div class=\"wp-block-column has-global-padding is-layout-constrained wp-block-column-is-layout-constrained\">\n<p class=\"has-tertiary-background-color has-background wp-block-paragraph\">Carl Rogers defin\u00eda tres actitudes para la relaci\u00f3n terap\u00e9utica, que bien nos pueden servir en nuestra tarea pastoral, la <strong>congruencia<\/strong>, la <strong>aceptaci\u00f3n incondicional<\/strong> y la <strong>empat\u00eda<\/strong>. Podr\u00edamos decir muchas cosas sobre ella, pero me interesa sobre todo hacer hincapi\u00e9 en la Congruencia, es decir, la autenticidad, ser realmente nosotros mismos.<\/p>\n<\/div>\n\n\n\n<div class=\"wp-block-column is-vertically-aligned-bottom has-global-padding is-layout-constrained wp-block-column-is-layout-constrained\">\n<div style=\"height:18px\" aria-hidden=\"true\" class=\"wp-block-spacer\"><\/div>\n\n\n\n<p class=\"wp-block-paragraph\">La mayor\u00eda de nosotros nos consideramos como tal, sin embargo, todos cargamos una mochila de experiencias que como dec\u00eda antes han configurado el programa desde el que nos vinculamos y actuamos, y quiz\u00e1s no hemos tenido ocasi\u00f3n de hacernos CONSCIENTES de si es la mejor versi\u00f3n de nosotros mismos o se ha ido llenando de ruido. Un \u201cruido\u201d que por ser habitual, hemos normalizado e incluso asociado con nuestra forma de ser.<\/p>\n<\/div>\n<\/div>\n<\/div>\n\n\n\n<div class=\"wp-block-group alignfull has-global-padding is-content-justification-center is-layout-constrained wp-container-core-group-is-layout-4b98f924 wp-block-group-is-layout-constrained\" style=\"margin-top:0;margin-bottom:0;padding-top:calc( 0.5 * var(u002du002dwpu002du002dstyleu002du002drootu002du002dpadding-right, var(u002du002dwpu002du002dcustomu002du002dgapu002du002dhorizontal)));padding-right:var(u002du002dwpu002du002dstyleu002du002drootu002du002dpadding-right, var(u002du002dwpu002du002dcustomu002du002dgapu002du002dhorizontal));padding-bottom:calc( 0.5 * var(u002du002dwpu002du002dstyleu002du002drootu002du002dpadding-right, var(u002du002dwpu002du002dcustomu002du002dgapu002du002dhorizontal)));padding-left:var(u002du002dwpu002du002dstyleu002du002drootu002du002dpadding-left, var(u002du002dwpu002du002dcustomu002du002dgapu002du002dhorizontal))\">\n<div style=\"height:calc( 0.25 * var(u002du002dwpu002du002dstyleu002du002drootu002du002dpadding-right, var(u002du002dwpu002du002dcustomu002du002dgapu002du002dhorizontal)))\" aria-hidden=\"true\" class=\"wp-block-spacer\"><\/div>\n\n\n\n<div style=\"height:16px\" aria-hidden=\"true\" class=\"wp-block-spacer\"><\/div>\n\n\n\n<div style=\"height:calc( 0.25 * var(u002du002dwpu002du002dstyleu002du002drootu002du002dpadding-right, var(u002du002dwpu002du002dcustomu002du002dgapu002du002dhorizontal)))\" aria-hidden=\"true\" class=\"wp-block-spacer\"><\/div>\n<\/div>\n\n\n\n<p class=\"wp-block-paragraph\">Introduzco aqu\u00ed un t\u00e9rmino que en el libro <a href=\"https:\/\/www.casadellibro.com\/libro-la-intervencion-del-circulo-de-seguridad-como-mejorar-el-apego-en-las-relaciones-entre-padres-e-hijos-mediante-la-intervencion--temprana\/9788494964114\/9110182?srsltid=AfmBOooZ_epvnC3YypDySGwRRtCLaEzZ3nfEGF-8gcbT2LEWfyZWu5TM\">El C\u00edrculo de Seguridad<\/a>, denominan \u201cnuestra m\u00fasica de tiburones\u201d, o esa m\u00fasica-ruido del que hablaba en el p\u00e1rrafo anterior. Es lo que suena detr\u00e1s de nuestra percepci\u00f3n de la realidad\u2026 es decir, imagina por un momento que contemplas una playa con m\u00fasica relajante, \u00bfqu\u00e9 te evoca?; ahora esa misma playa suena con la m\u00fasica de la pel\u00edcula \u201ctibur\u00f3n\u201d, \u00bfqu\u00e9 evoca?&#8230;<strong> la playa es la misma, pero el trasfondo, el ruido-m\u00fasica que la acompa\u00f1a no.<\/strong> Estas son nuestras experiencias que han configurado la mirada con la que vemos el mundo y que a veces no nos permiten ver con objetividad.<\/p>\n\n\n\n<div class=\"wp-block-columns is-layout-flex wp-container-core-columns-is-layout-794e3cfa wp-block-columns-is-layout-flex\">\n<div class=\"wp-block-column is-layout-flow wp-block-column-is-layout-flow\">\n<figure class=\"wp-block-image size-large\"><img data-recalc-dims=\"1\" loading=\"lazy\" decoding=\"async\" width=\"1024\" height=\"1015\" data-attachment-id=\"2858\" data-permalink=\"https:\/\/pastoralrmi.com\/es\/entendiendo-el-desapego\/pexels-photo-774535\/\" data-orig-file=\"https:\/\/i0.wp.com\/pastoralrmi.com\/wp-content\/uploads\/2024\/12\/pexels-photo-774535.webp?fit=1311%2C1300&amp;ssl=1\" data-orig-size=\"1311,1300\" data-comments-opened=\"1\" data-image-meta=\"{&quot;aperture&quot;:&quot;0&quot;,&quot;credit&quot;:&quot;&quot;,&quot;camera&quot;:&quot;&quot;,&quot;caption&quot;:&quot;Photo by Jeffrey Czum on &lt;a href=\\&quot;https:\/\/www.pexels.com\/photo\/photo-of-grassland-774535\/\\&quot; rel=\\&quot;nofollow\\&quot;&gt;Pexels.com&lt;\/a&gt;&quot;,&quot;created_timestamp&quot;:&quot;0&quot;,&quot;copyright&quot;:&quot;&quot;,&quot;focal_length&quot;:&quot;0&quot;,&quot;iso&quot;:&quot;0&quot;,&quot;shutter_speed&quot;:&quot;0&quot;,&quot;title&quot;:&quot;photo of grassland&quot;,&quot;orientation&quot;:&quot;0&quot;}\" data-image-title=\"pexels-photo-774535\" data-image-description=\"\" data-image-caption=\"&lt;p&gt;Photo by Jeffrey Czum on &lt;a href=&quot;https:\/\/www.pexels.com\/photo\/photo-of-grassland-774535\/&quot; rel=&quot;nofollow&quot;&gt;Pexels.com&lt;\/a&gt;&lt;\/p&gt;\n\" data-large-file=\"https:\/\/i0.wp.com\/pastoralrmi.com\/wp-content\/uploads\/2024\/12\/pexels-photo-774535.webp?fit=1024%2C1015&amp;ssl=1\" src=\"https:\/\/i0.wp.com\/pastoralrmi.com\/wp-content\/uploads\/2024\/12\/pexels-photo-774535.jpeg?resize=1024%2C1015&#038;ssl=1\" alt=\"photo of grassland\" class=\"wp-image-2858\" style=\"aspect-ratio:1;object-fit:contain\" srcset=\"https:\/\/i0.wp.com\/pastoralrmi.com\/wp-content\/uploads\/2024\/12\/pexels-photo-774535.webp?resize=1024%2C1015&amp;ssl=1 1024w, https:\/\/i0.wp.com\/pastoralrmi.com\/wp-content\/uploads\/2024\/12\/pexels-photo-774535.webp?resize=300%2C297&amp;ssl=1 300w, https:\/\/i0.wp.com\/pastoralrmi.com\/wp-content\/uploads\/2024\/12\/pexels-photo-774535.webp?resize=150%2C150&amp;ssl=1 150w, https:\/\/i0.wp.com\/pastoralrmi.com\/wp-content\/uploads\/2024\/12\/pexels-photo-774535.webp?resize=768%2C762&amp;ssl=1 768w, https:\/\/i0.wp.com\/pastoralrmi.com\/wp-content\/uploads\/2024\/12\/pexels-photo-774535.webp?resize=12%2C12&amp;ssl=1 12w, https:\/\/i0.wp.com\/pastoralrmi.com\/wp-content\/uploads\/2024\/12\/pexels-photo-774535.webp?resize=1200%2C1190&amp;ssl=1 1200w, https:\/\/i0.wp.com\/pastoralrmi.com\/wp-content\/uploads\/2024\/12\/pexels-photo-774535.webp?w=1311&amp;ssl=1 1311w\" sizes=\"auto, (max-width: 1000px) 100vw, 1000px\" \/><\/figure>\n<\/div>\n<\/div>\n\n\n\n<h2 class=\"wp-block-heading\">Una versi\u00f3n m\u00e1s limpia de nosotros<\/h2>\n\n\n\n<p class=\"wp-block-paragraph\">En este contexto, sit\u00fao yo al hablar de congruencia, es decir, en nuestras relaciones, acciones si queremos ser realmente congruentes, debemos <strong>detectar qu\u00e9 m\u00fasica suena en nuestro estado emocional <\/strong>y descubrir si lo que vivo procede de mi Yo, o de todo lo que se ha ido pegando en las distintas experiencias de la vida. De la misma manera en las relaciones, y como agentes de pastoral saber <strong>qu\u00e9 es lo que siento con y ante el otro<\/strong>, qu\u00e9 es m\u00edo y que es del otro es muy importante, porque ayuda a ver con mayor claridad la imagen, \u201cla playa\u201d y nos permitir\u00e1 ofrecer una versi\u00f3n de nosotros <strong>m\u00e1s limpia y no contaminada<\/strong>.<\/p>\n\n\n\n<p class=\"has-text-align-right wp-block-paragraph\">por <em>Marcelina Betancort, rmi<\/em>.<\/p>\n","protected":false},"excerpt":{"rendered":"<p>Veo la hoja en blanco y una idea: desapego\u2026 y mi mente colapsa\u2026 \u00bfQu\u00e9 digo yo sobre este tema? \u00bfC\u00f3mo hablar de desapego, cuando el apego es algo tan importante para sobrevivir, viene incorporado en nuestro Ser de forma instintiva y es una de las mayores causas de nuestro bienestar\/sufrimiento? El APEGO, por definici\u00f3n es [&hellip;]<\/p>\n","protected":false},"author":246329482,"featured_media":2858,"comment_status":"open","ping_status":"open","sticky":false,"template":"","format":"standard","meta":{"_eb_attr":"","_crdt_document":"","advanced_seo_description":"","jetpack_seo_html_title":"","jetpack_seo_noindex":false,"_jetpack_newsletter_access":"","_jetpack_dont_email_post_to_subs":true,"_jetpack_newsletter_tier_id":0,"_jetpack_memberships_contains_paywalled_content":false,"_jetpack_memberships_contains_paid_content":false,"footnotes":"","jetpack_publicize_message":"","jetpack_publicize_feature_enabled":true,"jetpack_social_post_already_shared":true,"jetpack_social_options":{"image_generator_settings":{"template":"highway","enabled":false},"version":2},"_wpas_customize_per_network":false,"jetpack_post_was_ever_published":false},"categories":[4469418,772356424,1039746],"tags":[772356463,349739531,772356371,772356437],"class_list":["post-2836","post","type-post","status-publish","format-standard","has-post-thumbnail","hentry","category-desarrollo-integral","category-entradas","category-fluir","tag-crecimiento","tag-cualidades-esenciales","tag-desarrollo-integral","tag-pastoral"],"jetpack_publicize_connections":[],"jetpack_featured_media_url":"https:\/\/i0.wp.com\/pastoralrmi.com\/wp-content\/uploads\/2024\/12\/pexels-photo-774535.webp?fit=1311%2C1300&ssl=1","jetpack_likes_enabled":true,"jetpack_sharing_enabled":true,"jetpack_shortlink":"https:\/\/wp.me\/pfvk8v-JK","jetpack-related-posts":[{"id":2373,"url":"https:\/\/pastoralrmi.com\/es\/el-arte-de-acompanar\/","url_meta":{"origin":2836,"position":0},"title":"El arte de acompa\u00f1ar","author":"Blog de pastoral Provincia Iberica","date":"20 de noviembre de 2024","format":false,"excerpt":"Acompa\u00f1ar es para nosotros ACOGER la Vida, acompa\u00f1ar la de nuestros j\u00f3venes, y ayudarles a descubrir \u201cdentro\u201d su prop\u00f3sito. Acompa\u00f1ar no es dirigir, hacer terapia o aconsejar, sino caminar al lado de nuestros j\u00f3venes.","rel":"","context":"En \u00abDesarrollo integral\u00bb","block_context":{"text":"Desarrollo integral","link":"https:\/\/pastoralrmi.com\/es\/category\/fluir\/desarrollo-integral\/"},"img":{"alt_text":"violet blooming flower","src":"https:\/\/i0.wp.com\/pastoralrmi.com\/wp-content\/uploads\/2024\/11\/pexels-photo-17300522.jpeg?fit=800%2C1200&ssl=1&resize=350%2C200","width":350,"height":200,"srcset":"https:\/\/i0.wp.com\/pastoralrmi.com\/wp-content\/uploads\/2024\/11\/pexels-photo-17300522.jpeg?fit=800%2C1200&ssl=1&resize=350%2C200 1x, https:\/\/i0.wp.com\/pastoralrmi.com\/wp-content\/uploads\/2024\/11\/pexels-photo-17300522.jpeg?fit=800%2C1200&ssl=1&resize=525%2C300 1.5x, https:\/\/i0.wp.com\/pastoralrmi.com\/wp-content\/uploads\/2024\/11\/pexels-photo-17300522.jpeg?fit=800%2C1200&ssl=1&resize=700%2C400 2x"},"classes":[]},{"id":6204,"url":"https:\/\/pastoralrmi.com\/es\/de-que-hablan-mis-palabras\/","url_meta":{"origin":2836,"position":1},"title":"\u00bfDe qu\u00e9 hablan mis palabras?","author":"Blog de pastoral Provincia Iberica","date":"8 de octubre de 2025","format":false,"excerpt":"Al comenzar a escribir sobre \u201cLAS PALABRAS\u201d me viene la multitud de comentarios escuchados sobre lo cansados que estamos de palabras, que lo que necesitamos son obras, acciones.\u00a0 Sin embargo, son las palabras dichas en voz alta o calladamente las que determinan lo que somos y hacemos. Ya Jes\u00fas en\u2026","rel":"","context":"En \u00abCentros educativos\u00bb","block_context":{"text":"Centros educativos","link":"https:\/\/pastoralrmi.com\/es\/category\/obras-apostolicas\/centros-educativos\/"},"img":{"alt_text":"crop woman demonstrating ripe pomegranate","src":"https:\/\/i0.wp.com\/pastoralrmi.com\/wp-content\/uploads\/2025\/10\/pexels-photo-5946075.jpeg?fit=891%2C1200&ssl=1&resize=350%2C200","width":350,"height":200,"srcset":"https:\/\/i0.wp.com\/pastoralrmi.com\/wp-content\/uploads\/2025\/10\/pexels-photo-5946075.jpeg?fit=891%2C1200&ssl=1&resize=350%2C200 1x, https:\/\/i0.wp.com\/pastoralrmi.com\/wp-content\/uploads\/2025\/10\/pexels-photo-5946075.jpeg?fit=891%2C1200&ssl=1&resize=525%2C300 1.5x, https:\/\/i0.wp.com\/pastoralrmi.com\/wp-content\/uploads\/2025\/10\/pexels-photo-5946075.jpeg?fit=891%2C1200&ssl=1&resize=700%2C400 2x"},"classes":[]},{"id":1597,"url":"https:\/\/pastoralrmi.com\/es\/aprender-a-poner-limites\/","url_meta":{"origin":2836,"position":2},"title":"Aprender a poner l\u00edmites","author":"Blog de pastoral Provincia Iberica","date":"19 de junio de 2024","format":false,"excerpt":"Tomar consciencia de cu\u00e1les son los l\u00edmites de tu vida, esto te ayudar\u00e1 a saber hacia d\u00f3nde dirigirte y por consiguiente comunicar a los dem\u00e1s tus verdaderos deseos. Existe una herramienta muy poderosa, tus emociones, pues estas te indican cuando algo no te hace sentir bien o cuando un limite\u2026","rel":"","context":"En \u00abCOMPRENDER\u00bb","block_context":{"text":"COMPRENDER","link":"https:\/\/pastoralrmi.com\/es\/category\/comprender\/"},"img":{"alt_text":"","src":"https:\/\/i0.wp.com\/pastoralrmi.com\/wp-content\/uploads\/2024\/06\/pexels-photo-289586.jpeg?fit=1200%2C730&ssl=1&resize=350%2C200","width":350,"height":200,"srcset":"https:\/\/i0.wp.com\/pastoralrmi.com\/wp-content\/uploads\/2024\/06\/pexels-photo-289586.jpeg?fit=1200%2C730&ssl=1&resize=350%2C200 1x, https:\/\/i0.wp.com\/pastoralrmi.com\/wp-content\/uploads\/2024\/06\/pexels-photo-289586.jpeg?fit=1200%2C730&ssl=1&resize=525%2C300 1.5x, https:\/\/i0.wp.com\/pastoralrmi.com\/wp-content\/uploads\/2024\/06\/pexels-photo-289586.jpeg?fit=1200%2C730&ssl=1&resize=700%2C400 2x, https:\/\/i0.wp.com\/pastoralrmi.com\/wp-content\/uploads\/2024\/06\/pexels-photo-289586.jpeg?fit=1200%2C730&ssl=1&resize=1050%2C600 3x"},"classes":[]},{"id":1561,"url":"https:\/\/pastoralrmi.com\/es\/la-autoestima1\/","url_meta":{"origin":2836,"position":3},"title":"Sintonizando con  mi autoestima","author":"Blog de pastoral Provincia Iberica","date":"23 de junio de 2024","format":false,"excerpt":"La autoestima aumenta cuando vivimos respetando nuestros propios valores y disminuye cada vez que nuestro comportamiento no est\u00e1 en coherencia con ellos.","rel":"","context":"En \u00abCOMPRENDER\u00bb","block_context":{"text":"COMPRENDER","link":"https:\/\/pastoralrmi.com\/es\/category\/comprender\/"},"img":{"alt_text":"","src":"https:\/\/i0.wp.com\/pastoralrmi.com\/wp-content\/uploads\/2024\/06\/pexels-photo-3058762.jpeg?fit=1200%2C857&ssl=1&resize=350%2C200","width":350,"height":200,"srcset":"https:\/\/i0.wp.com\/pastoralrmi.com\/wp-content\/uploads\/2024\/06\/pexels-photo-3058762.jpeg?fit=1200%2C857&ssl=1&resize=350%2C200 1x, https:\/\/i0.wp.com\/pastoralrmi.com\/wp-content\/uploads\/2024\/06\/pexels-photo-3058762.jpeg?fit=1200%2C857&ssl=1&resize=525%2C300 1.5x, https:\/\/i0.wp.com\/pastoralrmi.com\/wp-content\/uploads\/2024\/06\/pexels-photo-3058762.jpeg?fit=1200%2C857&ssl=1&resize=700%2C400 2x, https:\/\/i0.wp.com\/pastoralrmi.com\/wp-content\/uploads\/2024\/06\/pexels-photo-3058762.jpeg?fit=1200%2C857&ssl=1&resize=1050%2C600 3x"},"classes":[]},{"id":1579,"url":"https:\/\/pastoralrmi.com\/es\/distorsiones-cognitivas\/","url_meta":{"origin":2836,"position":4},"title":"Distorsiones cognitivas","author":"Blog de pastoral Provincia Iberica","date":"21 de junio de 2024","format":false,"excerpt":"Son errores que cometemos al procesar la informaci\u00f3n y que dan lugar a interpretaciones desajustadas de la realidad. Esos errores repercuten en nuestro estado emocional y en nuestra AUTOESTIMA.","rel":"","context":"En \u00abCOMPRENDER\u00bb","block_context":{"text":"COMPRENDER","link":"https:\/\/pastoralrmi.com\/es\/category\/comprender\/"},"img":{"alt_text":"","src":"https:\/\/i0.wp.com\/pastoralrmi.com\/wp-content\/uploads\/2024\/06\/pexels-photo-4352016.jpeg?fit=1200%2C795&ssl=1&resize=350%2C200","width":350,"height":200,"srcset":"https:\/\/i0.wp.com\/pastoralrmi.com\/wp-content\/uploads\/2024\/06\/pexels-photo-4352016.jpeg?fit=1200%2C795&ssl=1&resize=350%2C200 1x, https:\/\/i0.wp.com\/pastoralrmi.com\/wp-content\/uploads\/2024\/06\/pexels-photo-4352016.jpeg?fit=1200%2C795&ssl=1&resize=525%2C300 1.5x, https:\/\/i0.wp.com\/pastoralrmi.com\/wp-content\/uploads\/2024\/06\/pexels-photo-4352016.jpeg?fit=1200%2C795&ssl=1&resize=700%2C400 2x, https:\/\/i0.wp.com\/pastoralrmi.com\/wp-content\/uploads\/2024\/06\/pexels-photo-4352016.jpeg?fit=1200%2C795&ssl=1&resize=1050%2C600 3x"},"classes":[]},{"id":3042,"url":"https:\/\/pastoralrmi.com\/es\/es-la-misma-fuerza-de-la-vida\/","url_meta":{"origin":2836,"position":5},"title":"Es la misma fuerza de la Vida","author":"Blog de pastoral Provincia Iberica","date":"1 de enero de 2025","format":false,"excerpt":"El m\u00e1s grande servicio que cualquier ser humano puede hacer a sus hermanos es alzarse a lo m\u00e1s elevado de su propio ser. Henry David Thoreau \u00abEn otras palabras, el mejor servicio que podemos hacer a los dem\u00e1s es ser m\u00e1s.\u00bb \u00abEs propio de la Vida querer vivir, buscar m\u00e1s\u2026","rel":"","context":"En \u00abDesarrollo integral\u00bb","block_context":{"text":"Desarrollo integral","link":"https:\/\/pastoralrmi.com\/es\/category\/fluir\/desarrollo-integral\/"},"img":{"alt_text":"","src":"https:\/\/i0.wp.com\/pastoralrmi.com\/wp-content\/uploads\/2024\/06\/pexels-photo-4612598.jpeg?fit=675%2C1200&ssl=1&resize=350%2C200","width":350,"height":200,"srcset":"https:\/\/i0.wp.com\/pastoralrmi.com\/wp-content\/uploads\/2024\/06\/pexels-photo-4612598.jpeg?fit=675%2C1200&ssl=1&resize=350%2C200 1x, https:\/\/i0.wp.com\/pastoralrmi.com\/wp-content\/uploads\/2024\/06\/pexels-photo-4612598.jpeg?fit=675%2C1200&ssl=1&resize=525%2C300 1.5x"},"classes":[]}],"_links":{"self":[{"href":"https:\/\/pastoralrmi.com\/es\/wp-json\/wp\/v2\/posts\/2836","targetHints":{"allow":["GET"]}}],"collection":[{"href":"https:\/\/pastoralrmi.com\/es\/wp-json\/wp\/v2\/posts"}],"about":[{"href":"https:\/\/pastoralrmi.com\/es\/wp-json\/wp\/v2\/types\/post"}],"author":[{"embeddable":true,"href":"https:\/\/pastoralrmi.com\/es\/wp-json\/wp\/v2\/users\/246329482"}],"replies":[{"embeddable":true,"href":"https:\/\/pastoralrmi.com\/es\/wp-json\/wp\/v2\/comments?post=2836"}],"version-history":[{"count":52,"href":"https:\/\/pastoralrmi.com\/es\/wp-json\/wp\/v2\/posts\/2836\/revisions"}],"predecessor-version":[{"id":2963,"href":"https:\/\/pastoralrmi.com\/es\/wp-json\/wp\/v2\/posts\/2836\/revisions\/2963"}],"wp:featuredmedia":[{"embeddable":true,"href":"https:\/\/pastoralrmi.com\/es\/wp-json\/wp\/v2\/media\/2858"}],"wp:attachment":[{"href":"https:\/\/pastoralrmi.com\/es\/wp-json\/wp\/v2\/media?parent=2836"}],"wp:term":[{"taxonomy":"category","embeddable":true,"href":"https:\/\/pastoralrmi.com\/es\/wp-json\/wp\/v2\/categories?post=2836"},{"taxonomy":"post_tag","embeddable":true,"href":"https:\/\/pastoralrmi.com\/es\/wp-json\/wp\/v2\/tags?post=2836"}],"curies":[{"name":"wp","href":"https:\/\/api.w.org\/{rel}","templated":true}]}}