{"id":3775,"date":"2025-03-12T12:00:00","date_gmt":"2025-03-12T11:00:00","guid":{"rendered":"https:\/\/pastoralrmi.com\/?p=3775"},"modified":"2025-03-12T11:58:11","modified_gmt":"2025-03-12T10:58:11","slug":"la-aceptacion-un-camino-de-paz-y-amor","status":"publish","type":"post","link":"https:\/\/pastoralrmi.com\/es\/la-aceptacion-un-camino-de-paz-y-amor\/","title":{"rendered":"La Aceptaci\u00f3n: un Camino de Paz y Amor"},"content":{"rendered":"\n<div class=\"wp-block-group has-global-padding is-layout-constrained wp-block-group-is-layout-constrained\">\n<figure class=\"wp-block-pullquote\"><blockquote><p><strong><em>Aquello que no eres capaz de aceptar es la \u00fanica causa de tu sufrimiento<\/em><\/strong><\/p><cite><em>Gerardo Schmedling<\/em><\/cite><\/blockquote><\/figure>\n\n\n\n<p class=\"wp-block-paragraph\">En un mundo lleno de cambios y desaf\u00edos, donde la cr\u00edtica y el juicio parecen ser la norma, aprender a aceptar lo que no podemos controlar, a los dem\u00e1s y a nosotros mismos como somos, se convierte en una poderosa herramienta para alcanzar la paz interior, el bienestar emocional y cambiar nuestras relaciones y nuestra vida personal. Es, sin duda, un acto de amor profundo y transformador.<\/p>\n\n\n\n<h2 class=\"wp-block-heading\">La aceptaci\u00f3n no significa resignaci\u00f3n, conformismo o pasividad.<\/h2>\n\n\n\n<p class=\"wp-block-paragraph\">No se trata de cerrar los ojos ante las dificultades o de ignorar las diferencias. Al contrario, aceptar <strong>implica una profunda comprensi\u00f3n de la realidad<\/strong> tal como es, con sus luces y sombras, y entender que nuestras reacciones ante lo que nos acontece son lo \u00fanico que realmente podemos controlar. En la aceptaci\u00f3n de la realidad encontramos una profunda paz que trasciende las circunstancias externas y nos ayuda a vivir con gratitud, incluso en tiempos dif\u00edciles.<\/p>\n\n\n\n<div class=\"wp-block-columns is-layout-flex wp-container-core-columns-is-layout-794e3cfa wp-block-columns-is-layout-flex\">\n<div class=\"wp-block-column is-layout-flow wp-container-core-column-is-layout-835debf9 wp-block-column-is-layout-flow\" style=\"flex-basis:66.66%\">\n<p class=\"wp-block-paragraph\">Cuando aceptamos a una persona, con sus virtudes y defectos, le estamos ofreciendo un enorme regalo:<\/p>\n\n\n\n<h4 class=\"wp-block-heading\">El permiso de ser quien es<\/h4>\n\n\n\n<p class=\"wp-block-paragraph\">Le estamos diciendo que su valor <strong>no depende<\/strong> de su comportamiento o <strong>de su capacidad para cumplir con nuestras expectativas<\/strong>, y que tampoco buscamos un cambio en ella. Elegimos verla desde una perspectiva de amor incondicional, que celebra su autenticidad, que fomenta la confianza, la intimidad. Teniendo presente que todos somos seres humanos en continua evoluci\u00f3n, podremos crear espacios seguros donde cultivemos la empat\u00eda, la compasi\u00f3n y las personas se sientan libres para mostrarse tal y como son, sin m\u00e1scaras.<br><\/p>\n<\/div>\n\n\n\n<div class=\"wp-block-column is-layout-flow wp-block-column-is-layout-flow\" style=\"flex-basis:33.33%\">\n<figure class=\"wp-block-image size-full\"><img data-recalc-dims=\"1\" loading=\"lazy\" decoding=\"async\" width=\"867\" height=\"1300\" data-attachment-id=\"3783\" data-permalink=\"https:\/\/pastoralrmi.com\/es\/la-aceptacion-un-camino-de-paz-y-amor\/pexels-photo-933871\/\" data-orig-file=\"https:\/\/i0.wp.com\/pastoralrmi.com\/wp-content\/uploads\/2025\/03\/pexels-photo-933871.jpeg?fit=867%2C1300&amp;ssl=1\" data-orig-size=\"867,1300\" data-comments-opened=\"1\" data-image-meta=\"{&quot;aperture&quot;:&quot;0&quot;,&quot;credit&quot;:&quot;&quot;,&quot;camera&quot;:&quot;&quot;,&quot;caption&quot;:&quot;Photo by Mica Asato on &lt;a href=\\&quot;https:\/\/www.pexels.com\/photo\/orange-and-blue-paper-decor-and-black-string-lights-933871\/\\&quot; rel=\\&quot;nofollow\\&quot;&gt;Pexels.com&lt;\/a&gt;&quot;,&quot;created_timestamp&quot;:&quot;0&quot;,&quot;copyright&quot;:&quot;&quot;,&quot;focal_length&quot;:&quot;0&quot;,&quot;iso&quot;:&quot;0&quot;,&quot;shutter_speed&quot;:&quot;0&quot;,&quot;title&quot;:&quot;orange and blue paper decor and black string lights&quot;,&quot;orientation&quot;:&quot;0&quot;}\" data-image-title=\"pexels-photo-933871\" data-image-description=\"\" data-image-caption=\"&lt;p&gt;Photo by Mica Asato on &lt;a href=&quot;https:\/\/www.pexels.com\/photo\/orange-and-blue-paper-decor-and-black-string-lights-933871\/&quot; rel=&quot;nofollow&quot;&gt;Pexels.com&lt;\/a&gt;&lt;\/p&gt;\n\" data-large-file=\"https:\/\/i0.wp.com\/pastoralrmi.com\/wp-content\/uploads\/2025\/03\/pexels-photo-933871.jpeg?fit=683%2C1024&amp;ssl=1\" src=\"https:\/\/i0.wp.com\/pastoralrmi.com\/wp-content\/uploads\/2025\/03\/pexels-photo-933871.jpeg?resize=867%2C1300&#038;ssl=1\" alt=\"orange and blue paper decor and black string lights\" class=\"wp-image-3783\" style=\"aspect-ratio:9\/16;object-fit:cover\" srcset=\"https:\/\/i0.wp.com\/pastoralrmi.com\/wp-content\/uploads\/2025\/03\/pexels-photo-933871.jpeg?w=867&amp;ssl=1 867w, https:\/\/i0.wp.com\/pastoralrmi.com\/wp-content\/uploads\/2025\/03\/pexels-photo-933871.jpeg?resize=200%2C300&amp;ssl=1 200w, https:\/\/i0.wp.com\/pastoralrmi.com\/wp-content\/uploads\/2025\/03\/pexels-photo-933871.jpeg?resize=683%2C1024&amp;ssl=1 683w, https:\/\/i0.wp.com\/pastoralrmi.com\/wp-content\/uploads\/2025\/03\/pexels-photo-933871.jpeg?resize=100%2C150&amp;ssl=1 100w, https:\/\/i0.wp.com\/pastoralrmi.com\/wp-content\/uploads\/2025\/03\/pexels-photo-933871.jpeg?resize=768%2C1152&amp;ssl=1 768w, https:\/\/i0.wp.com\/pastoralrmi.com\/wp-content\/uploads\/2025\/03\/pexels-photo-933871.jpeg?resize=8%2C12&amp;ssl=1 8w\" sizes=\"auto, (max-width: 867px) 100vw, 867px\" \/><\/figure>\n<\/div>\n<\/div>\n<\/div>\n\n\n\n<div class=\"wp-block-group has-global-padding is-layout-constrained wp-block-group-is-layout-constrained\">\n<div class=\"wp-block-columns is-layout-flex wp-container-core-columns-is-layout-794e3cfa wp-block-columns-is-layout-flex\">\n<div class=\"wp-block-column is-layout-flow wp-block-column-is-layout-flow\" style=\"flex-basis:33.33%\"><\/div>\n\n\n\n<div class=\"wp-block-column is-layout-flow wp-block-column-is-layout-flow\" style=\"flex-basis:66.66%\">\n<p class=\"wp-block-paragraph\">Sin embargo, la aceptaci\u00f3n no significa tolerar comportamientos da\u00f1inos o abusivos. <strong>Es importante establecer l\u00edmites saludables<\/strong> y reconocer cu\u00e1ndo una relaci\u00f3n no es beneficiosa. Aceptar a alguien no implica aceptar todo lo que haga. Se trata de encontrar un equilibrio entre el amor y el respeto por uno mismo. La aceptaci\u00f3n se convierte en una herramienta que, actuando desde el amor, nos ayuda a discernir lo que es saludable y lo que no, a convertir los obst\u00e1culos en oportunidades de desarrollo, a ver las experiencias, sean buenas o malas, como aprendizajes o lecciones que nos gu\u00edan en nuestro camino.<br><\/p>\n<\/div>\n<\/div>\n\n\n\n<h2 class=\"wp-block-heading\">La aceptaci\u00f3n tambi\u00e9n es fundamental en nuestra relaci\u00f3n con nosotros mismos.<\/h2>\n\n\n\n<p class=\"wp-block-paragraph\"> A menudo, somos nuestros cr\u00edticos m\u00e1s duros. Nos juzgamos por nuestros errores, por nuestras inseguridades y por no cumplir con los est\u00e1ndares que la sociedad nos impone. Sin embargo, cuando aprendemos a aceptarnos, comenzamos a liberarnos de esa carga. La aceptaci\u00f3n personal nos permite <strong>acoger nuestras imperfecciones<\/strong> y verlas como parte de nuestro viaje.<\/p>\n\n\n\n<p class=\"wp-block-paragraph\">En estos tiempos que se nos empuja a la divisi\u00f3n, la inmediatez, la resistencia o la lucha, surge la aceptaci\u00f3n como una<strong> invitaci\u00f3n a la serenidad<\/strong>, a la humildad y a la conexi\u00f3n con la esencia de las personas, abrazando la diversidad de nuestras relaciones humanas, m\u00e1s all\u00e1 de apariencias y expectativas.&nbsp;<\/p>\n\n\n\n<div class=\"wp-block-cover\"><span aria-hidden=\"true\" class=\"wp-block-cover__background has-background-dim\" style=\"background-color:#985568\"><\/span><img data-recalc-dims=\"1\" loading=\"lazy\" decoding=\"async\" width=\"1880\" height=\"1253\" src=\"https:\/\/i0.wp.com\/pastoralrmi.com\/wp-content\/uploads\/2025\/03\/pexels-photo-904276.jpeg?resize=1880%2C1253&#038;ssl=1\" class=\"wp-block-cover__image-background wp-post-image\" alt=\"closeup photo of man close eyes and mouth\" data-object-fit=\"cover\" srcset=\"https:\/\/i0.wp.com\/pastoralrmi.com\/wp-content\/uploads\/2025\/03\/pexels-photo-904276.jpeg?w=1880&amp;ssl=1 1880w, https:\/\/i0.wp.com\/pastoralrmi.com\/wp-content\/uploads\/2025\/03\/pexels-photo-904276.jpeg?resize=300%2C200&amp;ssl=1 300w, https:\/\/i0.wp.com\/pastoralrmi.com\/wp-content\/uploads\/2025\/03\/pexels-photo-904276.jpeg?resize=1024%2C682&amp;ssl=1 1024w, https:\/\/i0.wp.com\/pastoralrmi.com\/wp-content\/uploads\/2025\/03\/pexels-photo-904276.jpeg?resize=150%2C100&amp;ssl=1 150w, https:\/\/i0.wp.com\/pastoralrmi.com\/wp-content\/uploads\/2025\/03\/pexels-photo-904276.jpeg?resize=768%2C512&amp;ssl=1 768w, https:\/\/i0.wp.com\/pastoralrmi.com\/wp-content\/uploads\/2025\/03\/pexels-photo-904276.jpeg?resize=1536%2C1024&amp;ssl=1 1536w, https:\/\/i0.wp.com\/pastoralrmi.com\/wp-content\/uploads\/2025\/03\/pexels-photo-904276.jpeg?resize=18%2C12&amp;ssl=1 18w, https:\/\/i0.wp.com\/pastoralrmi.com\/wp-content\/uploads\/2025\/03\/pexels-photo-904276.jpeg?resize=1200%2C800&amp;ssl=1 1200w\" sizes=\"auto, (max-width: 1000px) 100vw, 1000px\" data-attachment-id=\"3784\" data-permalink=\"https:\/\/pastoralrmi.com\/es\/la-aceptacion-un-camino-de-paz-y-amor\/pexels-photo-904276\/\" data-orig-file=\"https:\/\/i0.wp.com\/pastoralrmi.com\/wp-content\/uploads\/2025\/03\/pexels-photo-904276.jpeg?fit=1880%2C1253&amp;ssl=1\" data-orig-size=\"1880,1253\" data-comments-opened=\"1\" data-image-meta=\"{&quot;aperture&quot;:&quot;0&quot;,&quot;credit&quot;:&quot;&quot;,&quot;camera&quot;:&quot;&quot;,&quot;caption&quot;:&quot;Photo by Juan Pablo Serrano on &lt;a href=\\&quot;https:\/\/www.pexels.com\/photo\/closeup-photo-of-man-close-eyes-and-mouth-904276\/\\&quot; rel=\\&quot;nofollow\\&quot;&gt;Pexels.com&lt;\/a&gt;&quot;,&quot;created_timestamp&quot;:&quot;0&quot;,&quot;copyright&quot;:&quot;&quot;,&quot;focal_length&quot;:&quot;0&quot;,&quot;iso&quot;:&quot;0&quot;,&quot;shutter_speed&quot;:&quot;0&quot;,&quot;title&quot;:&quot;closeup photo of man close eyes and mouth&quot;,&quot;orientation&quot;:&quot;0&quot;}\" data-image-title=\"pexels-photo-904276\" data-image-description=\"\" data-image-caption=\"&lt;p&gt;Photo by Juan Pablo Serrano on &lt;a href=&quot;https:\/\/www.pexels.com\/photo\/closeup-photo-of-man-close-eyes-and-mouth-904276\/&quot; rel=&quot;nofollow&quot;&gt;Pexels.com&lt;\/a&gt;&lt;\/p&gt;\n\" data-large-file=\"https:\/\/i0.wp.com\/pastoralrmi.com\/wp-content\/uploads\/2025\/03\/pexels-photo-904276.jpeg?fit=1024%2C682&amp;ssl=1\" \/><div class=\"wp-block-cover__inner-container has-global-padding is-layout-constrained wp-block-cover-is-layout-constrained\">\n<p class=\"has-text-align-center has-large-font-size wp-block-paragraph\">Aceptar no es m\u00e1s que un acto de amor: hacia nosotros y nosotras mismas, hacia los dem\u00e1s y hacia nuestra experiencia. Aceptar es amar, y amar es aceptar.<br><\/p>\n<\/div><\/div>\n\n\n\n<p class=\"has-text-align-right wp-block-paragraph\">por Borja Guevara Rodr\u00edguez, profesor en el <a href=\"https:\/\/www.mariainmaculadasevilla.es\/\">Mar\u00eda Inmaculada Sevilla<\/a><\/p>\n<\/div>\n\n\n\n<p class=\"wp-block-paragraph\"><\/p>\n","protected":false},"excerpt":{"rendered":"<p>Aquello que no eres capaz de aceptar es la \u00fanica causa de tu sufrimiento Gerardo Schmedling En un mundo lleno de cambios y desaf\u00edos, donde la cr\u00edtica y el juicio parecen ser la norma, aprender a aceptar lo que no podemos controlar, a los dem\u00e1s y a nosotros mismos como somos, se convierte en una [&hellip;]<\/p>\n","protected":false},"author":246329482,"featured_media":3784,"comment_status":"open","ping_status":"open","sticky":false,"template":"","format":"standard","meta":{"_eb_attr":"","_crdt_document":"","advanced_seo_description":"","jetpack_seo_html_title":"","jetpack_seo_noindex":false,"_jetpack_newsletter_access":"","_jetpack_dont_email_post_to_subs":true,"_jetpack_newsletter_tier_id":0,"_jetpack_memberships_contains_paywalled_content":false,"_jetpack_memberships_contains_paid_content":false,"footnotes":"","jetpack_publicize_message":"","jetpack_publicize_feature_enabled":true,"jetpack_social_post_already_shared":true,"jetpack_social_options":{"image_generator_settings":{"template":"highway","enabled":false},"version":2},"_wpas_customize_per_network":false,"jetpack_post_was_ever_published":false},"categories":[4469418,772356424,1039746],"tags":[772356528,772356485,772356457,772356532,4945521,349739531,772356371,758933446,772356529,772356531],"class_list":["post-3775","post","type-post","status-publish","format-standard","has-post-thumbnail","hentry","category-desarrollo-integral","category-entradas","category-fluir","tag-aceptacion","tag-amar","tag-camino","tag-comprension","tag-conocimiento-personal","tag-cualidades-esenciales","tag-desarrollo-integral","tag-mirada-contemplativa","tag-permiso","tag-ser"],"jetpack_publicize_connections":[],"jetpack_featured_media_url":"https:\/\/i0.wp.com\/pastoralrmi.com\/wp-content\/uploads\/2025\/03\/pexels-photo-904276.jpeg?fit=1880%2C1253&ssl=1","jetpack_likes_enabled":true,"jetpack_sharing_enabled":true,"jetpack_shortlink":"https:\/\/wp.me\/pfvk8v-YT","jetpack-related-posts":[{"id":3201,"url":"https:\/\/pastoralrmi.com\/es\/un-reflejo-de-autoestima\/","url_meta":{"origin":3775,"position":0},"title":"Un reflejo de autoestima","author":"Blog de pastoral Provincia Iberica","date":"27 de enero de 2025","format":false,"excerpt":"Amarse para amar El objetivo de esta tutor\u00eda es ayudar a los j\u00f3venes a reflexionar sobre la relaci\u00f3n que tienen consigo mismos, aprender a valorarse desde la humildad y la aceptaci\u00f3n, y descubrir c\u00f3mo este amor propio sano mejora la relaci\u00f3n con los dem\u00e1s, a la luz del amor incondicional\u2026","rel":"","context":"En \u00abCOMPRENDER\u00bb","block_context":{"text":"COMPRENDER","link":"https:\/\/pastoralrmi.com\/es\/category\/comprender\/"},"img":{"alt_text":"woman in blue long sleeve shirt holding white rabbit plush toy","src":"https:\/\/i0.wp.com\/pastoralrmi.com\/wp-content\/uploads\/2025\/01\/pexels-photo-4921288.jpeg?fit=1200%2C800&ssl=1&resize=350%2C200","width":350,"height":200,"srcset":"https:\/\/i0.wp.com\/pastoralrmi.com\/wp-content\/uploads\/2025\/01\/pexels-photo-4921288.jpeg?fit=1200%2C800&ssl=1&resize=350%2C200 1x, https:\/\/i0.wp.com\/pastoralrmi.com\/wp-content\/uploads\/2025\/01\/pexels-photo-4921288.jpeg?fit=1200%2C800&ssl=1&resize=525%2C300 1.5x, https:\/\/i0.wp.com\/pastoralrmi.com\/wp-content\/uploads\/2025\/01\/pexels-photo-4921288.jpeg?fit=1200%2C800&ssl=1&resize=700%2C400 2x, https:\/\/i0.wp.com\/pastoralrmi.com\/wp-content\/uploads\/2025\/01\/pexels-photo-4921288.jpeg?fit=1200%2C800&ssl=1&resize=1050%2C600 3x"},"classes":[]},{"id":3123,"url":"https:\/\/pastoralrmi.com\/es\/jesus-relacion-y-dialogo-constante\/","url_meta":{"origin":3775,"position":1},"title":"Jes\u00fas, relaci\u00f3n y di\u00e1logo constante","author":"Blog de pastoral Provincia Iberica","date":"15 de enero de 2025","format":false,"excerpt":"Tras su muerte, la humanidad nos segu\u00edamos preguntando qui\u00e9n era este hombre. No estaba resuelta la pregunta a\u00fan despu\u00e9s de todo. Hemos ido formulando conclusiones, fruto, por un lado de nuestras experiencias de encuentro con \u00e9l pero tambi\u00e9n de tantas e interminables discusiones. Pero por debajo de todo ello, sab\u00edamos\u2026","rel":"","context":"En \u00abEntradas\u00bb","block_context":{"text":"Entradas","link":"https:\/\/pastoralrmi.com\/es\/category\/entradas\/"},"img":{"alt_text":"grayscale photography of people","src":"https:\/\/i0.wp.com\/pastoralrmi.com\/wp-content\/uploads\/2025\/01\/pexels-photo-1245055.jpeg?fit=1200%2C800&ssl=1&resize=350%2C200","width":350,"height":200,"srcset":"https:\/\/i0.wp.com\/pastoralrmi.com\/wp-content\/uploads\/2025\/01\/pexels-photo-1245055.jpeg?fit=1200%2C800&ssl=1&resize=350%2C200 1x, https:\/\/i0.wp.com\/pastoralrmi.com\/wp-content\/uploads\/2025\/01\/pexels-photo-1245055.jpeg?fit=1200%2C800&ssl=1&resize=525%2C300 1.5x, https:\/\/i0.wp.com\/pastoralrmi.com\/wp-content\/uploads\/2025\/01\/pexels-photo-1245055.jpeg?fit=1200%2C800&ssl=1&resize=700%2C400 2x, https:\/\/i0.wp.com\/pastoralrmi.com\/wp-content\/uploads\/2025\/01\/pexels-photo-1245055.jpeg?fit=1200%2C800&ssl=1&resize=1050%2C600 3x"},"classes":[]},{"id":6335,"url":"https:\/\/pastoralrmi.com\/es\/aceptar-la-diversidad\/","url_meta":{"origin":3775,"position":2},"title":"Aceptar la diversidad","author":"Blog de pastoral Provincia Iberica","date":"12 de noviembre de 2025","format":false,"excerpt":"A la hora de escribir estas l\u00edneas sobre la diversidad y la educaci\u00f3n inclusiva, tengo que rese\u00f1ar y poner en preaviso al lector\/a , que no ha sido el foco principal de mi trayectoria profesional, sin embargo entiendo ambos conceptos de manera transversal en mi trabajo, especialmente en el contexto\u2026","rel":"","context":"En \u00abCentros educativos\u00bb","block_context":{"text":"Centros educativos","link":"https:\/\/pastoralrmi.com\/es\/category\/obras-apostolicas\/centros-educativos\/"},"img":{"alt_text":"two men in a room","src":"https:\/\/i0.wp.com\/pastoralrmi.com\/wp-content\/uploads\/2025\/11\/pexels-photo-11373128.jpeg?fit=901%2C1200&ssl=1&resize=350%2C200","width":350,"height":200,"srcset":"https:\/\/i0.wp.com\/pastoralrmi.com\/wp-content\/uploads\/2025\/11\/pexels-photo-11373128.jpeg?fit=901%2C1200&ssl=1&resize=350%2C200 1x, https:\/\/i0.wp.com\/pastoralrmi.com\/wp-content\/uploads\/2025\/11\/pexels-photo-11373128.jpeg?fit=901%2C1200&ssl=1&resize=525%2C300 1.5x, https:\/\/i0.wp.com\/pastoralrmi.com\/wp-content\/uploads\/2025\/11\/pexels-photo-11373128.jpeg?fit=901%2C1200&ssl=1&resize=700%2C400 2x"},"classes":[]},{"id":2614,"url":"https:\/\/pastoralrmi.com\/es\/la-amistad-y-la-empatia-desde-el-corazon-de-jesus\/","url_meta":{"origin":3775,"position":3},"title":"La amistad y la empat\u00eda desde el coraz\u00f3n de Jes\u00fas","author":"Blog de pastoral Provincia Iberica","date":"2 de diciembre de 2024","format":false,"excerpt":"El objetivo de esta tutor\u00eda es inspirar a los j\u00f3venes a cultivar la empat\u00eda y la amistad como reflejo del amor de Jes\u00fas, profundizando en su relaci\u00f3n consigo mismos, con los dem\u00e1s y con Dios. El amor de Dios se manifiesta en el amor que mostramos hacia los dem\u00e1s. La\u2026","rel":"","context":"En \u00abCOMPRENDER\u00bb","block_context":{"text":"COMPRENDER","link":"https:\/\/pastoralrmi.com\/es\/category\/comprender\/"},"img":{"alt_text":"scrabble tiles glued to the wall","src":"https:\/\/i0.wp.com\/pastoralrmi.com\/wp-content\/uploads\/2024\/12\/pexels-photo-16760595.jpeg?fit=1200%2C797&ssl=1&resize=350%2C200","width":350,"height":200,"srcset":"https:\/\/i0.wp.com\/pastoralrmi.com\/wp-content\/uploads\/2024\/12\/pexels-photo-16760595.jpeg?fit=1200%2C797&ssl=1&resize=350%2C200 1x, https:\/\/i0.wp.com\/pastoralrmi.com\/wp-content\/uploads\/2024\/12\/pexels-photo-16760595.jpeg?fit=1200%2C797&ssl=1&resize=525%2C300 1.5x, https:\/\/i0.wp.com\/pastoralrmi.com\/wp-content\/uploads\/2024\/12\/pexels-photo-16760595.jpeg?fit=1200%2C797&ssl=1&resize=700%2C400 2x, https:\/\/i0.wp.com\/pastoralrmi.com\/wp-content\/uploads\/2024\/12\/pexels-photo-16760595.jpeg?fit=1200%2C797&ssl=1&resize=1050%2C600 3x"},"classes":[]},{"id":2373,"url":"https:\/\/pastoralrmi.com\/es\/el-arte-de-acompanar\/","url_meta":{"origin":3775,"position":4},"title":"El arte de acompa\u00f1ar","author":"Blog de pastoral Provincia Iberica","date":"20 de noviembre de 2024","format":false,"excerpt":"Acompa\u00f1ar es para nosotros ACOGER la Vida, acompa\u00f1ar la de nuestros j\u00f3venes, y ayudarles a descubrir \u201cdentro\u201d su prop\u00f3sito. Acompa\u00f1ar no es dirigir, hacer terapia o aconsejar, sino caminar al lado de nuestros j\u00f3venes.","rel":"","context":"En \u00abDesarrollo integral\u00bb","block_context":{"text":"Desarrollo integral","link":"https:\/\/pastoralrmi.com\/es\/category\/fluir\/desarrollo-integral\/"},"img":{"alt_text":"violet blooming flower","src":"https:\/\/i0.wp.com\/pastoralrmi.com\/wp-content\/uploads\/2024\/11\/pexels-photo-17300522.jpeg?fit=800%2C1200&ssl=1&resize=350%2C200","width":350,"height":200,"srcset":"https:\/\/i0.wp.com\/pastoralrmi.com\/wp-content\/uploads\/2024\/11\/pexels-photo-17300522.jpeg?fit=800%2C1200&ssl=1&resize=350%2C200 1x, https:\/\/i0.wp.com\/pastoralrmi.com\/wp-content\/uploads\/2024\/11\/pexels-photo-17300522.jpeg?fit=800%2C1200&ssl=1&resize=525%2C300 1.5x, https:\/\/i0.wp.com\/pastoralrmi.com\/wp-content\/uploads\/2024\/11\/pexels-photo-17300522.jpeg?fit=800%2C1200&ssl=1&resize=700%2C400 2x"},"classes":[]},{"id":3144,"url":"https:\/\/pastoralrmi.com\/es\/el-sentido-de-la-vida-en-el-corazon-de-los-jovenes\/","url_meta":{"origin":3775,"position":5},"title":"El sentido de la vida en el coraz\u00f3n de los j\u00f3venes","author":"Blog de pastoral Provincia Iberica","date":"22 de enero de 2025","format":false,"excerpt":"\u00bfAlguna vez te has preguntado para qu\u00e9 est\u00e1s aqu\u00ed? \u00bfCu\u00e1l es el sentido de tu vida? Esta b\u00fasqueda ha sido un tema central para la humanidad, y en un mundo lleno de opciones, los j\u00f3venes buscan respuestas aut\u00e9nticas. El psiquiatra Viktor Frankl, quien vivi\u00f3 los horrores de los campos de\u2026","rel":"","context":"En \u00abDesarrollo integral\u00bb","block_context":{"text":"Desarrollo integral","link":"https:\/\/pastoralrmi.com\/es\/category\/fluir\/desarrollo-integral\/"},"img":{"alt_text":"hand touching the green moss the wall","src":"https:\/\/i0.wp.com\/pastoralrmi.com\/wp-content\/uploads\/2025\/01\/pexels-photo-8933960.webp?fit=1200%2C800&ssl=1&resize=350%2C200","width":350,"height":200,"srcset":"https:\/\/i0.wp.com\/pastoralrmi.com\/wp-content\/uploads\/2025\/01\/pexels-photo-8933960.webp?fit=1200%2C800&ssl=1&resize=350%2C200 1x, https:\/\/i0.wp.com\/pastoralrmi.com\/wp-content\/uploads\/2025\/01\/pexels-photo-8933960.webp?fit=1200%2C800&ssl=1&resize=525%2C300 1.5x, https:\/\/i0.wp.com\/pastoralrmi.com\/wp-content\/uploads\/2025\/01\/pexels-photo-8933960.webp?fit=1200%2C800&ssl=1&resize=700%2C400 2x, https:\/\/i0.wp.com\/pastoralrmi.com\/wp-content\/uploads\/2025\/01\/pexels-photo-8933960.webp?fit=1200%2C800&ssl=1&resize=1050%2C600 3x"},"classes":[]}],"_links":{"self":[{"href":"https:\/\/pastoralrmi.com\/es\/wp-json\/wp\/v2\/posts\/3775","targetHints":{"allow":["GET"]}}],"collection":[{"href":"https:\/\/pastoralrmi.com\/es\/wp-json\/wp\/v2\/posts"}],"about":[{"href":"https:\/\/pastoralrmi.com\/es\/wp-json\/wp\/v2\/types\/post"}],"author":[{"embeddable":true,"href":"https:\/\/pastoralrmi.com\/es\/wp-json\/wp\/v2\/users\/246329482"}],"replies":[{"embeddable":true,"href":"https:\/\/pastoralrmi.com\/es\/wp-json\/wp\/v2\/comments?post=3775"}],"version-history":[{"count":8,"href":"https:\/\/pastoralrmi.com\/es\/wp-json\/wp\/v2\/posts\/3775\/revisions"}],"predecessor-version":[{"id":3804,"href":"https:\/\/pastoralrmi.com\/es\/wp-json\/wp\/v2\/posts\/3775\/revisions\/3804"}],"wp:featuredmedia":[{"embeddable":true,"href":"https:\/\/pastoralrmi.com\/es\/wp-json\/wp\/v2\/media\/3784"}],"wp:attachment":[{"href":"https:\/\/pastoralrmi.com\/es\/wp-json\/wp\/v2\/media?parent=3775"}],"wp:term":[{"taxonomy":"category","embeddable":true,"href":"https:\/\/pastoralrmi.com\/es\/wp-json\/wp\/v2\/categories?post=3775"},{"taxonomy":"post_tag","embeddable":true,"href":"https:\/\/pastoralrmi.com\/es\/wp-json\/wp\/v2\/tags?post=3775"}],"curies":[{"name":"wp","href":"https:\/\/api.w.org\/{rel}","templated":true}]}}