{"id":4608,"date":"2025-05-07T12:00:00","date_gmt":"2025-05-07T10:00:00","guid":{"rendered":"https:\/\/pastoralrmi.com\/?p=4608"},"modified":"2025-05-07T12:39:28","modified_gmt":"2025-05-07T10:39:28","slug":"cuidarme-cuidar","status":"publish","type":"post","link":"https:\/\/pastoralrmi.com\/es\/cuidarme-cuidar\/","title":{"rendered":"Cuidarme, cuidar"},"content":{"rendered":"\n<p class=\"wp-block-paragraph\">Comienzo esta reflexi\u00f3n con una invitaci\u00f3n:<\/p>\n\n\n\n<p class=\"wp-block-paragraph\">P\u00e1rate un momento y escucha por dentro c\u00f3mo te resuenan estas palabras: <strong>cuidar, cuidado, cuidarme<\/strong>. Tengo la intenci\u00f3n de compartir contigo una peque\u00f1a reflexi\u00f3n que nos anima a tener de fondo la experiencia personal y as\u00ed poder hacer una lectura dialogada con la propia luz. La novedad de este compartir est\u00e1 en las certezas (que <span data-color=\"#ddedea\" style=\"background: #ddedea;\" class=\"has-highlight-color\">estando en ti<\/span>) puedas <strong>redescubrir<\/strong> y nombrar.<\/p>\n\n\n\n<div style=\"height:147px\" aria-hidden=\"true\" class=\"wp-block-spacer\"><\/div>\n\n\n\n<div class=\"wp-block-group has-global-padding is-layout-constrained wp-block-group-is-layout-constrained\">\n<div class=\"wp-block-columns is-layout-flex wp-container-core-columns-is-layout-794e3cfa wp-block-columns-is-layout-flex\">\n<div class=\"wp-block-column is-layout-flow wp-block-column-is-layout-flow\" style=\"flex-basis:66.66%\">\n<figure class=\"wp-block-image size-large\"><img data-recalc-dims=\"1\" loading=\"lazy\" decoding=\"async\" width=\"683\" height=\"1024\" data-attachment-id=\"4549\" data-permalink=\"https:\/\/pastoralrmi.com\/es\/comunicacion-saludable\/pexels-photo-7480271\/\" data-orig-file=\"https:\/\/i0.wp.com\/pastoralrmi.com\/wp-content\/uploads\/2025\/04\/pexels-photo-7480271.jpeg?fit=867%2C1300&amp;ssl=1\" data-orig-size=\"867,1300\" data-comments-opened=\"1\" data-image-meta=\"{&quot;aperture&quot;:&quot;0&quot;,&quot;credit&quot;:&quot;&quot;,&quot;camera&quot;:&quot;&quot;,&quot;caption&quot;:&quot;Photo by Angela Roma on &lt;a href=\\&quot;https:\/\/www.pexels.com\/photo\/crop-face-of-female-with-freckles-7480271\/\\&quot; rel=\\&quot;nofollow\\&quot;&gt;Pexels.com&lt;\/a&gt;&quot;,&quot;created_timestamp&quot;:&quot;0&quot;,&quot;copyright&quot;:&quot;&quot;,&quot;focal_length&quot;:&quot;0&quot;,&quot;iso&quot;:&quot;0&quot;,&quot;shutter_speed&quot;:&quot;0&quot;,&quot;title&quot;:&quot;crop face of female with freckles&quot;,&quot;orientation&quot;:&quot;0&quot;}\" data-image-title=\"pexels-photo-7480271\" data-image-description=\"\" data-image-caption=\"&lt;p&gt;Photo by Angela Roma on &lt;a href=&quot;https:\/\/www.pexels.com\/photo\/crop-face-of-female-with-freckles-7480271\/&quot; rel=&quot;nofollow&quot;&gt;Pexels.com&lt;\/a&gt;&lt;\/p&gt;\n\" data-large-file=\"https:\/\/i0.wp.com\/pastoralrmi.com\/wp-content\/uploads\/2025\/04\/pexels-photo-7480271.jpeg?fit=683%2C1024&amp;ssl=1\" src=\"https:\/\/i0.wp.com\/pastoralrmi.com\/wp-content\/uploads\/2025\/04\/pexels-photo-7480271.jpeg?resize=683%2C1024&#038;ssl=1\" alt=\"crop face of female with freckles\" class=\"wp-image-4549\" srcset=\"https:\/\/i0.wp.com\/pastoralrmi.com\/wp-content\/uploads\/2025\/04\/pexels-photo-7480271.jpeg?resize=683%2C1024&amp;ssl=1 683w, https:\/\/i0.wp.com\/pastoralrmi.com\/wp-content\/uploads\/2025\/04\/pexels-photo-7480271.jpeg?resize=200%2C300&amp;ssl=1 200w, https:\/\/i0.wp.com\/pastoralrmi.com\/wp-content\/uploads\/2025\/04\/pexels-photo-7480271.jpeg?resize=100%2C150&amp;ssl=1 100w, https:\/\/i0.wp.com\/pastoralrmi.com\/wp-content\/uploads\/2025\/04\/pexels-photo-7480271.jpeg?resize=768%2C1152&amp;ssl=1 768w, https:\/\/i0.wp.com\/pastoralrmi.com\/wp-content\/uploads\/2025\/04\/pexels-photo-7480271.jpeg?resize=8%2C12&amp;ssl=1 8w, https:\/\/i0.wp.com\/pastoralrmi.com\/wp-content\/uploads\/2025\/04\/pexels-photo-7480271.jpeg?w=867&amp;ssl=1 867w\" sizes=\"auto, (max-width: 683px) 100vw, 683px\" \/><\/figure>\n<\/div>\n\n\n\n<div class=\"wp-block-column is-layout-flow wp-block-column-is-layout-flow\" style=\"flex-basis:33.33%\"><\/div>\n<\/div>\n<\/div>\n\n\n\n<div class=\"wp-block-group is-layout-flow wp-container-core-group-is-layout-6674a1c4 wp-block-group-is-layout-flow\">\n<p class=\"wp-block-paragraph\"><em>Seg\u00fan mi b\u00fasqueda<\/em>, la palabra \u00abcuidar\u00bb etimol\u00f3gicamente&nbsp;proviene del lat\u00edn \u00abcogit\u0101re\u00bb, que significa \u00abpensar\u00bb, \u00abdiscurrir\u00bb o \u00abconsiderar\u00bb.&nbsp;Se ha sugerido que la evoluci\u00f3n fon\u00e9tica de \u00abcogit\u0101re\u00bb a \u00abcoidar\u00bb y luego a \u00abcuidar\u00bb refleja una <span data-color=\"#ddedea\" style=\"background: #ddedea;\" class=\"has-highlight-color\">transici\u00f3n del significado<\/span> de \u00abpensar\u00bb a \u00abtener cuidado\u00bb o \u00abasistir\u00bb.&nbsp;<\/p>\n\n\n\n<div class=\"wp-block-group is-layout-flow wp-block-group-is-layout-flow\">\n<div class=\"wp-block-columns is-layout-flex wp-container-core-columns-is-layout-794e3cfa wp-block-columns-is-layout-flex\">\n<div class=\"wp-block-column is-layout-flow wp-block-column-is-layout-flow\"><\/div>\n\n\n\n<div class=\"wp-block-column is-layout-flow wp-block-column-is-layout-flow\">\n<p class=\"wp-block-paragraph\">Como vemos en su inicio el verbo ten\u00eda un <strong>componente cognitivo<\/strong> (pensar), pero <strong>luego se ampli\u00f3 a la acci\u00f3n<\/strong> de prestar atenci\u00f3n y protecci\u00f3n.&nbsp;Aunque esta palabra se concreta, se encarna, en una acci\u00f3n, si volvemos sobre su origen etimol\u00f3gico, <span data-color=\"#faebdd\" style=\"background: #faebdd;\" class=\"has-highlight-color\">tambi\u00e9n precisa de nuestro pensar<\/span>, caer en la cuenta, decidir <em>qu\u00e9 decir, qu\u00e9 hacer y c\u00f3mo hacerlo.<\/em><\/p>\n<\/div>\n<\/div>\n<\/div>\n<\/div>\n\n\n\n<div style=\"height:100px\" aria-hidden=\"true\" class=\"wp-block-spacer\"><\/div>\n\n\n\n<div class=\"wp-block-group is-layout-flow wp-container-core-group-is-layout-6674a1c4 wp-block-group-is-layout-flow\">\n<p class=\"wp-block-paragraph\">La palabra <strong><em>CUIDARME<\/em><\/strong>, es decir, reconocer, valorar, experimentar en m\u00ed din\u00e1micas de <strong>atenci\u00f3n<\/strong>,<strong> escucha<\/strong>,<strong> protecci\u00f3n<\/strong>, y concretarlo en acciones que favorezcan mi propio crecimiento, hace posible y real esta m\u00e1xima: <em>\u201cel verdadero cuidado comienza por uno mismo\u201d<\/em>.<\/p>\n\n\n\n<div style=\"height:16px\" aria-hidden=\"true\" class=\"wp-block-spacer\"><\/div>\n\n\n\n<h2 class=\"wp-block-heading\" style=\"line-height:1.6\">El cuidado m\u00e1s consciente es el que<\/h2>\n\n\n\n<h2 class=\"wp-block-heading\"><span data-color=\"#faebdd\" style=\"background: #faebdd;\" class=\"has-highlight-color\">nace de la propia experiencia<\/span><\/h2>\n\n\n\n<p class=\"wp-block-paragraph\">y esta se pone al servicio de las personas. Dios nos manifiesta su Amor en su modo de cuidarnos; dejar que esto suceda en nosotros y experimentar profundamente c\u00f3mo transforma nuestras actitudes es un regalo que no tiene precio. Sabemos que no se puede dar lo que no se tiene, cuando he recorrido el camino de reconocerme, acogerme, atenderme, desde esa experiencia fundante puedo dar el paso siguiente que es <em>\u201csalir del propio, amor, querer e inter\u00e9s\u201d<\/em> <em>(Ignacio de Loyola EE 189)<\/em>.<\/p>\n\n\n\n<div class=\"wp-block-group has-global-padding is-layout-constrained wp-block-group-is-layout-constrained\">\n<div class=\"wp-block-columns is-layout-flex wp-container-core-columns-is-layout-794e3cfa wp-block-columns-is-layout-flex\">\n<div class=\"wp-block-column is-layout-flow wp-block-column-is-layout-flow\"><\/div>\n\n\n\n<div class=\"wp-block-column is-layout-flow wp-block-column-is-layout-flow\">\n<figure class=\"wp-block-image size-large\"><img data-recalc-dims=\"1\" loading=\"lazy\" decoding=\"async\" width=\"683\" height=\"1024\" data-attachment-id=\"4609\" data-permalink=\"https:\/\/pastoralrmi.com\/es\/cuidarme-cuidar\/pexels-photo-5304810\/\" data-orig-file=\"https:\/\/i0.wp.com\/pastoralrmi.com\/wp-content\/uploads\/2025\/05\/pexels-photo-5304810.jpeg?fit=867%2C1300&amp;ssl=1\" data-orig-size=\"867,1300\" data-comments-opened=\"1\" data-image-meta=\"{&quot;aperture&quot;:&quot;0&quot;,&quot;credit&quot;:&quot;&quot;,&quot;camera&quot;:&quot;&quot;,&quot;caption&quot;:&quot;Photo by Armin  Rimoldi on &lt;a href=\\&quot;https:\/\/www.pexels.com\/photo\/arms-of-a-person-with-skin-problem-5304810\/\\&quot; rel=\\&quot;nofollow\\&quot;&gt;Pexels.com&lt;\/a&gt;&quot;,&quot;created_timestamp&quot;:&quot;0&quot;,&quot;copyright&quot;:&quot;&quot;,&quot;focal_length&quot;:&quot;0&quot;,&quot;iso&quot;:&quot;0&quot;,&quot;shutter_speed&quot;:&quot;0&quot;,&quot;title&quot;:&quot;arms of a person with skin problem&quot;,&quot;orientation&quot;:&quot;0&quot;}\" data-image-title=\"pexels-photo-5304810\" data-image-description=\"\" data-image-caption=\"&lt;p&gt;Photo by Armin  Rimoldi on &lt;a href=&quot;https:\/\/www.pexels.com\/photo\/arms-of-a-person-with-skin-problem-5304810\/&quot; rel=&quot;nofollow&quot;&gt;Pexels.com&lt;\/a&gt;&lt;\/p&gt;\n\" data-large-file=\"https:\/\/i0.wp.com\/pastoralrmi.com\/wp-content\/uploads\/2025\/05\/pexels-photo-5304810.jpeg?fit=683%2C1024&amp;ssl=1\" src=\"https:\/\/i0.wp.com\/pastoralrmi.com\/wp-content\/uploads\/2025\/05\/pexels-photo-5304810.jpeg?resize=683%2C1024&#038;ssl=1\" alt=\"arms of a person with skin problem\" class=\"wp-image-4609\" srcset=\"https:\/\/i0.wp.com\/pastoralrmi.com\/wp-content\/uploads\/2025\/05\/pexels-photo-5304810.jpeg?resize=683%2C1024&amp;ssl=1 683w, https:\/\/i0.wp.com\/pastoralrmi.com\/wp-content\/uploads\/2025\/05\/pexels-photo-5304810.jpeg?resize=200%2C300&amp;ssl=1 200w, https:\/\/i0.wp.com\/pastoralrmi.com\/wp-content\/uploads\/2025\/05\/pexels-photo-5304810.jpeg?resize=100%2C150&amp;ssl=1 100w, https:\/\/i0.wp.com\/pastoralrmi.com\/wp-content\/uploads\/2025\/05\/pexels-photo-5304810.jpeg?resize=768%2C1152&amp;ssl=1 768w, https:\/\/i0.wp.com\/pastoralrmi.com\/wp-content\/uploads\/2025\/05\/pexels-photo-5304810.jpeg?resize=8%2C12&amp;ssl=1 8w, https:\/\/i0.wp.com\/pastoralrmi.com\/wp-content\/uploads\/2025\/05\/pexels-photo-5304810.jpeg?w=867&amp;ssl=1 867w\" sizes=\"auto, (max-width: 683px) 100vw, 683px\" \/><\/figure>\n<\/div>\n<\/div>\n<\/div>\n<\/div>\n\n\n\n<div class=\"wp-block-group is-layout-flow wp-block-group-is-layout-flow\">\n<div class=\"wp-block-columns is-layout-flex wp-container-core-columns-is-layout-794e3cfa wp-block-columns-is-layout-flex\">\n<div class=\"wp-block-column is-layout-flow wp-block-column-is-layout-flow\">\n<div class=\"wp-block-group has-global-padding is-layout-constrained wp-container-core-group-is-layout-4bb0e34c wp-block-group-is-layout-constrained\">\n<p class=\"wp-block-paragraph\">Tener<strong> cuidado <\/strong>de algo, de alguien, es una forma de <strong>PREVENIR<\/strong>: El cuidado desde la vertiente de la prevenci\u00f3n nos ense\u00f1a y ayuda, o mejor dicho, nos pone en sinton\u00eda y <span data-color=\"#ddedea\" style=\"background: #ddedea;\" class=\"has-highlight-color\">nos acerca a la otra persona en su totalidad<\/span>, es decir, inmediatamente genera dentro de nosotras resortes que nos ponen en la onda de<\/p>\n\n\n\n<div class=\"wp-block-columns is-layout-flex wp-container-core-columns-is-layout-794e3cfa wp-block-columns-is-layout-flex\">\n<div class=\"wp-block-column is-layout-flow wp-block-column-is-layout-flow\" style=\"flex-basis:66.66%\"><\/div>\n\n\n\n<div class=\"wp-block-column has-medium-font-size is-layout-flow wp-container-core-column-is-layout-835debf9 wp-block-column-is-layout-flow\" style=\"flex-basis:90%\">\n<p class=\"wp-block-paragraph\">\u00bfQu\u00e9 necesita?<\/p>\n\n\n\n<p class=\"wp-block-paragraph\">\u00bfQu\u00e9 puedo desplegar con esta persona? <\/p>\n\n\n\n<p class=\"wp-block-paragraph\">\u00bfQu\u00e9 puedo ofrecer? <\/p>\n<\/div>\n<\/div>\n<\/div>\n<\/div>\n<\/div>\n<\/div>\n\n\n\n<div class=\"wp-block-group has-global-padding is-layout-constrained wp-block-group-is-layout-constrained\">\n<div style=\"height:27px\" aria-hidden=\"true\" class=\"wp-block-spacer\"><\/div>\n\n\n\n<p class=\"wp-block-paragraph\">Salgo de mi para entrar en su necesidad y trabajar por ella y para ella. Esta disposici\u00f3n siempre desde el <strong>respeto<\/strong> a la dignidad de la otra persona, a su situaci\u00f3n, a su momento. Adem\u00e1s, entra en juego la <span data-color=\"#faebdd\" style=\"background: #faebdd;\" class=\"has-highlight-color\">escucha<\/span>, la <span data-color=\"#faebdd\" style=\"background: #faebdd;\" class=\"has-highlight-color\">empat\u00eda<\/span>, la <span data-color=\"#faebdd\" style=\"background: #faebdd;\" class=\"has-highlight-color\">capacidad de comprender<\/span> para dar, desde la necesidad de la otra persona, nunca desde mi idea o pensamiento de lo que considero que ser\u00eda prioritario.<\/p>\n<\/div>\n\n\n\n<p class=\"wp-block-paragraph\">Cuando cuidamos desde la libertad que da el propio conocimiento, la gratuidad y el descubrimiento de la verdad y belleza que hay en nosotros, en todos los seres humanos, y que \u00e9sta nos ha sido dada, inevitablemente se generan en nosotros actitudes de colaboraci\u00f3n con la obra de Dios.<\/p>\n\n\n\n<div style=\"height:37px\" aria-hidden=\"true\" class=\"wp-block-spacer\"><\/div>\n","protected":false},"excerpt":{"rendered":"<p>Comienzo esta reflexi\u00f3n con una invitaci\u00f3n: P\u00e1rate un momento y escucha por dentro c\u00f3mo te resuenan estas palabras: cuidar, cuidado, cuidarme. Tengo la intenci\u00f3n de compartir contigo una peque\u00f1a reflexi\u00f3n que nos anima a tener de fondo la experiencia personal y as\u00ed poder hacer una lectura dialogada con la propia luz. La novedad de este [&hellip;]<\/p>\n","protected":false},"author":246329482,"featured_media":4610,"comment_status":"open","ping_status":"open","sticky":false,"template":"","format":"standard","meta":{"_eb_attr":"","_crdt_document":"","advanced_seo_description":"","jetpack_seo_html_title":"","jetpack_seo_noindex":false,"_jetpack_newsletter_access":"","_jetpack_dont_email_post_to_subs":false,"_jetpack_newsletter_tier_id":0,"_jetpack_memberships_contains_paywalled_content":false,"_jetpack_memberships_contains_paid_content":false,"footnotes":"","jetpack_publicize_message":"","jetpack_publicize_feature_enabled":true,"jetpack_social_post_already_shared":true,"jetpack_social_options":{"image_generator_settings":{"template":"highway","enabled":false},"version":2},"_wpas_customize_per_network":false,"jetpack_post_was_ever_published":false},"categories":[4469418,772356424,1039746],"tags":[772356614,772356613,772356436,4945521,349739531,772356610,772356612,772356371,772356448,772356427,758933446,772356492,772356563,772356615],"class_list":["post-4608","post","type-post","status-publish","format-standard","has-post-thumbnail","hentry","category-desarrollo-integral","category-entradas","category-fluir","tag-acogida","tag-atencion","tag-carisma","tag-conocimiento-personal","tag-cualidades-esenciales","tag-cuidado","tag-cuidarme","tag-desarrollo-integral","tag-escucha","tag-experiencia","tag-mirada-contemplativa","tag-prevencion","tag-prevenir","tag-vida-cotidiana"],"jetpack_publicize_connections":[],"jetpack_featured_media_url":"https:\/\/i0.wp.com\/pastoralrmi.com\/wp-content\/uploads\/2025\/05\/pexels-photo-27167146.jpeg?fit=975%2C1300&ssl=1","jetpack_likes_enabled":true,"jetpack_sharing_enabled":true,"jetpack_shortlink":"https:\/\/wp.me\/pfvk8v-1ck","jetpack-related-posts":[{"id":6335,"url":"https:\/\/pastoralrmi.com\/es\/aceptar-la-diversidad\/","url_meta":{"origin":4608,"position":0},"title":"Aceptar la diversidad","author":"Blog de pastoral Provincia Iberica","date":"12 de noviembre de 2025","format":false,"excerpt":"A la hora de escribir estas l\u00edneas sobre la diversidad y la educaci\u00f3n inclusiva, tengo que rese\u00f1ar y poner en preaviso al lector\/a , que no ha sido el foco principal de mi trayectoria profesional, sin embargo entiendo ambos conceptos de manera transversal en mi trabajo, especialmente en el contexto\u2026","rel":"","context":"En \u00abCentros educativos\u00bb","block_context":{"text":"Centros educativos","link":"https:\/\/pastoralrmi.com\/es\/category\/obras-apostolicas\/centros-educativos\/"},"img":{"alt_text":"two men in a room","src":"https:\/\/i0.wp.com\/pastoralrmi.com\/wp-content\/uploads\/2025\/11\/pexels-photo-11373128.jpeg?fit=901%2C1200&ssl=1&resize=350%2C200","width":350,"height":200,"srcset":"https:\/\/i0.wp.com\/pastoralrmi.com\/wp-content\/uploads\/2025\/11\/pexels-photo-11373128.jpeg?fit=901%2C1200&ssl=1&resize=350%2C200 1x, https:\/\/i0.wp.com\/pastoralrmi.com\/wp-content\/uploads\/2025\/11\/pexels-photo-11373128.jpeg?fit=901%2C1200&ssl=1&resize=525%2C300 1.5x, https:\/\/i0.wp.com\/pastoralrmi.com\/wp-content\/uploads\/2025\/11\/pexels-photo-11373128.jpeg?fit=901%2C1200&ssl=1&resize=700%2C400 2x"},"classes":[]},{"id":4737,"url":"https:\/\/pastoralrmi.com\/es\/vicenta-maria-mas-alla-de-lo-inmediato\/","url_meta":{"origin":4608,"position":1},"title":"Vicenta Mar\u00eda: m\u00e1s all\u00e1 de lo inmediato","author":"Blog de pastoral Provincia Iberica","date":"24 de mayo de 2025","format":false,"excerpt":"Busco un lugar confortable, un espacio donde mi cuerpo y mi mente puedan descansar. Poco a poco, me voy dejando llevar, sin prisa, sin exigencias. Empiezo a tomar conciencia de mi respiraci\u00f3n: el aire entra y sale suavemente, y con cada exhalaci\u00f3n siento c\u00f3mo se liberan las tensiones acumuladas, las\u2026","rel":"","context":"En \u00abDestellos de vida cotidiana\u00bb","block_context":{"text":"Destellos de vida cotidiana","link":"https:\/\/pastoralrmi.com\/es\/category\/fluir\/destellos-de-vida-cotidiana\/"},"img":{"alt_text":"a woman freckled face in close up shot","src":"https:\/\/i0.wp.com\/pastoralrmi.com\/wp-content\/uploads\/2025\/05\/pexels-photo-8058707.jpeg?fit=675%2C1200&ssl=1&resize=350%2C200","width":350,"height":200,"srcset":"https:\/\/i0.wp.com\/pastoralrmi.com\/wp-content\/uploads\/2025\/05\/pexels-photo-8058707.jpeg?fit=675%2C1200&ssl=1&resize=350%2C200 1x, https:\/\/i0.wp.com\/pastoralrmi.com\/wp-content\/uploads\/2025\/05\/pexels-photo-8058707.jpeg?fit=675%2C1200&ssl=1&resize=525%2C300 1.5x"},"classes":[]},{"id":3401,"url":"https:\/\/pastoralrmi.com\/es\/el-poder-del-liderazgo\/","url_meta":{"origin":4608,"position":2},"title":"El poder del liderazgo: inspiraci\u00f3n y transformaci\u00f3n","author":"Blog de pastoral Provincia Iberica","date":"12 de febrero de 2025","format":false,"excerpt":"Esta reflexi\u00f3n me parece esencial para las personas que actualmente trabajan en los centros educativos. Los estudiantes de hoy en d\u00eda necesitan l\u00edderes que les ayuden a visualizar lo mejor de s\u00ed mismos. Necesitan modelos a seguir que, con sus acciones, les motiven, les ilusionen y les gu\u00eden hacia el\u2026","rel":"","context":"En \u00abCentros educativos\u00bb","block_context":{"text":"Centros educativos","link":"https:\/\/pastoralrmi.com\/es\/category\/obras-apostolicas\/centros-educativos\/"},"img":{"alt_text":"morning beach jog with misty atmosphere","src":"https:\/\/i0.wp.com\/pastoralrmi.com\/wp-content\/uploads\/2025\/02\/pexels-photo-30600983.jpeg?fit=1200%2C800&ssl=1&resize=350%2C200","width":350,"height":200,"srcset":"https:\/\/i0.wp.com\/pastoralrmi.com\/wp-content\/uploads\/2025\/02\/pexels-photo-30600983.jpeg?fit=1200%2C800&ssl=1&resize=350%2C200 1x, https:\/\/i0.wp.com\/pastoralrmi.com\/wp-content\/uploads\/2025\/02\/pexels-photo-30600983.jpeg?fit=1200%2C800&ssl=1&resize=525%2C300 1.5x, https:\/\/i0.wp.com\/pastoralrmi.com\/wp-content\/uploads\/2025\/02\/pexels-photo-30600983.jpeg?fit=1200%2C800&ssl=1&resize=700%2C400 2x, https:\/\/i0.wp.com\/pastoralrmi.com\/wp-content\/uploads\/2025\/02\/pexels-photo-30600983.jpeg?fit=1200%2C800&ssl=1&resize=1050%2C600 3x"},"classes":[]},{"id":2614,"url":"https:\/\/pastoralrmi.com\/es\/la-amistad-y-la-empatia-desde-el-corazon-de-jesus\/","url_meta":{"origin":4608,"position":3},"title":"La amistad y la empat\u00eda desde el coraz\u00f3n de Jes\u00fas","author":"Blog de pastoral Provincia Iberica","date":"2 de diciembre de 2024","format":false,"excerpt":"El objetivo de esta tutor\u00eda es inspirar a los j\u00f3venes a cultivar la empat\u00eda y la amistad como reflejo del amor de Jes\u00fas, profundizando en su relaci\u00f3n consigo mismos, con los dem\u00e1s y con Dios. El amor de Dios se manifiesta en el amor que mostramos hacia los dem\u00e1s. La\u2026","rel":"","context":"En \u00abCOMPRENDER\u00bb","block_context":{"text":"COMPRENDER","link":"https:\/\/pastoralrmi.com\/es\/category\/comprender\/"},"img":{"alt_text":"scrabble tiles glued to the wall","src":"https:\/\/i0.wp.com\/pastoralrmi.com\/wp-content\/uploads\/2024\/12\/pexels-photo-16760595.jpeg?fit=1200%2C797&ssl=1&resize=350%2C200","width":350,"height":200,"srcset":"https:\/\/i0.wp.com\/pastoralrmi.com\/wp-content\/uploads\/2024\/12\/pexels-photo-16760595.jpeg?fit=1200%2C797&ssl=1&resize=350%2C200 1x, https:\/\/i0.wp.com\/pastoralrmi.com\/wp-content\/uploads\/2024\/12\/pexels-photo-16760595.jpeg?fit=1200%2C797&ssl=1&resize=525%2C300 1.5x, https:\/\/i0.wp.com\/pastoralrmi.com\/wp-content\/uploads\/2024\/12\/pexels-photo-16760595.jpeg?fit=1200%2C797&ssl=1&resize=700%2C400 2x, https:\/\/i0.wp.com\/pastoralrmi.com\/wp-content\/uploads\/2024\/12\/pexels-photo-16760595.jpeg?fit=1200%2C797&ssl=1&resize=1050%2C600 3x"},"classes":[]},{"id":4516,"url":"https:\/\/pastoralrmi.com\/es\/comunicacion-saludable\/","url_meta":{"origin":4608,"position":4},"title":"Comunicaci\u00f3n saludable","author":"Blog de pastoral Provincia Iberica","date":"28 de abril de 2025","format":false,"excerpt":"El di\u00e1logo es una forma privilegiada e indispensable de vivir, expresar y madurar el amor en la vida. Frente a un mundo que nos a\u00edsla en pantallas y en redes sociales, conviene no olvidar que el ser humano est\u00e1 creado para la comunicaci\u00f3n y el di\u00e1logo. Sencillamente, cuanto m\u00e1s y\u2026","rel":"","context":"En \u00abCOMPRENDER\u00bb","block_context":{"text":"COMPRENDER","link":"https:\/\/pastoralrmi.com\/es\/category\/comprender\/"},"img":{"alt_text":"three men standing on brown soil pathway surrounded by green leaf plants","src":"https:\/\/i0.wp.com\/pastoralrmi.com\/wp-content\/uploads\/2025\/04\/pexels-photo-1197373.jpeg?fit=1200%2C801&ssl=1&resize=350%2C200","width":350,"height":200,"srcset":"https:\/\/i0.wp.com\/pastoralrmi.com\/wp-content\/uploads\/2025\/04\/pexels-photo-1197373.jpeg?fit=1200%2C801&ssl=1&resize=350%2C200 1x, https:\/\/i0.wp.com\/pastoralrmi.com\/wp-content\/uploads\/2025\/04\/pexels-photo-1197373.jpeg?fit=1200%2C801&ssl=1&resize=525%2C300 1.5x, https:\/\/i0.wp.com\/pastoralrmi.com\/wp-content\/uploads\/2025\/04\/pexels-photo-1197373.jpeg?fit=1200%2C801&ssl=1&resize=700%2C400 2x, https:\/\/i0.wp.com\/pastoralrmi.com\/wp-content\/uploads\/2025\/04\/pexels-photo-1197373.jpeg?fit=1200%2C801&ssl=1&resize=1050%2C600 3x"},"classes":[]},{"id":2373,"url":"https:\/\/pastoralrmi.com\/es\/el-arte-de-acompanar\/","url_meta":{"origin":4608,"position":5},"title":"El arte de acompa\u00f1ar","author":"Blog de pastoral Provincia Iberica","date":"20 de noviembre de 2024","format":false,"excerpt":"Acompa\u00f1ar es para nosotros ACOGER la Vida, acompa\u00f1ar la de nuestros j\u00f3venes, y ayudarles a descubrir \u201cdentro\u201d su prop\u00f3sito. Acompa\u00f1ar no es dirigir, hacer terapia o aconsejar, sino caminar al lado de nuestros j\u00f3venes.","rel":"","context":"En \u00abDesarrollo integral\u00bb","block_context":{"text":"Desarrollo integral","link":"https:\/\/pastoralrmi.com\/es\/category\/fluir\/desarrollo-integral\/"},"img":{"alt_text":"violet blooming flower","src":"https:\/\/i0.wp.com\/pastoralrmi.com\/wp-content\/uploads\/2024\/11\/pexels-photo-17300522.jpeg?fit=800%2C1200&ssl=1&resize=350%2C200","width":350,"height":200,"srcset":"https:\/\/i0.wp.com\/pastoralrmi.com\/wp-content\/uploads\/2024\/11\/pexels-photo-17300522.jpeg?fit=800%2C1200&ssl=1&resize=350%2C200 1x, https:\/\/i0.wp.com\/pastoralrmi.com\/wp-content\/uploads\/2024\/11\/pexels-photo-17300522.jpeg?fit=800%2C1200&ssl=1&resize=525%2C300 1.5x, https:\/\/i0.wp.com\/pastoralrmi.com\/wp-content\/uploads\/2024\/11\/pexels-photo-17300522.jpeg?fit=800%2C1200&ssl=1&resize=700%2C400 2x"},"classes":[]}],"_links":{"self":[{"href":"https:\/\/pastoralrmi.com\/es\/wp-json\/wp\/v2\/posts\/4608","targetHints":{"allow":["GET"]}}],"collection":[{"href":"https:\/\/pastoralrmi.com\/es\/wp-json\/wp\/v2\/posts"}],"about":[{"href":"https:\/\/pastoralrmi.com\/es\/wp-json\/wp\/v2\/types\/post"}],"author":[{"embeddable":true,"href":"https:\/\/pastoralrmi.com\/es\/wp-json\/wp\/v2\/users\/246329482"}],"replies":[{"embeddable":true,"href":"https:\/\/pastoralrmi.com\/es\/wp-json\/wp\/v2\/comments?post=4608"}],"version-history":[{"count":20,"href":"https:\/\/pastoralrmi.com\/es\/wp-json\/wp\/v2\/posts\/4608\/revisions"}],"predecessor-version":[{"id":4653,"href":"https:\/\/pastoralrmi.com\/es\/wp-json\/wp\/v2\/posts\/4608\/revisions\/4653"}],"wp:featuredmedia":[{"embeddable":true,"href":"https:\/\/pastoralrmi.com\/es\/wp-json\/wp\/v2\/media\/4610"}],"wp:attachment":[{"href":"https:\/\/pastoralrmi.com\/es\/wp-json\/wp\/v2\/media?parent=4608"}],"wp:term":[{"taxonomy":"category","embeddable":true,"href":"https:\/\/pastoralrmi.com\/es\/wp-json\/wp\/v2\/categories?post=4608"},{"taxonomy":"post_tag","embeddable":true,"href":"https:\/\/pastoralrmi.com\/es\/wp-json\/wp\/v2\/tags?post=4608"}],"curies":[{"name":"wp","href":"https:\/\/api.w.org\/{rel}","templated":true}]}}