{"id":5143,"date":"2025-06-18T12:00:00","date_gmt":"2025-06-18T10:00:00","guid":{"rendered":"https:\/\/pastoralrmi.com\/?p=5143"},"modified":"2025-08-21T19:09:10","modified_gmt":"2025-08-21T17:09:10","slug":"residencias-rmi-sostener-y-arropar","status":"publish","type":"post","link":"https:\/\/pastoralrmi.com\/es\/residencias-rmi-sostener-y-arropar\/","title":{"rendered":"Residencias RMI: sostener y arropar"},"content":{"rendered":"\n<div class=\"wp-block-group has-global-padding is-layout-constrained wp-block-group-is-layout-constrained\">\n<p class=\"wp-block-paragraph\">Hablar de la residencia para mi supone hablar de VIDA, de muchas vidas entrelazadas que forman un Hogar. Son vidas que tienen un rostro, un nombre, una historia detr\u00e1s, son j\u00f3venes que buscan su futuro, que llegan con Ilusi\u00f3n, sue\u00f1os, metas, proyectos, pero tambi\u00e9n que llegan con temores, inseguridades, miedo a lo desconocido, mecanismos de defensa y muchas cosas m\u00e1s que traen en la maleta.<\/p>\n\n\n\n<p class=\"wp-block-paragraph\">Salir del n\u00facleo familiar y del lugar de origen <strong>supone una ruptura y un duelo<\/strong>, es un cambio que implica empezar de cero, en muchos casos en una ciudad o pa\u00eds desconocido, calles y avenidas desconocidas, rostros y acentos desconocidos, y es ah\u00ed donde estamos nosotras, esperando ver llegar a esa joven que entra por primera vez a nuestra casa.<\/p>\n<\/div>\n\n\n\n<h2 class=\"wp-block-heading\">La primera puerta es la acogida<\/h2>\n\n\n\n<p class=\"wp-block-paragraph\">Acoger a la joven en su totalidad para m\u00ed significa ir m\u00e1s all\u00e1 de la apariencia, de la primera impresi\u00f3n. Acoger a cada joven en su misterio con una mirada llena de esperanza por lo que puede llegar a ser. Es ofrecer ese espacio donde pueda <strong>desplegarse total y libremente<\/strong> sin miedo a ser juzgada.<\/p>\n\n\n\n<div class=\"wp-block-group is-layout-flow wp-block-group-is-layout-flow\">\n<div class=\"wp-block-group is-layout-flow wp-block-group-is-layout-flow\">\n<div class=\"wp-block-columns is-layout-flex wp-container-core-columns-is-layout-3efa94ca wp-block-columns-is-layout-flex\">\n<div class=\"wp-block-column is-layout-flow wp-block-column-is-layout-flow\" style=\"flex-basis:66.66%\">\n<figure class=\"wp-block-image size-full is-resized\"><img data-recalc-dims=\"1\" loading=\"lazy\" decoding=\"async\" width=\"867\" height=\"1300\" data-attachment-id=\"5150\" data-permalink=\"https:\/\/pastoralrmi.com\/es\/residencias-rmi-sostener-y-arropar\/pexels-photo-4553164\/\" data-orig-file=\"https:\/\/i0.wp.com\/pastoralrmi.com\/wp-content\/uploads\/2025\/06\/pexels-photo-4553164.jpeg?fit=867%2C1300&amp;ssl=1\" data-orig-size=\"867,1300\" data-comments-opened=\"1\" data-image-meta=\"{&quot;aperture&quot;:&quot;0&quot;,&quot;credit&quot;:&quot;&quot;,&quot;camera&quot;:&quot;&quot;,&quot;caption&quot;:&quot;Photo by cottonbro studio on &lt;a href=\\&quot;https:\/\/www.pexels.com\/photo\/person-in-white-t-shirt-in-brown-cardboard-box-4553164\/\\&quot; rel=\\&quot;nofollow\\&quot;&gt;Pexels.com&lt;\/a&gt;&quot;,&quot;created_timestamp&quot;:&quot;0&quot;,&quot;copyright&quot;:&quot;&quot;,&quot;focal_length&quot;:&quot;0&quot;,&quot;iso&quot;:&quot;0&quot;,&quot;shutter_speed&quot;:&quot;0&quot;,&quot;title&quot;:&quot;person in white t shirt in brown cardboard box&quot;,&quot;orientation&quot;:&quot;0&quot;}\" data-image-title=\"pexels-photo-4553164\" data-image-description=\"\" data-image-caption=\"&lt;p&gt;Photo by cottonbro studio on &lt;a href=&quot;https:\/\/www.pexels.com\/photo\/person-in-white-t-shirt-in-brown-cardboard-box-4553164\/&quot; rel=&quot;nofollow&quot;&gt;Pexels.com&lt;\/a&gt;&lt;\/p&gt;\n\" data-large-file=\"https:\/\/i0.wp.com\/pastoralrmi.com\/wp-content\/uploads\/2025\/06\/pexels-photo-4553164.jpeg?fit=683%2C1024&amp;ssl=1\" src=\"https:\/\/i0.wp.com\/pastoralrmi.com\/wp-content\/uploads\/2025\/06\/pexels-photo-4553164.jpeg?resize=867%2C1300&#038;ssl=1\" alt=\"person in white t shirt in brown cardboard box\" class=\"wp-image-5150\" style=\"aspect-ratio:0.6669250359871554;width:695px;height:auto\" srcset=\"https:\/\/i0.wp.com\/pastoralrmi.com\/wp-content\/uploads\/2025\/06\/pexels-photo-4553164.jpeg?w=867&amp;ssl=1 867w, https:\/\/i0.wp.com\/pastoralrmi.com\/wp-content\/uploads\/2025\/06\/pexels-photo-4553164.jpeg?resize=200%2C300&amp;ssl=1 200w, https:\/\/i0.wp.com\/pastoralrmi.com\/wp-content\/uploads\/2025\/06\/pexels-photo-4553164.jpeg?resize=683%2C1024&amp;ssl=1 683w, https:\/\/i0.wp.com\/pastoralrmi.com\/wp-content\/uploads\/2025\/06\/pexels-photo-4553164.jpeg?resize=100%2C150&amp;ssl=1 100w, https:\/\/i0.wp.com\/pastoralrmi.com\/wp-content\/uploads\/2025\/06\/pexels-photo-4553164.jpeg?resize=768%2C1152&amp;ssl=1 768w, https:\/\/i0.wp.com\/pastoralrmi.com\/wp-content\/uploads\/2025\/06\/pexels-photo-4553164.jpeg?resize=8%2C12&amp;ssl=1 8w\" sizes=\"auto, (max-width: 867px) 100vw, 867px\" \/><\/figure>\n<\/div>\n\n\n\n<div class=\"wp-block-column is-layout-flow wp-block-column-is-layout-flow\" style=\"flex-basis:33.33%\">\n<div style=\"height:100px\" aria-hidden=\"true\" class=\"wp-block-spacer\"><\/div>\n\n\n\n<figure class=\"wp-block-image size-full\"><img data-recalc-dims=\"1\" loading=\"lazy\" decoding=\"async\" width=\"975\" height=\"1300\" data-attachment-id=\"5149\" data-permalink=\"https:\/\/pastoralrmi.com\/es\/residencias-rmi-sostener-y-arropar\/pexels-photo-32517510\/\" data-orig-file=\"https:\/\/i0.wp.com\/pastoralrmi.com\/wp-content\/uploads\/2025\/06\/pexels-photo-32517510.jpeg?fit=975%2C1300&amp;ssl=1\" data-orig-size=\"975,1300\" data-comments-opened=\"1\" data-image-meta=\"{&quot;aperture&quot;:&quot;0&quot;,&quot;credit&quot;:&quot;&quot;,&quot;camera&quot;:&quot;&quot;,&quot;caption&quot;:&quot;Photo by Christian Himmel on &lt;a href=\\&quot;https:\/\/www.pexels.com\/photo\/close-up-of-a-dandelion-with-wind-blown-seeds-32517510\/\\&quot; rel=\\&quot;nofollow\\&quot;&gt;Pexels.com&lt;\/a&gt;&quot;,&quot;created_timestamp&quot;:&quot;0&quot;,&quot;copyright&quot;:&quot;&quot;,&quot;focal_length&quot;:&quot;0&quot;,&quot;iso&quot;:&quot;0&quot;,&quot;shutter_speed&quot;:&quot;0&quot;,&quot;title&quot;:&quot;close up of a dandelion with wind blown seeds&quot;,&quot;orientation&quot;:&quot;0&quot;}\" data-image-title=\"pexels-photo-32517510\" data-image-description=\"\" data-image-caption=\"&lt;p&gt;Photo by Christian Himmel on &lt;a href=&quot;https:\/\/www.pexels.com\/photo\/close-up-of-a-dandelion-with-wind-blown-seeds-32517510\/&quot; rel=&quot;nofollow&quot;&gt;Pexels.com&lt;\/a&gt;&lt;\/p&gt;\n\" data-large-file=\"https:\/\/i0.wp.com\/pastoralrmi.com\/wp-content\/uploads\/2025\/06\/pexels-photo-32517510.jpeg?fit=768%2C1024&amp;ssl=1\" src=\"https:\/\/i0.wp.com\/pastoralrmi.com\/wp-content\/uploads\/2025\/06\/pexels-photo-32517510.jpeg?resize=975%2C1300&#038;ssl=1\" alt=\"close up of a dandelion with wind blown seeds\" class=\"wp-image-5149\" srcset=\"https:\/\/i0.wp.com\/pastoralrmi.com\/wp-content\/uploads\/2025\/06\/pexels-photo-32517510.jpeg?w=975&amp;ssl=1 975w, https:\/\/i0.wp.com\/pastoralrmi.com\/wp-content\/uploads\/2025\/06\/pexels-photo-32517510.jpeg?resize=225%2C300&amp;ssl=1 225w, https:\/\/i0.wp.com\/pastoralrmi.com\/wp-content\/uploads\/2025\/06\/pexels-photo-32517510.jpeg?resize=768%2C1024&amp;ssl=1 768w, https:\/\/i0.wp.com\/pastoralrmi.com\/wp-content\/uploads\/2025\/06\/pexels-photo-32517510.jpeg?resize=113%2C150&amp;ssl=1 113w, https:\/\/i0.wp.com\/pastoralrmi.com\/wp-content\/uploads\/2025\/06\/pexels-photo-32517510.jpeg?resize=9%2C12&amp;ssl=1 9w, https:\/\/i0.wp.com\/pastoralrmi.com\/wp-content\/uploads\/2025\/06\/pexels-photo-32517510.jpeg?resize=900%2C1200&amp;ssl=1 900w, https:\/\/i0.wp.com\/pastoralrmi.com\/wp-content\/uploads\/2025\/06\/pexels-photo-32517510.jpeg?resize=600%2C800&amp;ssl=1 600w, https:\/\/i0.wp.com\/pastoralrmi.com\/wp-content\/uploads\/2025\/06\/pexels-photo-32517510.jpeg?resize=450%2C600&amp;ssl=1 450w, https:\/\/i0.wp.com\/pastoralrmi.com\/wp-content\/uploads\/2025\/06\/pexels-photo-32517510.jpeg?resize=300%2C400&amp;ssl=1 300w, https:\/\/i0.wp.com\/pastoralrmi.com\/wp-content\/uploads\/2025\/06\/pexels-photo-32517510.jpeg?resize=150%2C200&amp;ssl=1 150w\" sizes=\"auto, (max-width: 975px) 100vw, 975px\" \/><\/figure>\n<\/div>\n<\/div>\n<\/div>\n<\/div>\n\n\n\n<div class=\"wp-block-group is-layout-flow wp-container-core-group-is-layout-6674a1c4 wp-block-group-is-layout-flow\">\n<h3 class=\"wp-block-heading\">Los primeros meses son los m\u00e1s cruciales<\/h3>\n\n\n\n<p class=\"wp-block-paragraph\">y creo que nuestra presencia es muy importante para <span data-color=\"#ddebf1\" style=\"background: #ddebf1;\" class=\"has-highlight-color\">facilitar lo m\u00e1s que se pueda<\/span> la adaptaci\u00f3n y la integraci\u00f3n tanto en el \u00e1mbito acad\u00e9mico como en el \u00e1mbito relacional entre las diferentes j\u00f3venes, a trav\u00e9s de estructuras, din\u00e1micas y actividades. Es fundamental una escucha constante, y <strong>ser ese apoyo que ellas necesitan<\/strong>. M\u00e1s all\u00e1 de las reglas y normas de convivencia que son importantes, est\u00e1 una atenci\u00f3n personalizada y una <span data-color=\"#faebdd\" style=\"background: #faebdd;\" class=\"has-highlight-color\">presencia incondicional <\/span>que siempre estar\u00e1 ah\u00ed para ellas.<\/p>\n<\/div>\n\n\n\n<p class=\"has-medium-font-size wp-block-paragraph\"><strong><em>Sostener y arropar<\/em><\/strong> en temporadas de ex\u00e1menes<\/p>\n\n\n\n<p class=\"wp-block-paragraph\">En esos momentos cr\u00edticos donde <strong>la vulnerabilidad se hace m\u00e1s presente<\/strong>, la fragilidad, el agobio, la frustraci\u00f3n y la soledad, los bajones y los miedos. Para mi nuestra presencia tiene que<span data-color=\"#faebdd\" style=\"background: #faebdd;\" class=\"has-highlight-color\"> ser suelo firme <\/span>donde ellas se puedan soltar y desahogar. No es tanto una escucha pasiva de dar \u201cpalmaditas en la espalda\u201d. Sino de una escucha activa desde dentro para acompa\u00f1ar a cada joven desde su realidad concreta, se trata de un <strong>caminar incondicionalmente con ella<\/strong>, una presencia que sostiene con paciencia y ternura y <span data-color=\"#ddebf1\" style=\"background: #ddebf1;\" class=\"has-highlight-color\">a la vez confronta y estimula<\/span>, supone dar horizonte ayudarle a sacar lo mejor de s\u00ed misma, a que pueda ser desde su propio don.<\/p>\n\n\n\n<div class=\"wp-block-group has-global-padding is-layout-constrained wp-block-group-is-layout-constrained\">\n<p class=\"has-text-align-right wp-block-paragraph\"><em>Cuando el horizonte se nuble y no tengas claro el camino, y te agobies porque no llegaste Recordar\u00e9 los motivos por los que empezaste este viaje, caminar\u00e9 contigo hasta donde haga falta, sin prisa, con alma sin fronteras;<br>celebrando cada peque\u00f1o triunfo:<br>el ejercicio resuelto, el tema que al fin entendiste,<br>la sonrisa que regres\u00f3 despu\u00e9s del error.<\/em><\/p>\n\n\n\n<p class=\"has-text-align-right wp-block-paragraph\"><em>Porque la vida no es un examen<br>que se gana con una nota al final,<br>sino con los pasos que te hicieron crecer.<\/em><\/p>\n\n\n\n<p class=\"has-text-align-right wp-block-paragraph\"><em>Testigo de este viaje, contigo estar\u00e9\u2026<\/em><\/p>\n<\/div>\n\n\n\n<p class=\"wp-block-paragraph\"><strong><em>Algo que me ha marcado en todo este tiempo es que cada joven que llega a nuestra casa, es una llamada para atender, un misterio para acoger, una vida para cuidar y un alma para acompa\u00f1ar\u2026<\/em><\/strong><\/p>\n\n\n\n<div style=\"height:62px\" aria-hidden=\"true\" class=\"wp-block-spacer\"><\/div>\n\n\n\n<p class=\"has-text-align-right wp-block-paragraph\">por <em>Blanca Mat\u00edas, rmi<\/em>.<\/p>\n\n\n\n<div style=\"height:60px\" aria-hidden=\"true\" class=\"wp-block-spacer\"><\/div>\n","protected":false},"excerpt":{"rendered":"<p>Hablar de la residencia para mi supone hablar de VIDA, de muchas vidas entrelazadas que forman un Hogar. Son vidas que tienen un rostro, un nombre, una historia detr\u00e1s, son j\u00f3venes que buscan su futuro, que llegan con Ilusi\u00f3n, sue\u00f1os, metas, proyectos, pero tambi\u00e9n que llegan con temores, inseguridades, miedo a lo desconocido, mecanismos de [&hellip;]<\/p>\n","protected":false},"author":246329482,"featured_media":5152,"comment_status":"open","ping_status":"open","sticky":false,"template":"","format":"standard","meta":{"_eb_attr":"","_crdt_document":"","advanced_seo_description":"","jetpack_seo_html_title":"","jetpack_seo_noindex":false,"_jetpack_newsletter_access":"","_jetpack_dont_email_post_to_subs":false,"_jetpack_newsletter_tier_id":0,"_jetpack_memberships_contains_paywalled_content":false,"_jetpack_memberships_contains_paid_content":false,"footnotes":"","jetpack_publicize_message":"","jetpack_publicize_feature_enabled":true,"jetpack_social_post_already_shared":true,"jetpack_social_options":{"image_generator_settings":{"template":"highway","default_image_id":0,"enabled":false},"version":2},"_wpas_customize_per_network":false,"jetpack_post_was_ever_published":false},"categories":[771144771,772356424,1039746,772356669],"tags":[772356614,772356429,772356665,772356554,772356436,772356463,349739531,772356610,772356371,772356366,772356497,11051,772356440,772356663,772356664,772356585],"class_list":["post-5143","post","type-post","status-publish","format-standard","has-post-thumbnail","hentry","category-destellos-de-vida-cotidiana","category-entradas","category-fluir","category-residencias","tag-acogida","tag-acompanamiento","tag-arropar","tag-cambio","tag-carisma","tag-crecimiento","tag-cualidades-esenciales","tag-cuidado","tag-desarrollo-integral","tag-destellos-de-vida-cotidiana","tag-hogar","tag-jovenes","tag-presencia","tag-residencias","tag-rmi","tag-sostener"],"jetpack_publicize_connections":[],"jetpack_featured_media_url":"https:\/\/i0.wp.com\/pastoralrmi.com\/wp-content\/uploads\/2025\/06\/pexels-photo-4569853.jpeg?fit=867%2C1300&ssl=1","jetpack_likes_enabled":true,"jetpack_sharing_enabled":true,"jetpack_shortlink":"https:\/\/wp.me\/pfvk8v-1kX","jetpack-related-posts":[{"id":2504,"url":"https:\/\/pastoralrmi.com\/es\/al-hilo-del-carisma-y-la-presencia\/","url_meta":{"origin":5143,"position":0},"title":"Al hilo del carisma y la presencia","author":"Blog de pastoral Provincia Iberica","date":"27 de noviembre de 2024","format":false,"excerpt":"Han pasado 156 a\u00f1os desde que VICENTA MAR\u00cdA escrib\u00eda a su padre en Cascante: \u00a1Esta obra que hace tantos a\u00f1os se viene en ella trabajando, y ahora es cuando se empieza a verla nacer y que promete tanto fruto!. Comenz\u00f3 como un boceto de vida, con un Eje principal como\u2026","rel":"","context":"En \u00abDestellos de vida cotidiana\u00bb","block_context":{"text":"Destellos de vida cotidiana","link":"https:\/\/pastoralrmi.com\/es\/category\/fluir\/destellos-de-vida-cotidiana\/"},"img":{"alt_text":"woman with red nails painting green stripe on canvas","src":"https:\/\/i0.wp.com\/pastoralrmi.com\/wp-content\/uploads\/2024\/11\/pexels-photo-159983.jpeg?fit=1200%2C797&ssl=1&resize=350%2C200","width":350,"height":200,"srcset":"https:\/\/i0.wp.com\/pastoralrmi.com\/wp-content\/uploads\/2024\/11\/pexels-photo-159983.jpeg?fit=1200%2C797&ssl=1&resize=350%2C200 1x, https:\/\/i0.wp.com\/pastoralrmi.com\/wp-content\/uploads\/2024\/11\/pexels-photo-159983.jpeg?fit=1200%2C797&ssl=1&resize=525%2C300 1.5x, https:\/\/i0.wp.com\/pastoralrmi.com\/wp-content\/uploads\/2024\/11\/pexels-photo-159983.jpeg?fit=1200%2C797&ssl=1&resize=700%2C400 2x, https:\/\/i0.wp.com\/pastoralrmi.com\/wp-content\/uploads\/2024\/11\/pexels-photo-159983.jpeg?fit=1200%2C797&ssl=1&resize=1050%2C600 3x"},"classes":[]},{"id":3896,"url":"https:\/\/pastoralrmi.com\/es\/centro-social-rmi-tu-casa\/","url_meta":{"origin":5143,"position":1},"title":"Centro Social RMI: tu casa","author":"Blog de pastoral Provincia Iberica","date":"26 de marzo de 2025","format":false,"excerpt":"\u00bfC\u00f3mo te sentiste la primera vez que llegaste al Centro Social? Como si estuviese en mi casa. La inmigraci\u00f3n es un fen\u00f3meno que ha existido a lo largo de la historia de la humanidad. Seg\u00fan datos del Instituto Nacional de Estad\u00edstica (INE), se estima que en Espa\u00f1a hay alrededor de\u2026","rel":"","context":"En \u00abCentros Sociales\u00bb","block_context":{"text":"Centros Sociales","link":"https:\/\/pastoralrmi.com\/es\/category\/obras-apostolicas\/centros-sociales\/"},"img":{"alt_text":"people holding miniature wooden house","src":"https:\/\/i0.wp.com\/pastoralrmi.com\/wp-content\/uploads\/2025\/03\/pexels-photo-7579135.jpeg?fit=1200%2C900&ssl=1&resize=350%2C200","width":350,"height":200,"srcset":"https:\/\/i0.wp.com\/pastoralrmi.com\/wp-content\/uploads\/2025\/03\/pexels-photo-7579135.jpeg?fit=1200%2C900&ssl=1&resize=350%2C200 1x, https:\/\/i0.wp.com\/pastoralrmi.com\/wp-content\/uploads\/2025\/03\/pexels-photo-7579135.jpeg?fit=1200%2C900&ssl=1&resize=525%2C300 1.5x, https:\/\/i0.wp.com\/pastoralrmi.com\/wp-content\/uploads\/2025\/03\/pexels-photo-7579135.jpeg?fit=1200%2C900&ssl=1&resize=700%2C400 2x, https:\/\/i0.wp.com\/pastoralrmi.com\/wp-content\/uploads\/2025\/03\/pexels-photo-7579135.jpeg?fit=1200%2C900&ssl=1&resize=1050%2C600 3x"},"classes":[]},{"id":6233,"url":"https:\/\/pastoralrmi.com\/es\/la-direccion-compartida-nuevos-modos-de-trabajar\/","url_meta":{"origin":5143,"position":2},"title":"La direcci\u00f3n compartida: nuevos modos de trabajar","author":"Blog de pastoral Provincia Iberica","date":"15 de octubre de 2025","format":false,"excerpt":"Parece ser que la realidad nos empuja a resignificar algunas cosas de las que ten\u00edamos como ciertas.\u00a0 Es verdad, da v\u00e9rtigo, incluso porque lo bonito y sano de la tradici\u00f3n es que nos da sentido de identidad, de pertenencia, \u00abcomo si quisi\u00e9ramos decir: yo no he dejado de ser aquel\u2026","rel":"","context":"En \u00abDestellos de vida cotidiana\u00bb","block_context":{"text":"Destellos de vida cotidiana","link":"https:\/\/pastoralrmi.com\/es\/category\/fluir\/destellos-de-vida-cotidiana\/"},"img":{"alt_text":"flags decorating street","src":"https:\/\/i0.wp.com\/pastoralrmi.com\/wp-content\/uploads\/2025\/10\/pexels-photo-16578585.jpeg?fit=799%2C1200&ssl=1&resize=350%2C200","width":350,"height":200,"srcset":"https:\/\/i0.wp.com\/pastoralrmi.com\/wp-content\/uploads\/2025\/10\/pexels-photo-16578585.jpeg?fit=799%2C1200&ssl=1&resize=350%2C200 1x, https:\/\/i0.wp.com\/pastoralrmi.com\/wp-content\/uploads\/2025\/10\/pexels-photo-16578585.jpeg?fit=799%2C1200&ssl=1&resize=525%2C300 1.5x, https:\/\/i0.wp.com\/pastoralrmi.com\/wp-content\/uploads\/2025\/10\/pexels-photo-16578585.jpeg?fit=799%2C1200&ssl=1&resize=700%2C400 2x"},"classes":[]},{"id":4685,"url":"https:\/\/pastoralrmi.com\/es\/llamada-a-algo-mas\/","url_meta":{"origin":5143,"position":3},"title":"\u00abLlamada a algo m\u00e1s\u00bb","author":"Blog de pastoral Provincia Iberica","date":"14 de mayo de 2025","format":false,"excerpt":"Especial Vocaci\u00f3n La tripartici\u00f3n cl\u00e1sica -sacerdotal, religiosa y laical- no es otra cosa que una manera de ordenar lo que, en el fondo, es una misma realidad. Apunta a esa \u00fanica llamada, a esa vocaci\u00f3n fundamental: la atracci\u00f3n hacia el consumarnos plenamente. La forma como cada uno la actuamos va\u2026","rel":"","context":"En \u00abDestellos de vida cotidiana\u00bb","block_context":{"text":"Destellos de vida cotidiana","link":"https:\/\/pastoralrmi.com\/es\/category\/fluir\/destellos-de-vida-cotidiana\/"},"img":{"alt_text":"a brown ceramic bowl","src":"https:\/\/i0.wp.com\/pastoralrmi.com\/wp-content\/uploads\/2025\/05\/pexels-photo-6568738.jpeg?fit=800%2C1200&ssl=1&resize=350%2C200","width":350,"height":200,"srcset":"https:\/\/i0.wp.com\/pastoralrmi.com\/wp-content\/uploads\/2025\/05\/pexels-photo-6568738.jpeg?fit=800%2C1200&ssl=1&resize=350%2C200 1x, https:\/\/i0.wp.com\/pastoralrmi.com\/wp-content\/uploads\/2025\/05\/pexels-photo-6568738.jpeg?fit=800%2C1200&ssl=1&resize=525%2C300 1.5x, https:\/\/i0.wp.com\/pastoralrmi.com\/wp-content\/uploads\/2025\/05\/pexels-photo-6568738.jpeg?fit=800%2C1200&ssl=1&resize=700%2C400 2x"},"classes":[]},{"id":1852,"url":"https:\/\/pastoralrmi.com\/es\/alzando-jesus-la-mirada-vio\/","url_meta":{"origin":5143,"position":4},"title":"Alzando Jes\u00fas la mirada, vio","author":"Blog de pastoral Provincia Iberica","date":"8 de octubre de 2024","format":false,"excerpt":"Estuve un rato mir\u00e1ndote con una mezcla de unci\u00f3n y asombro. Nadie parec\u00eda notar tu presencia, ah\u00ed callada, a pleno sol de mediod\u00eda, desgranando lentamente las cuentas hechas oraci\u00f3n de tu gastado Rosario...","rel":"","context":"En \u00abDestellos de vida cotidiana\u00bb","block_context":{"text":"Destellos de vida cotidiana","link":"https:\/\/pastoralrmi.com\/es\/category\/fluir\/destellos-de-vida-cotidiana\/"},"img":{"alt_text":"","src":"https:\/\/i0.wp.com\/pastoralrmi.com\/wp-content\/uploads\/2024\/10\/imagem-whatsapp-2024-10-04-as-09.22.07_c24f31c6.jpg?fit=932%2C1200&ssl=1&resize=350%2C200","width":350,"height":200,"srcset":"https:\/\/i0.wp.com\/pastoralrmi.com\/wp-content\/uploads\/2024\/10\/imagem-whatsapp-2024-10-04-as-09.22.07_c24f31c6.jpg?fit=932%2C1200&ssl=1&resize=350%2C200 1x, https:\/\/i0.wp.com\/pastoralrmi.com\/wp-content\/uploads\/2024\/10\/imagem-whatsapp-2024-10-04-as-09.22.07_c24f31c6.jpg?fit=932%2C1200&ssl=1&resize=525%2C300 1.5x, https:\/\/i0.wp.com\/pastoralrmi.com\/wp-content\/uploads\/2024\/10\/imagem-whatsapp-2024-10-04-as-09.22.07_c24f31c6.jpg?fit=932%2C1200&ssl=1&resize=700%2C400 2x"},"classes":[]},{"id":1721,"url":"https:\/\/pastoralrmi.com\/es\/rito-de-acogida\/","url_meta":{"origin":5143,"position":5},"title":"Rito de acogida","author":"Blog de pastoral Provincia Iberica","date":"25 de junio de 2024","format":false,"excerpt":"Los ritos de acogida quieren acompa\u00f1ar esos momentos iniciales en donde suele haber una gran mezcla de alegr\u00eda y tristeza, de ilusi\u00f3n y entusiasmo, de dudas y miedos, de un poquito de \u201cdesgarro\u201d. Tal vez agradecimiento, tambi\u00e9n ilusi\u00f3n por lo que est\u00e1 por venir: por las nuevas personas que van\u2026","rel":"","context":"En \u00abCOMPRENDER\u00bb","block_context":{"text":"COMPRENDER","link":"https:\/\/pastoralrmi.com\/es\/category\/comprender\/"},"img":{"alt_text":"","src":"https:\/\/i0.wp.com\/pastoralrmi.com\/wp-content\/uploads\/2024\/06\/pexels-photo-194094.jpeg?fit=1200%2C798&ssl=1&resize=350%2C200","width":350,"height":200,"srcset":"https:\/\/i0.wp.com\/pastoralrmi.com\/wp-content\/uploads\/2024\/06\/pexels-photo-194094.jpeg?fit=1200%2C798&ssl=1&resize=350%2C200 1x, https:\/\/i0.wp.com\/pastoralrmi.com\/wp-content\/uploads\/2024\/06\/pexels-photo-194094.jpeg?fit=1200%2C798&ssl=1&resize=525%2C300 1.5x, https:\/\/i0.wp.com\/pastoralrmi.com\/wp-content\/uploads\/2024\/06\/pexels-photo-194094.jpeg?fit=1200%2C798&ssl=1&resize=700%2C400 2x, https:\/\/i0.wp.com\/pastoralrmi.com\/wp-content\/uploads\/2024\/06\/pexels-photo-194094.jpeg?fit=1200%2C798&ssl=1&resize=1050%2C600 3x"},"classes":[]}],"_links":{"self":[{"href":"https:\/\/pastoralrmi.com\/es\/wp-json\/wp\/v2\/posts\/5143","targetHints":{"allow":["GET"]}}],"collection":[{"href":"https:\/\/pastoralrmi.com\/es\/wp-json\/wp\/v2\/posts"}],"about":[{"href":"https:\/\/pastoralrmi.com\/es\/wp-json\/wp\/v2\/types\/post"}],"author":[{"embeddable":true,"href":"https:\/\/pastoralrmi.com\/es\/wp-json\/wp\/v2\/users\/246329482"}],"replies":[{"embeddable":true,"href":"https:\/\/pastoralrmi.com\/es\/wp-json\/wp\/v2\/comments?post=5143"}],"version-history":[{"count":7,"href":"https:\/\/pastoralrmi.com\/es\/wp-json\/wp\/v2\/posts\/5143\/revisions"}],"predecessor-version":[{"id":5153,"href":"https:\/\/pastoralrmi.com\/es\/wp-json\/wp\/v2\/posts\/5143\/revisions\/5153"}],"wp:featuredmedia":[{"embeddable":true,"href":"https:\/\/pastoralrmi.com\/es\/wp-json\/wp\/v2\/media\/5152"}],"wp:attachment":[{"href":"https:\/\/pastoralrmi.com\/es\/wp-json\/wp\/v2\/media?parent=5143"}],"wp:term":[{"taxonomy":"category","embeddable":true,"href":"https:\/\/pastoralrmi.com\/es\/wp-json\/wp\/v2\/categories?post=5143"},{"taxonomy":"post_tag","embeddable":true,"href":"https:\/\/pastoralrmi.com\/es\/wp-json\/wp\/v2\/tags?post=5143"}],"curies":[{"name":"wp","href":"https:\/\/api.w.org\/{rel}","templated":true}]}}