{"id":6135,"date":"2025-09-24T12:00:00","date_gmt":"2025-09-24T10:00:00","guid":{"rendered":"https:\/\/pastoralrmi.com\/?p=6135"},"modified":"2025-09-24T12:07:53","modified_gmt":"2025-09-24T10:07:53","slug":"lazaro-un-comentario-a-lc-16-19-31","status":"publish","type":"post","link":"https:\/\/pastoralrmi.com\/es\/lazaro-un-comentario-a-lc-16-19-31\/","title":{"rendered":"L\u00e1zaro. Un comentario a Lc 16, 19-31"},"content":{"rendered":"\n<div class=\"wp-block-group is-layout-flow wp-container-core-group-is-layout-6674a1c4 wp-block-group-is-layout-flow\">\n<div class=\"wp-block-columns is-layout-flex wp-container-core-columns-is-layout-794e3cfa wp-block-columns-is-layout-flex\">\n<div class=\"wp-block-column is-layout-flow wp-block-column-is-layout-flow\" style=\"flex-basis:33.33%\"><\/div>\n\n\n\n<div class=\"wp-block-column is-layout-flow wp-block-column-is-layout-flow\" style=\"flex-basis:66.66%\">\n<p class=\"wp-block-paragraph\">En esta par\u00e1bola tan impresionante de Lucas hay un detalle que atrapa por completo la atenci\u00f3n:<\/p>\n\n\n\n<h2 class=\"wp-block-heading\">Jes\u00fas utiliza un nombre propio, el de <em>L\u00e1zaro<\/em>,<\/h2>\n\n\n\n<p class=\"wp-block-paragraph\">para designar al protagonista. En realidad, para designar <strong>a uno de los<\/strong> coprotagonistas; el otro es un rico epul\u00f3n, un adinerado que, con todo desparpajo, se dedica a disfrutar de la vida sin medida alguna y sin ning\u00fan sentido de la responsabilidad.&nbsp;<\/p>\n<\/div>\n<\/div>\n<\/div>\n\n\n\n<p class=\"wp-block-paragraph\">El detalle que resaltamos es que<em> se singulariza a L\u00e1zaro<\/em> desde el primer momento. <span data-color=\"#faebdd\" style=\"background: #faebdd;\" class=\"has-highlight-color\">En absoluto es simplemente <em>un <\/em>pobre<\/span>. No sucede lo mismo con el rico epul\u00f3n. La par\u00e1bola deja en suspenso qui\u00e9n es realmente. Quiz\u00e1s Jes\u00fas est\u00e1 pensando en un caso concreto que ha conocido directa o indirectamente. Es muy probable que as\u00ed fuera ante lo pr\u00f3diga que es la par\u00e1bola en la descripci\u00f3n de las circunstancias precarias de L\u00e1zaro. Sea de una manera o de otra, lo cierto es que <strong>Jes\u00fas opta por incorporar su nombre<\/strong> a la narraci\u00f3n. No parece que le resultara entonces un dato superfluo, del que pod\u00eda haber prescindido perfectamente sin da\u00f1ar el mensaje de fondo de la par\u00e1bola. Al contrario: lo introdujo, y lo introdujo repetidamente.<br><\/p>\n\n\n\n<p class=\"wp-block-paragraph\">Aquel pobre era alguien: era L\u00e1zaro.<br><\/p>\n\n\n\n<div class=\"wp-block-columns is-layout-flex wp-container-core-columns-is-layout-794e3cfa wp-block-columns-is-layout-flex\">\n<div class=\"wp-block-column is-layout-flow wp-block-column-is-layout-flow\" style=\"flex-basis:66.66%\">\n<p class=\"wp-block-paragraph\">La pregunta que salta enseguida es <strong>por qu\u00e9 Jes\u00fas act\u00faa as\u00ed<\/strong>. Como par\u00e1bola que es, nos est\u00e1 permitido acoger lo que insin\u00faa y <span data-color=\"#faebdd\" style=\"background: #faebdd;\" class=\"has-highlight-color\">registrar cuanto mueve interiormente en nosotros<\/span>. Si la pretensi\u00f3n de Jes\u00fas es mostrar el rostro de Dios y liberarlo de todo aquello que lo desfigure, la par\u00e1bola <strong>dibuja los ojos de Dios<\/strong> y la mirada de la que son capaces. Est\u00e1 claro que es una mirada especial, llena de intencionalidad, para quienes se encuentran <strong>en la misma trampa existencial de L\u00e1zaro<\/strong>, esa que acaba por matarlos. Tan potente es tal mirada, que Dios puede retener los nombres de todos ellos. Porque su prop\u00f3sito es privilegiar a quienes son como L\u00e1zaro. Sus \u00e1ngeles los llevar\u00e1n finalmente \u201cal seno de Abraham\u201d (v. 22).<\/p>\n\n\n\n<div style=\"height:100px\" aria-hidden=\"true\" class=\"wp-block-spacer\"><\/div>\n<\/div>\n\n\n\n<div class=\"wp-block-column is-layout-flow wp-block-column-is-layout-flow\" style=\"flex-basis:33.33%\"><\/div>\n<\/div>\n\n\n\n<figure class=\"wp-block-image size-full\"><img data-recalc-dims=\"1\" loading=\"lazy\" decoding=\"async\" width=\"1300\" height=\"1300\" data-attachment-id=\"6130\" data-permalink=\"https:\/\/pastoralrmi.com\/es\/?attachment_id=6130\" data-orig-file=\"https:\/\/i0.wp.com\/pastoralrmi.com\/wp-content\/uploads\/2025\/09\/pexels-photo-384553.jpeg?fit=1300%2C1300&amp;ssl=1\" data-orig-size=\"1300,1300\" data-comments-opened=\"1\" data-image-meta=\"{&quot;aperture&quot;:&quot;0&quot;,&quot;credit&quot;:&quot;&quot;,&quot;camera&quot;:&quot;&quot;,&quot;caption&quot;:&quot;Photo by Taufiq Klinkenborg on &lt;a href=\\&quot;https:\/\/www.pexels.com\/photo\/person-wearing-high-top-sneakers-384553\/\\&quot; rel=\\&quot;nofollow\\&quot;&gt;Pexels.com&lt;\/a&gt;&quot;,&quot;created_timestamp&quot;:&quot;0&quot;,&quot;copyright&quot;:&quot;&quot;,&quot;focal_length&quot;:&quot;0&quot;,&quot;iso&quot;:&quot;0&quot;,&quot;shutter_speed&quot;:&quot;0&quot;,&quot;title&quot;:&quot;person wearing high top sneakers&quot;,&quot;orientation&quot;:&quot;0&quot;}\" data-image-title=\"pexels-photo-384553\" data-image-description=\"\" data-image-caption=\"&lt;p&gt;Photo by Taufiq Klinkenborg on &lt;a href=&quot;https:\/\/www.pexels.com\/photo\/person-wearing-high-top-sneakers-384553\/&quot; rel=&quot;nofollow&quot;&gt;Pexels.com&lt;\/a&gt;&lt;\/p&gt;\n\" data-large-file=\"https:\/\/i0.wp.com\/pastoralrmi.com\/wp-content\/uploads\/2025\/09\/pexels-photo-384553.jpeg?fit=1024%2C1024&amp;ssl=1\" src=\"https:\/\/i0.wp.com\/pastoralrmi.com\/wp-content\/uploads\/2025\/09\/pexels-photo-384553.jpeg?resize=1300%2C1300&#038;ssl=1\" alt=\"person wearing high top sneakers\" class=\"wp-image-6130\" srcset=\"https:\/\/i0.wp.com\/pastoralrmi.com\/wp-content\/uploads\/2025\/09\/pexels-photo-384553.jpeg?w=1300&amp;ssl=1 1300w, https:\/\/i0.wp.com\/pastoralrmi.com\/wp-content\/uploads\/2025\/09\/pexels-photo-384553.jpeg?resize=300%2C300&amp;ssl=1 300w, https:\/\/i0.wp.com\/pastoralrmi.com\/wp-content\/uploads\/2025\/09\/pexels-photo-384553.jpeg?resize=1024%2C1024&amp;ssl=1 1024w, https:\/\/i0.wp.com\/pastoralrmi.com\/wp-content\/uploads\/2025\/09\/pexels-photo-384553.jpeg?resize=150%2C150&amp;ssl=1 150w, https:\/\/i0.wp.com\/pastoralrmi.com\/wp-content\/uploads\/2025\/09\/pexels-photo-384553.jpeg?resize=768%2C768&amp;ssl=1 768w, https:\/\/i0.wp.com\/pastoralrmi.com\/wp-content\/uploads\/2025\/09\/pexels-photo-384553.jpeg?resize=12%2C12&amp;ssl=1 12w, https:\/\/i0.wp.com\/pastoralrmi.com\/wp-content\/uploads\/2025\/09\/pexels-photo-384553.jpeg?resize=1200%2C1200&amp;ssl=1 1200w, https:\/\/i0.wp.com\/pastoralrmi.com\/wp-content\/uploads\/2025\/09\/pexels-photo-384553.jpeg?resize=800%2C800&amp;ssl=1 800w, https:\/\/i0.wp.com\/pastoralrmi.com\/wp-content\/uploads\/2025\/09\/pexels-photo-384553.jpeg?resize=600%2C600&amp;ssl=1 600w, https:\/\/i0.wp.com\/pastoralrmi.com\/wp-content\/uploads\/2025\/09\/pexels-photo-384553.jpeg?resize=400%2C400&amp;ssl=1 400w, https:\/\/i0.wp.com\/pastoralrmi.com\/wp-content\/uploads\/2025\/09\/pexels-photo-384553.jpeg?resize=200%2C200&amp;ssl=1 200w\" sizes=\"auto, (max-width: 1000px) 100vw, 1000px\" \/><\/figure>\n\n\n\n<div class=\"wp-block-group is-layout-flow wp-container-core-group-is-layout-6674a1c4 wp-block-group-is-layout-flow\">\n<h2 class=\"wp-block-heading\">Cuando uno hace memoria de tantos liderazgos <\/h2>\n\n\n\n<p class=\"wp-block-paragraph\">que han existido en la historia, para los que las personas representaban s\u00f3lo una masa informe, innominada y f\u00e1cilmente manipulable, el detalle que hemos subrayado en la par\u00e1bola se asemeja a una voz de alarma. Los reinos humanos <strong>construidos sobre lo opuesto al Evangelio<\/strong> son <span data-color=\"#faebdd\" style=\"background: #faebdd;\" class=\"has-highlight-color\">espacios de anonimato<\/span>, encerrados en s\u00ed mismos, donde por toda se\u00f1a se habla gen\u00e9ricamente y se juzga seg\u00fan las apariencias. Nuestro \u201crico epul\u00f3n\u201d lo vivi\u00f3 en sus carnes.<\/p>\n\n\n\n<p class=\"wp-block-paragraph\">En cambio, el <strong>Dios de Jes\u00fas<\/strong> pretende reinar <span data-color=\"#ddedea\" style=\"background: #ddedea;\" class=\"has-highlight-color\">pronunciando los nombres de sus hijas e hijos<\/span>, dignific\u00e1ndoles, engalan\u00e1ndoles con la justicia y neutralizando cuanto les condene a la exclusi\u00f3n insolidaria.<br><\/p>\n<\/div>\n\n\n\n<div style=\"height:53px\" aria-hidden=\"true\" class=\"wp-block-spacer\"><\/div>\n\n\n\n<div class=\"wp-block-columns is-layout-flex wp-container-core-columns-is-layout-794e3cfa wp-block-columns-is-layout-flex\">\n<div class=\"wp-block-column is-layout-flow wp-block-column-is-layout-flow\" style=\"flex-basis:33.33%\"><\/div>\n\n\n\n<div class=\"wp-block-column is-layout-flow wp-block-column-is-layout-flow\" style=\"flex-basis:66.66%\">\n<p class=\"wp-block-paragraph\">El <strong>balance es particularmente desastroso<\/strong> si nos ponemos en la perspectiva del segundo coprotagonista, el rico epul\u00f3n. Es curioso que Dios y \u00e9l coincidan en que conocen a L\u00e1zaro y lo llaman por su nombre. Pero a partir de ah\u00ed la distancia entre ellos es infinita. El nombre de \u201cL\u00e1zaro\u201d <span data-color=\"#faebdd\" style=\"background: #faebdd;\" class=\"has-highlight-color\">no atraves\u00f3 nunca el coraz\u00f3n<\/span> del rico epul\u00f3n; se qued\u00f3 a las afueras. No fue as\u00ed en el caso de Dios. Su coraz\u00f3n divino est\u00e1 lleno de nombres humanos: los de <strong>todos y cada uno<\/strong> de sus pobres.<br><\/p>\n\n\n\n<figure class=\"wp-block-image size-full\"><img data-recalc-dims=\"1\" loading=\"lazy\" decoding=\"async\" width=\"1300\" height=\"1300\" data-attachment-id=\"6131\" data-permalink=\"https:\/\/pastoralrmi.com\/es\/?attachment_id=6131\" data-orig-file=\"https:\/\/i0.wp.com\/pastoralrmi.com\/wp-content\/uploads\/2025\/09\/pexels-photo-8935895.jpeg?fit=1300%2C1300&amp;ssl=1\" data-orig-size=\"1300,1300\" data-comments-opened=\"1\" data-image-meta=\"{&quot;aperture&quot;:&quot;0&quot;,&quot;credit&quot;:&quot;&quot;,&quot;camera&quot;:&quot;&quot;,&quot;caption&quot;:&quot;Photo by Anastasia  Shuraeva on &lt;a href=\\&quot;https:\/\/www.pexels.com\/photo\/ballerina-dancing-in-her-pointe-shoes-on-a-floor-8935895\/\\&quot; rel=\\&quot;nofollow\\&quot;&gt;Pexels.com&lt;\/a&gt;&quot;,&quot;created_timestamp&quot;:&quot;0&quot;,&quot;copyright&quot;:&quot;&quot;,&quot;focal_length&quot;:&quot;0&quot;,&quot;iso&quot;:&quot;0&quot;,&quot;shutter_speed&quot;:&quot;0&quot;,&quot;title&quot;:&quot;ballerina dancing in her pointe shoes on a floor&quot;,&quot;orientation&quot;:&quot;0&quot;}\" data-image-title=\"pexels-photo-8935895\" data-image-description=\"\" data-image-caption=\"&lt;p&gt;Photo by Anastasia  Shuraeva on &lt;a href=&quot;https:\/\/www.pexels.com\/photo\/ballerina-dancing-in-her-pointe-shoes-on-a-floor-8935895\/&quot; rel=&quot;nofollow&quot;&gt;Pexels.com&lt;\/a&gt;&lt;\/p&gt;\n\" data-large-file=\"https:\/\/i0.wp.com\/pastoralrmi.com\/wp-content\/uploads\/2025\/09\/pexels-photo-8935895.jpeg?fit=1024%2C1024&amp;ssl=1\" src=\"https:\/\/i0.wp.com\/pastoralrmi.com\/wp-content\/uploads\/2025\/09\/pexels-photo-8935895.jpeg?resize=1300%2C1300&#038;ssl=1\" alt=\"ballerina dancing in her pointe shoes on a floor\" class=\"wp-image-6131\" srcset=\"https:\/\/i0.wp.com\/pastoralrmi.com\/wp-content\/uploads\/2025\/09\/pexels-photo-8935895.jpeg?w=1300&amp;ssl=1 1300w, https:\/\/i0.wp.com\/pastoralrmi.com\/wp-content\/uploads\/2025\/09\/pexels-photo-8935895.jpeg?resize=300%2C300&amp;ssl=1 300w, https:\/\/i0.wp.com\/pastoralrmi.com\/wp-content\/uploads\/2025\/09\/pexels-photo-8935895.jpeg?resize=1024%2C1024&amp;ssl=1 1024w, https:\/\/i0.wp.com\/pastoralrmi.com\/wp-content\/uploads\/2025\/09\/pexels-photo-8935895.jpeg?resize=150%2C150&amp;ssl=1 150w, https:\/\/i0.wp.com\/pastoralrmi.com\/wp-content\/uploads\/2025\/09\/pexels-photo-8935895.jpeg?resize=768%2C768&amp;ssl=1 768w, https:\/\/i0.wp.com\/pastoralrmi.com\/wp-content\/uploads\/2025\/09\/pexels-photo-8935895.jpeg?resize=12%2C12&amp;ssl=1 12w, https:\/\/i0.wp.com\/pastoralrmi.com\/wp-content\/uploads\/2025\/09\/pexels-photo-8935895.jpeg?resize=1200%2C1200&amp;ssl=1 1200w, https:\/\/i0.wp.com\/pastoralrmi.com\/wp-content\/uploads\/2025\/09\/pexels-photo-8935895.jpeg?resize=800%2C800&amp;ssl=1 800w, https:\/\/i0.wp.com\/pastoralrmi.com\/wp-content\/uploads\/2025\/09\/pexels-photo-8935895.jpeg?resize=600%2C600&amp;ssl=1 600w, https:\/\/i0.wp.com\/pastoralrmi.com\/wp-content\/uploads\/2025\/09\/pexels-photo-8935895.jpeg?resize=400%2C400&amp;ssl=1 400w, https:\/\/i0.wp.com\/pastoralrmi.com\/wp-content\/uploads\/2025\/09\/pexels-photo-8935895.jpeg?resize=200%2C200&amp;ssl=1 200w\" sizes=\"auto, (max-width: 1000px) 100vw, 1000px\" \/><\/figure>\n\n\n\n<div style=\"height:89px\" aria-hidden=\"true\" class=\"wp-block-spacer\"><\/div>\n<\/div>\n<\/div>\n\n\n\n<p class=\"has-text-align-right wp-block-paragraph\">por <em>Francisco Jos\u00e9 Ruiz P\u00e9rez, sj.<\/em> Univ. de Deusto.<\/p>\n\n\n\n<div style=\"height:100px\" aria-hidden=\"true\" class=\"wp-block-spacer\"><\/div>\n","protected":false},"excerpt":{"rendered":"<p>En esta par\u00e1bola tan impresionante de Lucas hay un detalle que atrapa por completo la atenci\u00f3n: Jes\u00fas utiliza un nombre propio, el de L\u00e1zaro, para designar al protagonista. En realidad, para designar a uno de los coprotagonistas; el otro es un rico epul\u00f3n, un adinerado que, con todo desparpajo, se dedica a disfrutar de la [&hellip;]<\/p>\n","protected":false},"author":246329482,"featured_media":6130,"comment_status":"open","ping_status":"open","sticky":false,"template":"","format":"standard","meta":{"_eb_attr":"","_crdt_document":"","advanced_seo_description":"","jetpack_seo_html_title":"","jetpack_seo_noindex":false,"_jetpack_newsletter_access":"","_jetpack_dont_email_post_to_subs":false,"_jetpack_newsletter_tier_id":0,"_jetpack_memberships_contains_paywalled_content":false,"_jetpack_memberships_contains_paid_content":false,"footnotes":"","jetpack_publicize_message":"","jetpack_publicize_feature_enabled":true,"jetpack_social_post_already_shared":true,"jetpack_social_options":{"image_generator_settings":{"template":"highway","default_image_id":0,"font":"","enabled":false},"version":2},"_wpas_customize_per_network":false,"jetpack_post_was_ever_published":false},"categories":[772356671,772356670,772356424,1039746,772356672,772356669,771144769],"tags":[],"class_list":["post-6135","post","type-post","status-publish","format-standard","has-post-thumbnail","hentry","category-centros-educativos","category-centros-sociales","category-entradas","category-fluir","category-obras-apostolicas","category-residencias","category-una-teologia-para-empezar"],"jetpack_publicize_connections":[],"jetpack_featured_media_url":"https:\/\/i0.wp.com\/pastoralrmi.com\/wp-content\/uploads\/2025\/09\/pexels-photo-384553.jpeg?fit=1300%2C1300&ssl=1","jetpack_likes_enabled":true,"jetpack_sharing_enabled":true,"jetpack_shortlink":"https:\/\/wp.me\/pfvk8v-1AX","jetpack-related-posts":[{"id":3123,"url":"https:\/\/pastoralrmi.com\/es\/jesus-relacion-y-dialogo-constante\/","url_meta":{"origin":6135,"position":0},"title":"Jes\u00fas, relaci\u00f3n y di\u00e1logo constante","author":"Blog de pastoral Provincia Iberica","date":"15 de enero de 2025","format":false,"excerpt":"Tras su muerte, la humanidad nos segu\u00edamos preguntando qui\u00e9n era este hombre. No estaba resuelta la pregunta a\u00fan despu\u00e9s de todo. Hemos ido formulando conclusiones, fruto, por un lado de nuestras experiencias de encuentro con \u00e9l pero tambi\u00e9n de tantas e interminables discusiones. Pero por debajo de todo ello, sab\u00edamos\u2026","rel":"","context":"En \u00abEntradas\u00bb","block_context":{"text":"Entradas","link":"https:\/\/pastoralrmi.com\/es\/category\/entradas\/"},"img":{"alt_text":"grayscale photography of people","src":"https:\/\/i0.wp.com\/pastoralrmi.com\/wp-content\/uploads\/2025\/01\/pexels-photo-1245055.jpeg?fit=1200%2C800&ssl=1&resize=350%2C200","width":350,"height":200,"srcset":"https:\/\/i0.wp.com\/pastoralrmi.com\/wp-content\/uploads\/2025\/01\/pexels-photo-1245055.jpeg?fit=1200%2C800&ssl=1&resize=350%2C200 1x, https:\/\/i0.wp.com\/pastoralrmi.com\/wp-content\/uploads\/2025\/01\/pexels-photo-1245055.jpeg?fit=1200%2C800&ssl=1&resize=525%2C300 1.5x, https:\/\/i0.wp.com\/pastoralrmi.com\/wp-content\/uploads\/2025\/01\/pexels-photo-1245055.jpeg?fit=1200%2C800&ssl=1&resize=700%2C400 2x, https:\/\/i0.wp.com\/pastoralrmi.com\/wp-content\/uploads\/2025\/01\/pexels-photo-1245055.jpeg?fit=1200%2C800&ssl=1&resize=1050%2C600 3x"},"classes":[]},{"id":3896,"url":"https:\/\/pastoralrmi.com\/es\/centro-social-rmi-tu-casa\/","url_meta":{"origin":6135,"position":1},"title":"Centro Social RMI: tu casa","author":"Blog de pastoral Provincia Iberica","date":"26 de marzo de 2025","format":false,"excerpt":"\u00bfC\u00f3mo te sentiste la primera vez que llegaste al Centro Social? Como si estuviese en mi casa. La inmigraci\u00f3n es un fen\u00f3meno que ha existido a lo largo de la historia de la humanidad. Seg\u00fan datos del Instituto Nacional de Estad\u00edstica (INE), se estima que en Espa\u00f1a hay alrededor de\u2026","rel":"","context":"En \u00abCentros Sociales\u00bb","block_context":{"text":"Centros Sociales","link":"https:\/\/pastoralrmi.com\/es\/category\/obras-apostolicas\/centros-sociales\/"},"img":{"alt_text":"people holding miniature wooden house","src":"https:\/\/i0.wp.com\/pastoralrmi.com\/wp-content\/uploads\/2025\/03\/pexels-photo-7579135.jpeg?fit=1200%2C900&ssl=1&resize=350%2C200","width":350,"height":200,"srcset":"https:\/\/i0.wp.com\/pastoralrmi.com\/wp-content\/uploads\/2025\/03\/pexels-photo-7579135.jpeg?fit=1200%2C900&ssl=1&resize=350%2C200 1x, https:\/\/i0.wp.com\/pastoralrmi.com\/wp-content\/uploads\/2025\/03\/pexels-photo-7579135.jpeg?fit=1200%2C900&ssl=1&resize=525%2C300 1.5x, https:\/\/i0.wp.com\/pastoralrmi.com\/wp-content\/uploads\/2025\/03\/pexels-photo-7579135.jpeg?fit=1200%2C900&ssl=1&resize=700%2C400 2x, https:\/\/i0.wp.com\/pastoralrmi.com\/wp-content\/uploads\/2025\/03\/pexels-photo-7579135.jpeg?fit=1200%2C900&ssl=1&resize=1050%2C600 3x"},"classes":[]},{"id":2936,"url":"https:\/\/pastoralrmi.com\/es\/celebramos-a-jesucristo\/","url_meta":{"origin":6135,"position":2},"title":"Celebramos a Jesucristo","author":"Blog de pastoral Provincia Iberica","date":"25 de diciembre de 2024","format":false,"excerpt":"Se me ocurre que hagamos un trato para empezar a establecer nuestra uni\u00f3n en el Centro que ha de permanecer en el tiempo y en eternidad. Vicenta Mar\u00eda a Anita Marqu\u00e9s, julio de 1890. \u00abLa Navidad es una fiesta muy importante para los que somos cristianas y cristianos. Celebramos el\u2026","rel":"","context":"En \u00abDestellos de vida cotidiana\u00bb","block_context":{"text":"Destellos de vida cotidiana","link":"https:\/\/pastoralrmi.com\/es\/category\/fluir\/destellos-de-vida-cotidiana\/"},"img":{"alt_text":"small toys showing birth of christ","src":"https:\/\/i0.wp.com\/pastoralrmi.com\/wp-content\/uploads\/2024\/12\/pexels-photo-4346869.jpeg?fit=1200%2C800&ssl=1&resize=350%2C200","width":350,"height":200,"srcset":"https:\/\/i0.wp.com\/pastoralrmi.com\/wp-content\/uploads\/2024\/12\/pexels-photo-4346869.jpeg?fit=1200%2C800&ssl=1&resize=350%2C200 1x, https:\/\/i0.wp.com\/pastoralrmi.com\/wp-content\/uploads\/2024\/12\/pexels-photo-4346869.jpeg?fit=1200%2C800&ssl=1&resize=525%2C300 1.5x, https:\/\/i0.wp.com\/pastoralrmi.com\/wp-content\/uploads\/2024\/12\/pexels-photo-4346869.jpeg?fit=1200%2C800&ssl=1&resize=700%2C400 2x, https:\/\/i0.wp.com\/pastoralrmi.com\/wp-content\/uploads\/2024\/12\/pexels-photo-4346869.jpeg?fit=1200%2C800&ssl=1&resize=1050%2C600 3x"},"classes":[]},{"id":6152,"url":"https:\/\/pastoralrmi.com\/es\/la-gestion-del-tiempo-y-la-productividad\/","url_meta":{"origin":6135,"position":3},"title":"\u00bfC\u00f3mo solucionamos nuestra falta de tiempo?","author":"Blog de pastoral Provincia Iberica","date":"1 de octubre de 2025","format":false,"excerpt":"\u00bfC\u00f3mo hacer para conseguir ser personas productivas, pero al mismo tiempo no perder nuestra capacidad de ser cercanas, proactivas, con unas actividades alineadas con la misi\u00f3n y valores personales, y sobre todo centradas en todas las personas que conviven dentro de un centro educativo? Es muy com\u00fan en el d\u00eda\u2026","rel":"","context":"En \u00abCentros educativos\u00bb","block_context":{"text":"Centros educativos","link":"https:\/\/pastoralrmi.com\/es\/category\/obras-apostolicas\/centros-educativos\/"},"img":{"alt_text":"white ceramic tea kettle and a cup","src":"https:\/\/i0.wp.com\/pastoralrmi.com\/wp-content\/uploads\/2025\/09\/pexels-photo-5849991.jpeg?fit=1200%2C800&ssl=1&resize=350%2C200","width":350,"height":200,"srcset":"https:\/\/i0.wp.com\/pastoralrmi.com\/wp-content\/uploads\/2025\/09\/pexels-photo-5849991.jpeg?fit=1200%2C800&ssl=1&resize=350%2C200 1x, https:\/\/i0.wp.com\/pastoralrmi.com\/wp-content\/uploads\/2025\/09\/pexels-photo-5849991.jpeg?fit=1200%2C800&ssl=1&resize=525%2C300 1.5x, https:\/\/i0.wp.com\/pastoralrmi.com\/wp-content\/uploads\/2025\/09\/pexels-photo-5849991.jpeg?fit=1200%2C800&ssl=1&resize=700%2C400 2x, https:\/\/i0.wp.com\/pastoralrmi.com\/wp-content\/uploads\/2025\/09\/pexels-photo-5849991.jpeg?fit=1200%2C800&ssl=1&resize=1050%2C600 3x"},"classes":[]},{"id":6404,"url":"https:\/\/pastoralrmi.com\/es\/adviento-2025\/","url_meta":{"origin":6135,"position":4},"title":"Adviento RMI 2025","author":"Blog de pastoral Provincia Iberica","date":"26 de noviembre de 2025","format":false,"excerpt":"El Adviento es un tiempo para descargar lo que pesa y preparar el coraz\u00f3n. Para conectar con aquello que esta un poquito m\u00e1s olvidado o menos cuidado.... a que la luz que conecta lo de fuera con lo de dentro ilumine tu coraz\u00f3n desde lo sencillo y cotidiano.\u00a0 El Adviento\u2026","rel":"","context":"En \u00abADVIENTO\u00bb","block_context":{"text":"ADVIENTO","link":"https:\/\/pastoralrmi.com\/es\/category\/comprender\/tiempos-liturgicos\/adviento\/"},"img":{"alt_text":"sunrise over potrerillos mountains in argentina","src":"https:\/\/i0.wp.com\/pastoralrmi.com\/wp-content\/uploads\/2025\/11\/pexels-photo-34931241.jpeg?fit=1200%2C750&ssl=1&resize=350%2C200","width":350,"height":200,"srcset":"https:\/\/i0.wp.com\/pastoralrmi.com\/wp-content\/uploads\/2025\/11\/pexels-photo-34931241.jpeg?fit=1200%2C750&ssl=1&resize=350%2C200 1x, https:\/\/i0.wp.com\/pastoralrmi.com\/wp-content\/uploads\/2025\/11\/pexels-photo-34931241.jpeg?fit=1200%2C750&ssl=1&resize=525%2C300 1.5x, https:\/\/i0.wp.com\/pastoralrmi.com\/wp-content\/uploads\/2025\/11\/pexels-photo-34931241.jpeg?fit=1200%2C750&ssl=1&resize=700%2C400 2x, https:\/\/i0.wp.com\/pastoralrmi.com\/wp-content\/uploads\/2025\/11\/pexels-photo-34931241.jpeg?fit=1200%2C750&ssl=1&resize=1050%2C600 3x"},"classes":[]},{"id":6335,"url":"https:\/\/pastoralrmi.com\/es\/aceptar-la-diversidad\/","url_meta":{"origin":6135,"position":5},"title":"Aceptar la diversidad","author":"Blog de pastoral Provincia Iberica","date":"12 de noviembre de 2025","format":false,"excerpt":"A la hora de escribir estas l\u00edneas sobre la diversidad y la educaci\u00f3n inclusiva, tengo que rese\u00f1ar y poner en preaviso al lector\/a , que no ha sido el foco principal de mi trayectoria profesional, sin embargo entiendo ambos conceptos de manera transversal en mi trabajo, especialmente en el contexto\u2026","rel":"","context":"En \u00abCentros educativos\u00bb","block_context":{"text":"Centros educativos","link":"https:\/\/pastoralrmi.com\/es\/category\/obras-apostolicas\/centros-educativos\/"},"img":{"alt_text":"two men in a room","src":"https:\/\/i0.wp.com\/pastoralrmi.com\/wp-content\/uploads\/2025\/11\/pexels-photo-11373128.jpeg?fit=901%2C1200&ssl=1&resize=350%2C200","width":350,"height":200,"srcset":"https:\/\/i0.wp.com\/pastoralrmi.com\/wp-content\/uploads\/2025\/11\/pexels-photo-11373128.jpeg?fit=901%2C1200&ssl=1&resize=350%2C200 1x, https:\/\/i0.wp.com\/pastoralrmi.com\/wp-content\/uploads\/2025\/11\/pexels-photo-11373128.jpeg?fit=901%2C1200&ssl=1&resize=525%2C300 1.5x, https:\/\/i0.wp.com\/pastoralrmi.com\/wp-content\/uploads\/2025\/11\/pexels-photo-11373128.jpeg?fit=901%2C1200&ssl=1&resize=700%2C400 2x"},"classes":[]}],"_links":{"self":[{"href":"https:\/\/pastoralrmi.com\/es\/wp-json\/wp\/v2\/posts\/6135","targetHints":{"allow":["GET"]}}],"collection":[{"href":"https:\/\/pastoralrmi.com\/es\/wp-json\/wp\/v2\/posts"}],"about":[{"href":"https:\/\/pastoralrmi.com\/es\/wp-json\/wp\/v2\/types\/post"}],"author":[{"embeddable":true,"href":"https:\/\/pastoralrmi.com\/es\/wp-json\/wp\/v2\/users\/246329482"}],"replies":[{"embeddable":true,"href":"https:\/\/pastoralrmi.com\/es\/wp-json\/wp\/v2\/comments?post=6135"}],"version-history":[{"count":9,"href":"https:\/\/pastoralrmi.com\/es\/wp-json\/wp\/v2\/posts\/6135\/revisions"}],"predecessor-version":[{"id":6146,"href":"https:\/\/pastoralrmi.com\/es\/wp-json\/wp\/v2\/posts\/6135\/revisions\/6146"}],"wp:featuredmedia":[{"embeddable":true,"href":"https:\/\/pastoralrmi.com\/es\/wp-json\/wp\/v2\/media\/6130"}],"wp:attachment":[{"href":"https:\/\/pastoralrmi.com\/es\/wp-json\/wp\/v2\/media?parent=6135"}],"wp:term":[{"taxonomy":"category","embeddable":true,"href":"https:\/\/pastoralrmi.com\/es\/wp-json\/wp\/v2\/categories?post=6135"},{"taxonomy":"post_tag","embeddable":true,"href":"https:\/\/pastoralrmi.com\/es\/wp-json\/wp\/v2\/tags?post=6135"}],"curies":[{"name":"wp","href":"https:\/\/api.w.org\/{rel}","templated":true}]}}