{"id":6658,"date":"2026-02-12T19:19:17","date_gmt":"2026-02-12T18:19:17","guid":{"rendered":"https:\/\/pastoralrmi.com\/?p=6658"},"modified":"2026-02-12T19:19:20","modified_gmt":"2026-02-12T18:19:20","slug":"cuaresma-rmi-2026","status":"publish","type":"post","link":"https:\/\/pastoralrmi.com\/es\/cuaresma-rmi-2026\/","title":{"rendered":"Cuaresma RMI 2026"},"content":{"rendered":"\n<p class=\"wp-block-paragraph\">Para <span data-color=\"#ddedea\" style=\"background: #ddedea;\" class=\"has-highlight-color\">volver a nuestras ra\u00edces\u00a0<\/span> -a Dios, a lo mejor de nosotros mismos-\u00a0 y, en consecuencia, tambi\u00e9n a los dem\u00e1s.<\/p>\n\n\n\n<p class=\"wp-block-paragraph\">Un d\u00eda que no empieza con notificaciones, sino con una pregunta profunda:<\/p>\n\n\n\n<blockquote class=\"wp-block-quote is-layout-flow wp-block-quote-is-layout-flow\">\n<p class=\"wp-block-paragraph\"><em>\u00bfCon qu\u00e9 \u2014y con qui\u00e9n\u2014 est\u00e1s realmente conectado?<\/em><\/p>\n<\/blockquote>\n\n\n\n<p class=\"wp-block-paragraph\">Es una pausa. Un aviso suave que nos recuerda que algo en nosotros necesita volver a encenderse.<\/p>\n\n\n\n<h2 class=\"wp-block-heading\">Empieza la Cuaresma.<\/h2>\n\n\n\n<div class=\"wp-block-columns is-layout-flex wp-container-core-columns-is-layout-794e3cfa wp-block-columns-is-layout-flex\">\n<div class=\"wp-block-column is-layout-flow wp-block-column-is-layout-flow\" style=\"flex-basis:66.66%\">\n<figure class=\"wp-block-image size-full\"><img data-recalc-dims=\"1\" loading=\"lazy\" decoding=\"async\" width=\"1880\" height=\"1253\" data-attachment-id=\"6665\" data-permalink=\"https:\/\/pastoralrmi.com\/es\/cuaresma-rmi-2026\/cleaning-washing-cleanup-the-ilo-48889\/\" data-orig-file=\"https:\/\/i0.wp.com\/pastoralrmi.com\/wp-content\/uploads\/2026\/02\/cleaning-washing-cleanup-the-ilo-48889.jpeg?fit=1880%2C1253&amp;ssl=1\" data-orig-size=\"1880,1253\" data-comments-opened=\"1\" data-image-meta=\"{&quot;aperture&quot;:&quot;0&quot;,&quot;credit&quot;:&quot;&quot;,&quot;camera&quot;:&quot;&quot;,&quot;caption&quot;:&quot;Photo by Pixabay on &lt;a href=\\&quot;https:\/\/www.pexels.com\/photo\/brown-wooden-floor-48889\/\\&quot; rel=\\&quot;nofollow\\&quot;&gt;Pexels.com&lt;\/a&gt;&quot;,&quot;created_timestamp&quot;:&quot;0&quot;,&quot;copyright&quot;:&quot;&quot;,&quot;focal_length&quot;:&quot;0&quot;,&quot;iso&quot;:&quot;0&quot;,&quot;shutter_speed&quot;:&quot;0&quot;,&quot;title&quot;:&quot;brown wooden floor&quot;,&quot;orientation&quot;:&quot;0&quot;}\" data-image-title=\"cleaning-washing-cleanup-the-ilo-48889\" data-image-description=\"\" data-image-caption=\"&lt;p&gt;Photo by Pixabay on &lt;a href=&quot;https:\/\/www.pexels.com\/photo\/brown-wooden-floor-48889\/&quot; rel=&quot;nofollow&quot;&gt;Pexels.com&lt;\/a&gt;&lt;\/p&gt;\n\" data-large-file=\"https:\/\/i0.wp.com\/pastoralrmi.com\/wp-content\/uploads\/2026\/02\/cleaning-washing-cleanup-the-ilo-48889.jpeg?fit=1024%2C682&amp;ssl=1\" src=\"https:\/\/i0.wp.com\/pastoralrmi.com\/wp-content\/uploads\/2026\/02\/cleaning-washing-cleanup-the-ilo-48889.jpeg?resize=1880%2C1253&#038;ssl=1\" alt=\"brown wooden floor\" class=\"wp-image-6665\" srcset=\"https:\/\/i0.wp.com\/pastoralrmi.com\/wp-content\/uploads\/2026\/02\/cleaning-washing-cleanup-the-ilo-48889.jpeg?w=1880&amp;ssl=1 1880w, https:\/\/i0.wp.com\/pastoralrmi.com\/wp-content\/uploads\/2026\/02\/cleaning-washing-cleanup-the-ilo-48889.jpeg?resize=300%2C200&amp;ssl=1 300w, https:\/\/i0.wp.com\/pastoralrmi.com\/wp-content\/uploads\/2026\/02\/cleaning-washing-cleanup-the-ilo-48889.jpeg?resize=1024%2C682&amp;ssl=1 1024w, https:\/\/i0.wp.com\/pastoralrmi.com\/wp-content\/uploads\/2026\/02\/cleaning-washing-cleanup-the-ilo-48889.jpeg?resize=150%2C100&amp;ssl=1 150w, https:\/\/i0.wp.com\/pastoralrmi.com\/wp-content\/uploads\/2026\/02\/cleaning-washing-cleanup-the-ilo-48889.jpeg?resize=768%2C512&amp;ssl=1 768w, https:\/\/i0.wp.com\/pastoralrmi.com\/wp-content\/uploads\/2026\/02\/cleaning-washing-cleanup-the-ilo-48889.jpeg?resize=1536%2C1024&amp;ssl=1 1536w, https:\/\/i0.wp.com\/pastoralrmi.com\/wp-content\/uploads\/2026\/02\/cleaning-washing-cleanup-the-ilo-48889.jpeg?resize=18%2C12&amp;ssl=1 18w, https:\/\/i0.wp.com\/pastoralrmi.com\/wp-content\/uploads\/2026\/02\/cleaning-washing-cleanup-the-ilo-48889.jpeg?resize=1200%2C800&amp;ssl=1 1200w\" sizes=\"auto, (max-width: 1000px) 100vw, 1000px\" \/><\/figure>\n<\/div>\n\n\n\n<div class=\"wp-block-column is-layout-flow wp-block-column-is-layout-flow\" style=\"flex-basis:33.33%\"><\/div>\n<\/div>\n\n\n\n<div class=\"wp-block-columns is-layout-flex wp-container-core-columns-is-layout-794e3cfa wp-block-columns-is-layout-flex\">\n<div class=\"wp-block-column is-layout-flow wp-block-column-is-layout-flow\" style=\"flex-basis:33.33%\"><\/div>\n\n\n\n<div class=\"wp-block-column is-layout-flow wp-block-column-is-layout-flow\" style=\"flex-basis:66.66%\">\n<p class=\"wp-block-paragraph\">Cuarenta d\u00edas para revisar nuestras conexiones:<\/p>\n\n\n\n<div class=\"wp-block-columns is-layout-flex wp-container-core-columns-is-layout-794e3cfa wp-block-columns-is-layout-flex\">\n<div class=\"wp-block-column is-layout-flow wp-block-column-is-layout-flow\" style=\"flex-basis:33.33%\"><\/div>\n\n\n\n<div class=\"wp-block-column is-layout-flow wp-block-column-is-layout-flow\" style=\"flex-basis:66.66%\">\n<p class=\"wp-block-paragraph\">con nosotros mismos,<\/p>\n\n\n\n<p class=\"wp-block-paragraph\">con los dem\u00e1s,<\/p>\n\n\n\n<p class=\"wp-block-paragraph\">y con Dios.<\/p>\n<\/div>\n<\/div>\n<\/div>\n<\/div>\n\n\n\n<p class=\"wp-block-paragraph\"><strong>Ayunar<\/strong> es desconectarnos de lo que nos satura, de lo que nos roba tiempo, paz y verdad. Es <span data-color=\"#eae4f2\" style=\"background: #eae4f2;\" class=\"has-highlight-color\">apagar el ruido<\/span> para escuchar lo que llevamos dentro.<\/p>\n\n\n\n<p class=\"wp-block-paragraph\">La <strong>abstinencia <\/strong>es aprender a decir \u201cno\u201d a lo que nos atrapa y no nos deja ser libres, a lo que nos aleja de <span data-color=\"#eae4f2\" style=\"background: #eae4f2;\" class=\"has-highlight-color\">quienes somos de verdad<\/span>.<\/p>\n\n\n\n<p class=\"wp-block-paragraph\">Y la <strong>limosna <\/strong>es volver a conectar el coraz\u00f3n: mirar al otro, compartir, estar presentes, descubrir que cuando damos, la vida <span data-color=\"#eae4f2\" style=\"background: #eae4f2;\" class=\"has-highlight-color\">fluye mejor<\/span>.<\/p>\n\n\n\n<h2 class=\"wp-block-heading\">La Cuaresma no es un peso. Es una oportunidad para <span data-color=\"#ddebf1\" style=\"background: #ddebf1;\" class=\"has-highlight-color\">reconectar<\/span>. Para resetear el alma. Para volver a lo esencial. Porque solo cuando estamos conectados con nosotros, con los dem\u00e1s y con Dios, <span data-color=\"#f4dfeb\" style=\"background: #f4dfeb;\" class=\"has-highlight-color\">la vida cobra sentido<\/span>.<\/h2>\n\n\n\n<div style=\"height:100px\" aria-hidden=\"true\" class=\"wp-block-spacer\"><\/div>\n\n\n\n<p class=\"has-text-align-center wp-block-paragraph\">\ud83d\udd17Puedes descargar en este enlace los <a href=\"https:\/\/drive.google.com\/drive\/folders\/1DAEOYz12U-rvS8t8-GyQD9btRBJxUnqK?usp=drive_link\">Materiales de Cuaresma RMI 2026<\/a>.<\/p>\n\n\n\n<div style=\"height:100px\" aria-hidden=\"true\" class=\"wp-block-spacer\"><\/div>\n","protected":false},"excerpt":{"rendered":"<p>Para volver a nuestras ra\u00edces\u00a0 -a Dios, a lo mejor de nosotros mismos-\u00a0 y, en consecuencia, tambi\u00e9n a los dem\u00e1s. Un d\u00eda que no empieza con notificaciones, sino con una pregunta profunda: \u00bfCon qu\u00e9 \u2014y con qui\u00e9n\u2014 est\u00e1s realmente conectado? Es una pausa. Un aviso suave que nos recuerda que algo en nosotros necesita volver [&hellip;]<\/p>\n","protected":false},"author":246329482,"featured_media":6664,"comment_status":"open","ping_status":"open","sticky":false,"template":"","format":"standard","meta":{"_eb_attr":"","_crdt_document":"","advanced_seo_description":"","jetpack_seo_html_title":"","jetpack_seo_noindex":false,"_jetpack_newsletter_access":"","_jetpack_dont_email_post_to_subs":false,"_jetpack_newsletter_tier_id":0,"_jetpack_memberships_contains_paywalled_content":false,"_jetpack_memberships_contains_paid_content":false,"footnotes":"","jetpack_publicize_message":"","jetpack_publicize_feature_enabled":true,"jetpack_social_post_already_shared":false,"jetpack_social_options":{"image_generator_settings":{"template":"highway","default_image_id":0,"font":"","enabled":false},"version":2},"_wpas_customize_per_network":false,"jetpack_post_was_ever_published":false},"categories":[772356369,772356424,13076062],"tags":[],"class_list":["post-6658","post","type-post","status-publish","format-standard","has-post-thumbnail","hentry","category-cuaresma","category-entradas","category-tiempos-liturgicos"],"jetpack_publicize_connections":[],"jetpack_featured_media_url":"https:\/\/i0.wp.com\/pastoralrmi.com\/wp-content\/uploads\/2026\/02\/pexels-photo-5197107.jpeg?fit=1880%2C1253&ssl=1","jetpack_likes_enabled":true,"jetpack_sharing_enabled":true,"jetpack_shortlink":"https:\/\/wp.me\/pfvk8v-1Jo","jetpack-related-posts":[{"id":6683,"url":"https:\/\/pastoralrmi.com\/es\/tips-para-el-acompanamiento-en-esta-cuaresma\/","url_meta":{"origin":6658,"position":0},"title":"Tips para el acompa\u00f1amiento en esta Cuaresma","author":"Blog de pastoral Provincia Iberica","date":"25 de febrero de 2026","format":false,"excerpt":"En un mundo que exige rendimiento constante y perfecci\u00f3n inmediata, nuestra propuesta puede ser profundamente contracultural: detenerse, mirar y abrazar la propia verdad. Acompa\u00f1ar sin prisa, escuchar sin juicio y confiar en que el Esp\u00edritu ya habita en el coraz\u00f3n de cada joven. Esta Cuaresma puede ser menos ruido\u2026 y\u2026","rel":"","context":"En \u00abCentros educativos\u00bb","block_context":{"text":"Centros educativos","link":"https:\/\/pastoralrmi.com\/es\/category\/obras-apostolicas\/centros-educativos\/"},"img":{"alt_text":"two women walking near house","src":"https:\/\/i0.wp.com\/pastoralrmi.com\/wp-content\/uploads\/2026\/02\/pexels-photo-2305076.jpeg?fit=1200%2C805&ssl=1&resize=350%2C200","width":350,"height":200,"srcset":"https:\/\/i0.wp.com\/pastoralrmi.com\/wp-content\/uploads\/2026\/02\/pexels-photo-2305076.jpeg?fit=1200%2C805&ssl=1&resize=350%2C200 1x, https:\/\/i0.wp.com\/pastoralrmi.com\/wp-content\/uploads\/2026\/02\/pexels-photo-2305076.jpeg?fit=1200%2C805&ssl=1&resize=525%2C300 1.5x, https:\/\/i0.wp.com\/pastoralrmi.com\/wp-content\/uploads\/2026\/02\/pexels-photo-2305076.jpeg?fit=1200%2C805&ssl=1&resize=700%2C400 2x, https:\/\/i0.wp.com\/pastoralrmi.com\/wp-content\/uploads\/2026\/02\/pexels-photo-2305076.jpeg?fit=1200%2C805&ssl=1&resize=1050%2C600 3x"},"classes":[]},{"id":3560,"url":"https:\/\/pastoralrmi.com\/es\/cuaresma-rmi-2025\/","url_meta":{"origin":6658,"position":1},"title":"Cuaresma RMI 2025","author":"Blog de pastoral Provincia Iberica","date":"15 de febrero de 2025","format":false,"excerpt":"Un viaje espiritual de 40 d\u00edas en el que se nos invita a profundizar, rezar, redirigir. Pero \u00bfqu\u00e9 significa realmente? Es una invitaci\u00f3n a regresar a lo nuclear Necesitamos encontrarnos con lo que realmente somos, vivirnos desde all\u00ed... el evangelio nos asegura que eso que somos es belleza, verdad y\u2026","rel":"","context":"En \u00abCOMPRENDER\u00bb","block_context":{"text":"COMPRENDER","link":"https:\/\/pastoralrmi.com\/es\/category\/comprender\/"},"img":{"alt_text":"high road surrounded by green tress during daytime","src":"https:\/\/i0.wp.com\/pastoralrmi.com\/wp-content\/uploads\/2025\/02\/pexels-photo-59513.jpeg?fit=1200%2C800&ssl=1&resize=350%2C200","width":350,"height":200,"srcset":"https:\/\/i0.wp.com\/pastoralrmi.com\/wp-content\/uploads\/2025\/02\/pexels-photo-59513.jpeg?fit=1200%2C800&ssl=1&resize=350%2C200 1x, https:\/\/i0.wp.com\/pastoralrmi.com\/wp-content\/uploads\/2025\/02\/pexels-photo-59513.jpeg?fit=1200%2C800&ssl=1&resize=525%2C300 1.5x, https:\/\/i0.wp.com\/pastoralrmi.com\/wp-content\/uploads\/2025\/02\/pexels-photo-59513.jpeg?fit=1200%2C800&ssl=1&resize=700%2C400 2x, https:\/\/i0.wp.com\/pastoralrmi.com\/wp-content\/uploads\/2025\/02\/pexels-photo-59513.jpeg?fit=1200%2C800&ssl=1&resize=1050%2C600 3x"},"classes":[]},{"id":1707,"url":"https:\/\/pastoralrmi.com\/es\/retiro-de-cuaresma\/","url_meta":{"origin":6658,"position":2},"title":"Retiro de Cuaresma","author":"Blog de pastoral Provincia Iberica","date":"24 de junio de 2024","format":false,"excerpt":"Empieza el tiempo de las opciones arriesgadas, tomar decisiones v\u00e1lidas, estables y bien fundadas, desear cambiar, mejorar, superar retos. La cuaresma es tiempo de pararse, mirar, proponerse en qu\u00e9 mejorar y ponerse manos a ello, por qu\u00e9 \u201cno ard\u00eda vuestro coraz\u00f3n\u201d","rel":"","context":"En \u00abCOMPRENDER\u00bb","block_context":{"text":"COMPRENDER","link":"https:\/\/pastoralrmi.com\/es\/category\/comprender\/"},"img":{"alt_text":"","src":"https:\/\/i0.wp.com\/pastoralrmi.com\/wp-content\/uploads\/2024\/06\/1.png?fit=1080%2C1080&ssl=1&resize=350%2C200","width":350,"height":200,"srcset":"https:\/\/i0.wp.com\/pastoralrmi.com\/wp-content\/uploads\/2024\/06\/1.png?fit=1080%2C1080&ssl=1&resize=350%2C200 1x, https:\/\/i0.wp.com\/pastoralrmi.com\/wp-content\/uploads\/2024\/06\/1.png?fit=1080%2C1080&ssl=1&resize=525%2C300 1.5x, https:\/\/i0.wp.com\/pastoralrmi.com\/wp-content\/uploads\/2024\/06\/1.png?fit=1080%2C1080&ssl=1&resize=700%2C400 2x, https:\/\/i0.wp.com\/pastoralrmi.com\/wp-content\/uploads\/2024\/06\/1.png?fit=1080%2C1080&ssl=1&resize=1050%2C600 3x"},"classes":[]},{"id":3112,"url":"https:\/\/pastoralrmi.com\/es\/buscamos-el-sentido-profundo-de-lo-domestico\/","url_meta":{"origin":6658,"position":3},"title":"Buscamos el sentido profundo de lo \u00abdom\u00e9stico\u00bb","author":"Blog de pastoral Provincia Iberica","date":"5 de marzo de 2025","format":false,"excerpt":"La segunda carta a los Corintios en su conjunto, cuyo extracto leemos hoy, mi\u00e9rcoles de ceniza, nos puede ayudar a la hora de contestar a lo sugiere el t\u00edtulo de la entrada. Veamos un poco de su contexto. Es una de las siete \u201caut\u00e9nticas\u201d de Pablo, aunque es muy probable\u2026","rel":"","context":"En \u00abCOMPRENDER\u00bb","block_context":{"text":"COMPRENDER","link":"https:\/\/pastoralrmi.com\/es\/category\/comprender\/"},"img":{"alt_text":"stack of towels on rack","src":"https:\/\/i0.wp.com\/pastoralrmi.com\/wp-content\/uploads\/2025\/01\/pexels-photo-271711.webp?fit=1200%2C792&ssl=1&resize=350%2C200","width":350,"height":200,"srcset":"https:\/\/i0.wp.com\/pastoralrmi.com\/wp-content\/uploads\/2025\/01\/pexels-photo-271711.webp?fit=1200%2C792&ssl=1&resize=350%2C200 1x, https:\/\/i0.wp.com\/pastoralrmi.com\/wp-content\/uploads\/2025\/01\/pexels-photo-271711.webp?fit=1200%2C792&ssl=1&resize=525%2C300 1.5x, https:\/\/i0.wp.com\/pastoralrmi.com\/wp-content\/uploads\/2025\/01\/pexels-photo-271711.webp?fit=1200%2C792&ssl=1&resize=700%2C400 2x, https:\/\/i0.wp.com\/pastoralrmi.com\/wp-content\/uploads\/2025\/01\/pexels-photo-271711.webp?fit=1200%2C792&ssl=1&resize=1050%2C600 3x"},"classes":[]},{"id":3806,"url":"https:\/\/pastoralrmi.com\/es\/tus-palabras-son-herramientas\/","url_meta":{"origin":6658,"position":4},"title":"Tus palabras son herramientas","author":"Blog de pastoral Provincia Iberica","date":"19 de marzo de 2025","format":false,"excerpt":"Nuestras palabras son herramientas de sanaci\u00f3n y creaci\u00f3n. Cada palabra tiene la capacidad de destruir o construir. Parece ser que Jes\u00fas fue muy consciente de ello. La palabra destruye cuando no est\u00e1 alineada con lo que realmente somos. Construye cuando utilizamos nuestras palabras desde ese espacio en donde nos encontramos\u2026","rel":"","context":"En \u00abCUARESMA\u00bb","block_context":{"text":"CUARESMA","link":"https:\/\/pastoralrmi.com\/es\/category\/comprender\/tiempos-liturgicos\/cuaresma\/"},"img":{"alt_text":"five assorted balloons","src":"https:\/\/i0.wp.com\/pastoralrmi.com\/wp-content\/uploads\/2025\/03\/pexels-photo-772478.jpeg?fit=1200%2C1200&ssl=1&resize=350%2C200","width":350,"height":200,"srcset":"https:\/\/i0.wp.com\/pastoralrmi.com\/wp-content\/uploads\/2025\/03\/pexels-photo-772478.jpeg?fit=1200%2C1200&ssl=1&resize=350%2C200 1x, https:\/\/i0.wp.com\/pastoralrmi.com\/wp-content\/uploads\/2025\/03\/pexels-photo-772478.jpeg?fit=1200%2C1200&ssl=1&resize=525%2C300 1.5x, https:\/\/i0.wp.com\/pastoralrmi.com\/wp-content\/uploads\/2025\/03\/pexels-photo-772478.jpeg?fit=1200%2C1200&ssl=1&resize=700%2C400 2x, https:\/\/i0.wp.com\/pastoralrmi.com\/wp-content\/uploads\/2025\/03\/pexels-photo-772478.jpeg?fit=1200%2C1200&ssl=1&resize=1050%2C600 3x"},"classes":[]},{"id":6743,"url":"https:\/\/pastoralrmi.com\/es\/anunciacion-rutinas-tenidas-de-amor\/","url_meta":{"origin":6658,"position":5},"title":"Anunciaci\u00f3n: rutinas te\u00f1idas de amor","author":"Blog de pastoral Provincia Iberica","date":"25 de marzo de 2026","format":false,"excerpt":"Hablar de rutina hoy en d\u00eda parece algo aburrido. La vida parece que debe ser fren\u00e9tica, nos impulsa a \u201csentir algo\u201d en todo momento. Las redes sociales son una buena muestra de ello, cuando pasamos cada 30 segundos de v\u00eddeo en v\u00eddeo, buscando algo que nos haga re\u00edr, emocionarnos o\u2026","rel":"","context":"En \u00abCentros educativos\u00bb","block_context":{"text":"Centros educativos","link":"https:\/\/pastoralrmi.com\/es\/category\/obras-apostolicas\/centros-educativos\/"},"img":{"alt_text":"abstract blue archway against beige background","src":"https:\/\/i0.wp.com\/pastoralrmi.com\/wp-content\/uploads\/2026\/03\/pexels-photo-32207995.jpeg?fit=1200%2C800&ssl=1&resize=350%2C200","width":350,"height":200,"srcset":"https:\/\/i0.wp.com\/pastoralrmi.com\/wp-content\/uploads\/2026\/03\/pexels-photo-32207995.jpeg?fit=1200%2C800&ssl=1&resize=350%2C200 1x, https:\/\/i0.wp.com\/pastoralrmi.com\/wp-content\/uploads\/2026\/03\/pexels-photo-32207995.jpeg?fit=1200%2C800&ssl=1&resize=525%2C300 1.5x, https:\/\/i0.wp.com\/pastoralrmi.com\/wp-content\/uploads\/2026\/03\/pexels-photo-32207995.jpeg?fit=1200%2C800&ssl=1&resize=700%2C400 2x, https:\/\/i0.wp.com\/pastoralrmi.com\/wp-content\/uploads\/2026\/03\/pexels-photo-32207995.jpeg?fit=1200%2C800&ssl=1&resize=1050%2C600 3x"},"classes":[]}],"_links":{"self":[{"href":"https:\/\/pastoralrmi.com\/es\/wp-json\/wp\/v2\/posts\/6658","targetHints":{"allow":["GET"]}}],"collection":[{"href":"https:\/\/pastoralrmi.com\/es\/wp-json\/wp\/v2\/posts"}],"about":[{"href":"https:\/\/pastoralrmi.com\/es\/wp-json\/wp\/v2\/types\/post"}],"author":[{"embeddable":true,"href":"https:\/\/pastoralrmi.com\/es\/wp-json\/wp\/v2\/users\/246329482"}],"replies":[{"embeddable":true,"href":"https:\/\/pastoralrmi.com\/es\/wp-json\/wp\/v2\/comments?post=6658"}],"version-history":[{"count":7,"href":"https:\/\/pastoralrmi.com\/es\/wp-json\/wp\/v2\/posts\/6658\/revisions"}],"predecessor-version":[{"id":6667,"href":"https:\/\/pastoralrmi.com\/es\/wp-json\/wp\/v2\/posts\/6658\/revisions\/6667"}],"wp:featuredmedia":[{"embeddable":true,"href":"https:\/\/pastoralrmi.com\/es\/wp-json\/wp\/v2\/media\/6664"}],"wp:attachment":[{"href":"https:\/\/pastoralrmi.com\/es\/wp-json\/wp\/v2\/media?parent=6658"}],"wp:term":[{"taxonomy":"category","embeddable":true,"href":"https:\/\/pastoralrmi.com\/es\/wp-json\/wp\/v2\/categories?post=6658"},{"taxonomy":"post_tag","embeddable":true,"href":"https:\/\/pastoralrmi.com\/es\/wp-json\/wp\/v2\/tags?post=6658"}],"curies":[{"name":"wp","href":"https:\/\/api.w.org\/{rel}","templated":true}]}}