{"id":6743,"date":"2026-03-25T12:00:00","date_gmt":"2026-03-25T11:00:00","guid":{"rendered":"https:\/\/pastoralrmi.com\/?p=6743"},"modified":"2026-03-25T10:41:06","modified_gmt":"2026-03-25T09:41:06","slug":"anunciacion-rutinas-tenidas-de-amor","status":"publish","type":"post","link":"https:\/\/pastoralrmi.com\/es\/anunciacion-rutinas-tenidas-de-amor\/","title":{"rendered":"Anunciaci\u00f3n: rutinas te\u00f1idas de amor"},"content":{"rendered":"\n<p class=\"wp-block-paragraph\">Hablar de rutina hoy en d\u00eda parece algo aburrido. La vida parece que debe ser fren\u00e9tica, nos impulsa a \u201csentir algo\u201d en todo momento. Las redes sociales son una buena muestra de ello, cuando pasamos cada 30 segundos de v\u00eddeo en v\u00eddeo, buscando algo que nos haga re\u00edr, emocionarnos o incluso llorar. Hoy parece que no vale aquello que no te haga sentir: mi pareja ya no me hace sentir nada, mi vida es aburrida, mi trabajo es igual cada d\u00eda\u2026 Por eso nos ofrecen experiencias, conocer constantemente personas nuevas, cambiar de pareja cuando el amor se hace rutina. Ya no vende el \u201cpara toda la vida\u201d porque es sin\u00f3nimo de aburrido. Incluso en la fe, parece que hay que sentir a Dios intensamente para que valga o nos llene. Se ofrecen muchas convivencias en las que sentimos plenitud, nos sentimos transformados. Pero <span data-color=\"#faebdd\" style=\"background: #faebdd;\" class=\"has-highlight-color\">esa transformaci\u00f3n luego tiene que superar el d\u00eda a d\u00eda<\/span>.<\/p>\n\n\n\n<div class=\"wp-block-columns is-layout-flex wp-container-core-columns-is-layout-794e3cfa wp-block-columns-is-layout-flex\">\n<div class=\"wp-block-column is-layout-flow wp-block-column-is-layout-flow\"><\/div>\n\n\n\n<div class=\"wp-block-column is-layout-flow wp-block-column-is-layout-flow\">\n<p class=\"wp-block-paragraph\">Hablar de la fe en la vida diaria no es hablar de algo extraordinario o lejano, sino de una <strong>fe sencilla, vivida en lo cotidiano<\/strong>, en casa, en la familia, en los peque\u00f1os gestos que van dando sentido a cada d\u00eda. Para m\u00ed, la fe se vive principalmente desde <span data-color=\"#fbf3db\" style=\"background: #fbf3db;\" class=\"has-highlight-color\">mi vocaci\u00f3n como esposa y como madre<\/span>, en medio de la rutina, de las prisas, de los aciertos y tambi\u00e9n de los errores.<\/p>\n<\/div>\n<\/div>\n\n\n\n<div class=\"wp-block-group has-global-padding is-layout-constrained wp-block-group-is-layout-constrained\">\n<p class=\"wp-block-paragraph\">Tengo la gran suerte de que la fe en mi vida ha sido una constante, ya que mis padres, desde peque\u00f1a, me transmitieron la base desde donde luego he ido construyendo con el paso de los a\u00f1os. Quiz\u00e1s al principio mi fe era m\u00e1s inmadura, e incluso m\u00e1s culpabilizadora, posiblemente m\u00e1s de otro tiempo, <\/p>\n\n\n\n<h2 class=\"wp-block-heading\">pero gracias a diversas vivencias y a personas que Dios fue poniendo en mi camino<\/h2>\n\n\n\n<p class=\"wp-block-paragraph\"> <strong>fui aprendiendo a amar a Dios con sencillez<\/strong>, a <span data-color=\"#ddebf1\" style=\"background: #ddebf1;\" class=\"has-highlight-color\">sentirme amada por lo que soy,<\/span> no por lo que hago, a buscarlo en las personas que ten\u00eda a mi alrededor, en poner en sus manos mi d\u00eda a d\u00eda.<\/p>\n<\/div>\n\n\n\n<div class=\"wp-block-columns is-layout-flex wp-container-core-columns-is-layout-794e3cfa wp-block-columns-is-layout-flex\">\n<div class=\"wp-block-column is-layout-flow wp-block-column-is-layout-flow\" style=\"flex-basis:66.66%\">\n<p class=\"wp-block-paragraph\">Mi madre siempre me ha dicho que a un verdadero cristiano se le conoce por transmitir amor y alegr\u00eda, y eso siempre he tratado de llevarlo como referente. Y es ah\u00ed donde cada d\u00eda, cada rutina, se ha transformado de color. Ya lo dijo Santa Teresa de Calcuta: <em>\u201cNo todos podemos hacer grandes cosas, pero s\u00ed podemos hacer peque\u00f1as cosas con gran amor\u201d<\/em>.<\/p>\n<\/div>\n\n\n\n<div class=\"wp-block-column is-layout-flow wp-block-column-is-layout-flow\" style=\"flex-basis:33.33%\"><\/div>\n<\/div>\n\n\n\n<h2 class=\"wp-block-heading\">Tener a Dios como centro de nuestra vida <\/h2>\n\n\n\n<p class=\"wp-block-paragraph\">no significa que todo sea f\u00e1cil o perfecto. Significa, m\u00e1s bien, <span data-color=\"#ddedea\" style=\"background: #ddedea;\" class=\"has-highlight-color\">saber hacia d\u00f3nde miramos y en qui\u00e9n nos apoyamos<\/span>. Cuando me cas\u00e9 comenzamos una nueva familia, con unos nuevos pilares y con unas nuevas \u201crutinas\u201d. Algunas de ellas sencillas, pero b\u00e1sicas en la construcci\u00f3n del hogar, ya que han dado estabilidad y nos han reforzado frente a los distintos avatares de la vida.<\/p>\n\n\n\n<figure class=\"wp-block-image size-full\"><img data-recalc-dims=\"1\" loading=\"lazy\" decoding=\"async\" width=\"1880\" height=\"1253\" data-attachment-id=\"6757\" data-permalink=\"https:\/\/pastoralrmi.com\/es\/anunciacion-rutinas-tenidas-de-amor\/pexels-photo-1271940\/\" data-orig-file=\"https:\/\/i0.wp.com\/pastoralrmi.com\/wp-content\/uploads\/2026\/03\/pexels-photo-1271940.jpeg?fit=1880%2C1253&amp;ssl=1\" data-orig-size=\"1880,1253\" data-comments-opened=\"1\" data-image-meta=\"{&quot;aperture&quot;:&quot;0&quot;,&quot;credit&quot;:&quot;&quot;,&quot;camera&quot;:&quot;&quot;,&quot;caption&quot;:&quot;Photo by Lisa from Pexels on &lt;a href=\\&quot;https:\/\/www.pexels.com\/photo\/photograph-of-a-kitchen-counter-1271940\/\\&quot; rel=\\&quot;nofollow\\&quot;&gt;Pexels.com&lt;\/a&gt;&quot;,&quot;created_timestamp&quot;:&quot;0&quot;,&quot;copyright&quot;:&quot;&quot;,&quot;focal_length&quot;:&quot;0&quot;,&quot;iso&quot;:&quot;0&quot;,&quot;shutter_speed&quot;:&quot;0&quot;,&quot;title&quot;:&quot;photograph of a kitchen counter&quot;,&quot;orientation&quot;:&quot;0&quot;}\" data-image-title=\"pexels-photo-1271940\" data-image-description=\"\" data-image-caption=\"&lt;p&gt;Photo by Lisa from Pexels on &lt;a href=&quot;https:\/\/www.pexels.com\/photo\/photograph-of-a-kitchen-counter-1271940\/&quot; rel=&quot;nofollow&quot;&gt;Pexels.com&lt;\/a&gt;&lt;\/p&gt;\n\" data-large-file=\"https:\/\/i0.wp.com\/pastoralrmi.com\/wp-content\/uploads\/2026\/03\/pexels-photo-1271940.jpeg?fit=1024%2C682&amp;ssl=1\" src=\"https:\/\/i0.wp.com\/pastoralrmi.com\/wp-content\/uploads\/2026\/03\/pexels-photo-1271940.jpeg?resize=1880%2C1253&#038;ssl=1\" alt=\"photograph of a kitchen counter\" class=\"wp-image-6757\" srcset=\"https:\/\/i0.wp.com\/pastoralrmi.com\/wp-content\/uploads\/2026\/03\/pexels-photo-1271940.jpeg?w=1880&amp;ssl=1 1880w, https:\/\/i0.wp.com\/pastoralrmi.com\/wp-content\/uploads\/2026\/03\/pexels-photo-1271940.jpeg?resize=300%2C200&amp;ssl=1 300w, https:\/\/i0.wp.com\/pastoralrmi.com\/wp-content\/uploads\/2026\/03\/pexels-photo-1271940.jpeg?resize=1024%2C682&amp;ssl=1 1024w, https:\/\/i0.wp.com\/pastoralrmi.com\/wp-content\/uploads\/2026\/03\/pexels-photo-1271940.jpeg?resize=150%2C100&amp;ssl=1 150w, https:\/\/i0.wp.com\/pastoralrmi.com\/wp-content\/uploads\/2026\/03\/pexels-photo-1271940.jpeg?resize=768%2C512&amp;ssl=1 768w, https:\/\/i0.wp.com\/pastoralrmi.com\/wp-content\/uploads\/2026\/03\/pexels-photo-1271940.jpeg?resize=1536%2C1024&amp;ssl=1 1536w, https:\/\/i0.wp.com\/pastoralrmi.com\/wp-content\/uploads\/2026\/03\/pexels-photo-1271940.jpeg?resize=18%2C12&amp;ssl=1 18w, https:\/\/i0.wp.com\/pastoralrmi.com\/wp-content\/uploads\/2026\/03\/pexels-photo-1271940.jpeg?resize=1200%2C800&amp;ssl=1 1200w\" sizes=\"auto, (max-width: 1000px) 100vw, 1000px\" \/><\/figure>\n\n\n\n<div class=\"wp-block-columns is-layout-flex wp-container-core-columns-is-layout-794e3cfa wp-block-columns-is-layout-flex\">\n<div class=\"wp-block-column is-layout-flow wp-block-column-is-layout-flow\">\n<p class=\"wp-block-paragraph\">Aprendimos especialmente la importancia de las rutinas al tener a nuestros hijos. Fue en ese momento cuando nuestras vidas se llenaron de rutinas: la del ba\u00f1o, los tiempos de juego, las comidas a las mismas horas, los tiempos de descanso, los cuentos antes de dormir, los \u201ctiempos de calidad\u201d juntos. <\/p>\n<\/div>\n\n\n\n<div class=\"wp-block-column is-layout-flow wp-block-column-is-layout-flow\">\n<div style=\"height:100px\" aria-hidden=\"true\" class=\"wp-block-spacer\"><\/div>\n\n\n\n<p class=\"wp-block-paragraph\">A esas rutinas se unieron desde el principio otras que se han ido instaurando, no sin dificultad, pero con la esperanza de que esa semilla que plantamos un d\u00eda fuera <strong>creciendo y enraizando con fortaleza<\/strong>.<\/p>\n<\/div>\n\n\n\n<div class=\"wp-block-column is-layout-flow wp-block-column-is-layout-flow\">\n<p class=\"wp-block-paragraph\"><\/p>\n<\/div>\n<\/div>\n\n\n\n<p class=\"wp-block-paragraph\">La rutina de los domingos, yendo a misa, tratando de que no solo fuera una costumbre, sino un encuentro, un momento para parar, agradecer y recolocarse en nuestro camino. Otra rutina muy bonita siempre fue la oraci\u00f3n de la noche. Las primeras oraciones de los ni\u00f1os, el \u201cJesusito de mi vida\u201d o \u201clas cuatro esquinitas\u201d. El \u201cPadre Nuestro\u201d rezado del tir\u00f3n con media lengua. Esa rutina se ha transformado actualmente en rutina de la ma\u00f1ana, en el coche, todos yendo al colegio, dando gracias por el d\u00eda y pidiendo por todos los que necesitan tener un poquito m\u00e1s cerca al Se\u00f1or. Oraciones especiales en Navidad o Pascua, en las que nos sentamos todos juntos de la mano, el \u201crezando voy\u201d, las velas encendidas. Bendecir la mesa antes de comer es otro peque\u00f1o gesto que nos ayuda a recordar lo afortunados que somos, que lo que tenemos en la mesa no solo es fruto de nuestro esfuerzo, sino que es todo un regalo. Tambi\u00e9n tenemos en casa signos visibles de esa fe que queremos vivir: una cruz, una Virgen. Son s\u00edmbolos que nos recuerdan que no estamos solos y que siempre vamos acompa\u00f1ados en este camino.<\/p>\n\n\n\n<div class=\"wp-block-columns is-layout-flex wp-container-core-columns-is-layout-794e3cfa wp-block-columns-is-layout-flex\">\n<div class=\"wp-block-column is-layout-flow wp-block-column-is-layout-flow\" style=\"flex-basis:33.33%\"><\/div>\n\n\n\n<div class=\"wp-block-column is-layout-flow wp-block-column-is-layout-flow\" style=\"flex-basis:66.66%\">\n<p class=\"wp-block-paragraph\">Otra rutina que nos llena de felicidad son las celebraciones. Nos gusta ser celebrativos y compartirlas con los dem\u00e1s. Transmitir alegr\u00eda y dar amor, ya lo dijo mi madre. Los cumplea\u00f1os, los aniversarios, las etapas que se cierran o se abren. Este a\u00f1o celebramos nuestro 20 aniversario de casados organizando una Eucarist\u00eda en casa con los familiares y amigos \u00edntimos. O cumplea\u00f1os especiales, algunos organizados de forma sorpresa y con una buena fiesta\u2026 porque \u00a1Dios tambi\u00e9n nos invita a disfrutar!<\/p>\n<\/div>\n<\/div>\n\n\n\n<h2 class=\"wp-block-heading\">El Evangelio que siempre nos ha acompa\u00f1ado, <\/h2>\n\n\n\n<p class=\"wp-block-paragraph\">tanto en nuestra boda como en los diferentes bautizos, ha sido el de Mateo: ser luz y sal. No es una casualidad, ya que creemos que <span data-color=\"#ddebf1\" style=\"background: #ddebf1;\" class=\"has-highlight-color\">estamos llamados a ser luz para otros<\/span>, iluminar con nuestra propia vida, con nuestros gestos, con nuestras rutinas, con nuestra manera de amar.<\/p>\n\n\n\n<p class=\"wp-block-paragraph\">Ser luz no significa ser perfectos. <strong>Tratamos de buscar la autenticidad<\/strong>, la sencillez y, a la vez, el saberse d\u00e9bil y fr\u00e1gil, pero necesitado y sostenido por el Se\u00f1or. Es tambi\u00e9n saber pedir ayuda. Para poder ser luz, lo primero es cuidarnos a nosotros mismos, y eso nos llama a la responsabilidad. Para poder dar calor en los momentos de fr\u00edo, hay que mantener encendida esa llama. Eso implica <span data-color=\"#fbf3db\" style=\"background: #fbf3db;\" class=\"has-highlight-color\">un cuidado personal y del otro<\/span>, y muy especialmente siendo padres, ya que somos reflejo donde se miran nuestros hijos, imagen proyectada y ejemplo m\u00e1s por lo que hacemos que por lo que decimos.<\/p>\n\n\n\n<div class=\"wp-block-columns is-layout-flex wp-container-core-columns-is-layout-794e3cfa wp-block-columns-is-layout-flex\">\n<div class=\"wp-block-column is-layout-flow wp-container-core-column-is-layout-523e25c5 wp-block-column-is-layout-flow\" style=\"flex-basis:66.66%\">\n<h2 class=\"wp-block-heading\">Vivir la fe en pareja es una gran suerte <\/h2>\n\n\n\n<p class=\"wp-block-paragraph\">y un regalo inmenso. Saber que <strong>podemos elegirnos cada d\u00eda<\/strong> con Dios en medio nos da una base firme. Cuando algo falla, cuando llegan las dificultades o las diferencias, \u00c9l se convierte en ese lazo de uni\u00f3n que nos mantiene unidos, en el punto de encuentro al que siempre podemos volver. La fe no elimina los problemas, pero <span data-color=\"#ddedea\" style=\"background: #ddedea;\" class=\"has-highlight-color\">nos ense\u00f1a a mirarlos juntos<\/span> y a afrontarlos con amor, paciencia y confianza.<\/p>\n<\/div>\n\n\n\n<div class=\"wp-block-column is-layout-flow wp-block-column-is-layout-flow\" style=\"flex-basis:33.33%\"><\/div>\n<\/div>\n\n\n\n<div class=\"wp-block-columns is-layout-flex wp-container-core-columns-is-layout-794e3cfa wp-block-columns-is-layout-flex\">\n<div class=\"wp-block-column is-layout-flow wp-block-column-is-layout-flow\" style=\"flex-basis:33.33%\"><\/div>\n\n\n\n<div class=\"wp-block-column is-layout-flow wp-block-column-is-layout-flow\" style=\"flex-basis:66.66%\">\n<p class=\"wp-block-paragraph\">En definitiva, las rutinas sencillas de la vida diaria nos recuerdan qui\u00e9nes somos y cu\u00e1l es nuestro hogar, nuestra fortaleza y nuestra debilidad. <span data-color=\"#ddebf1\" style=\"background: #ddebf1;\" class=\"has-highlight-color\">C\u00f3mo le pas\u00f3 a Mar\u00eda ese d\u00eda de la visita del \u00e1ngel<\/span>, dan paso a lo extraordinario. Nos recuerdan que somos queridos y amados. Nos dan paz y calma en esta vida de prisas y ruido constante. Nos invitan a vivir con autenticidad y sin m\u00e1scaras, a <strong>querernos y cuidarnos<\/strong>. A vivir con fe. Una fe que nos recuerda cada d\u00eda que Dios camina con nosotros, que nos sostiene y que nos invita a ser, all\u00ed donde estemos,<span data-color=\"#ddedea\" style=\"background: #ddedea;\" class=\"has-highlight-color\"> luz y sal para los dem\u00e1s<\/span>.<\/p>\n\n\n\n<div style=\"height:100px\" aria-hidden=\"true\" class=\"wp-block-spacer\"><\/div>\n<\/div>\n<\/div>\n\n\n\n<p class=\"has-text-align-right wp-block-paragraph\">por <em>Cristina Rodr\u00edguez Planas<\/em>, profesora de nuestro <a href=\"https:\/\/www.mariainmaculadasevilla.es\/\">Mar\u00eda Inmaculada Sevilla<\/a>.<\/p>\n\n\n\n<div style=\"height:100px\" aria-hidden=\"true\" class=\"wp-block-spacer\"><\/div>\n","protected":false},"excerpt":{"rendered":"<p>Hablar de rutina hoy en d\u00eda parece algo aburrido. La vida parece que debe ser fren\u00e9tica, nos impulsa a \u201csentir algo\u201d en todo momento. Las redes sociales son una buena muestra de ello, cuando pasamos cada 30 segundos de v\u00eddeo en v\u00eddeo, buscando algo que nos haga re\u00edr, emocionarnos o incluso llorar. Hoy parece que [&hellip;]<\/p>\n","protected":false},"author":246329482,"featured_media":6751,"comment_status":"open","ping_status":"open","sticky":false,"template":"","format":"standard","meta":{"_eb_attr":"","_crdt_document":"","advanced_seo_description":"","jetpack_seo_html_title":"","jetpack_seo_noindex":false,"_jetpack_newsletter_access":"","_jetpack_dont_email_post_to_subs":false,"_jetpack_newsletter_tier_id":0,"_jetpack_memberships_contains_paywalled_content":false,"_jetpack_memberships_contains_paid_content":false,"footnotes":"","jetpack_publicize_message":"","jetpack_publicize_feature_enabled":true,"jetpack_social_post_already_shared":true,"jetpack_social_options":{"image_generator_settings":{"template":"highway","default_image_id":0,"font":"","enabled":false},"version":2},"_wpas_customize_per_network":false,"jetpack_post_was_ever_published":false},"categories":[772356671,772356670,772356369,771144771,772356424,1039746,772356672,772356669,13076062],"tags":[772356617,772356436,772356610,772356371,531240,772356698,772356745,772356497,8329,772356746,772356744,772356743,772356696,772356615],"class_list":["post-6743","post","type-post","status-publish","format-standard","has-post-thumbnail","hentry","category-centros-educativos","category-centros-sociales","category-cuaresma","category-destellos-de-vida-cotidiana","category-entradas","category-fluir","category-obras-apostolicas","category-residencias","category-tiempos-liturgicos","tag-amor","tag-carisma","tag-cuidado","tag-desarrollo-integral","tag-evangelio","tag-fe","tag-hijos","tag-hogar","tag-jesus","tag-luz","tag-matrimonio","tag-pareja","tag-sencillez","tag-vida-cotidiana"],"jetpack_publicize_connections":[],"jetpack_featured_media_url":"https:\/\/i0.wp.com\/pastoralrmi.com\/wp-content\/uploads\/2026\/03\/pexels-photo-32207995.jpeg?fit=1880%2C1253&ssl=1","jetpack_likes_enabled":true,"jetpack_sharing_enabled":true,"jetpack_shortlink":"https:\/\/wp.me\/pfvk8v-1KL","jetpack-related-posts":[{"id":6459,"url":"https:\/\/pastoralrmi.com\/es\/de-la-resi-al-mundo-la-fe-que-despierta-transforma-y-actua\/","url_meta":{"origin":6743,"position":0},"title":"De la resi al mundo: la fe que despierta, transforma y act\u00faa","author":"Blog de pastoral Provincia Iberica","date":"10 de diciembre de 2025","format":false,"excerpt":"Cuando ten\u00eda 16 a\u00f1os conoc\u00ed a las Religiosas de Mar\u00eda Inmaculada; y, gran parte de lo que hoy soy, es gracias a lo que con ellas viv\u00ed, crec\u00ed y aprend\u00ed hasta los 21 a\u00f1os, \u00a0primero en la casa de C\u00f3rdoba y despu\u00e9s en la de Sevilla. Si bien, es cierto\u2026","rel":"","context":"En \u00abCentros educativos\u00bb","block_context":{"text":"Centros educativos","link":"https:\/\/pastoralrmi.com\/es\/category\/obras-apostolicas\/centros-educativos\/"},"img":{"alt_text":"high angle photo of woman on ladder","src":"https:\/\/i0.wp.com\/pastoralrmi.com\/wp-content\/uploads\/2025\/12\/pexels-photo-2467396.jpeg?fit=1200%2C800&ssl=1&resize=350%2C200","width":350,"height":200,"srcset":"https:\/\/i0.wp.com\/pastoralrmi.com\/wp-content\/uploads\/2025\/12\/pexels-photo-2467396.jpeg?fit=1200%2C800&ssl=1&resize=350%2C200 1x, https:\/\/i0.wp.com\/pastoralrmi.com\/wp-content\/uploads\/2025\/12\/pexels-photo-2467396.jpeg?fit=1200%2C800&ssl=1&resize=525%2C300 1.5x, https:\/\/i0.wp.com\/pastoralrmi.com\/wp-content\/uploads\/2025\/12\/pexels-photo-2467396.jpeg?fit=1200%2C800&ssl=1&resize=700%2C400 2x, https:\/\/i0.wp.com\/pastoralrmi.com\/wp-content\/uploads\/2025\/12\/pexels-photo-2467396.jpeg?fit=1200%2C800&ssl=1&resize=1050%2C600 3x"},"classes":[]},{"id":3257,"url":"https:\/\/pastoralrmi.com\/es\/el-reto-de-educar-sobre-sexualidad\/","url_meta":{"origin":6743,"position":1},"title":"\u00bfEducar sobre sexualidad?","author":"Blog de pastoral Provincia Iberica","date":"29 de enero de 2025","format":false,"excerpt":"Llueve un d\u00eda en el que una chica, sentada en la cama de su cuarto, siente que tambi\u00e9n llueve en su interior. Su coraz\u00f3n est\u00e1 disparado, siente calor en el pecho y mejillas y no deja de dar vueltas a lo ocurrido la tarde anterior. Si en realidad no me\u2026","rel":"","context":"En \u00abDestellos de vida cotidiana\u00bb","block_context":{"text":"Destellos de vida cotidiana","link":"https:\/\/pastoralrmi.com\/es\/category\/fluir\/destellos-de-vida-cotidiana\/"},"img":{"alt_text":"person holding flower","src":"https:\/\/i0.wp.com\/pastoralrmi.com\/wp-content\/uploads\/2025\/01\/pexels-photo-2001102.jpeg?fit=1200%2C800&ssl=1&resize=350%2C200","width":350,"height":200,"srcset":"https:\/\/i0.wp.com\/pastoralrmi.com\/wp-content\/uploads\/2025\/01\/pexels-photo-2001102.jpeg?fit=1200%2C800&ssl=1&resize=350%2C200 1x, https:\/\/i0.wp.com\/pastoralrmi.com\/wp-content\/uploads\/2025\/01\/pexels-photo-2001102.jpeg?fit=1200%2C800&ssl=1&resize=525%2C300 1.5x, https:\/\/i0.wp.com\/pastoralrmi.com\/wp-content\/uploads\/2025\/01\/pexels-photo-2001102.jpeg?fit=1200%2C800&ssl=1&resize=700%2C400 2x, https:\/\/i0.wp.com\/pastoralrmi.com\/wp-content\/uploads\/2025\/01\/pexels-photo-2001102.jpeg?fit=1200%2C800&ssl=1&resize=1050%2C600 3x"},"classes":[]},{"id":3144,"url":"https:\/\/pastoralrmi.com\/es\/el-sentido-de-la-vida-en-el-corazon-de-los-jovenes\/","url_meta":{"origin":6743,"position":2},"title":"El sentido de la vida en el coraz\u00f3n de los j\u00f3venes","author":"Blog de pastoral Provincia Iberica","date":"22 de enero de 2025","format":false,"excerpt":"\u00bfAlguna vez te has preguntado para qu\u00e9 est\u00e1s aqu\u00ed? \u00bfCu\u00e1l es el sentido de tu vida? Esta b\u00fasqueda ha sido un tema central para la humanidad, y en un mundo lleno de opciones, los j\u00f3venes buscan respuestas aut\u00e9nticas. El psiquiatra Viktor Frankl, quien vivi\u00f3 los horrores de los campos de\u2026","rel":"","context":"En \u00abDesarrollo integral\u00bb","block_context":{"text":"Desarrollo integral","link":"https:\/\/pastoralrmi.com\/es\/category\/fluir\/desarrollo-integral\/"},"img":{"alt_text":"hand touching the green moss the wall","src":"https:\/\/i0.wp.com\/pastoralrmi.com\/wp-content\/uploads\/2025\/01\/pexels-photo-8933960.webp?fit=1200%2C800&ssl=1&resize=350%2C200","width":350,"height":200,"srcset":"https:\/\/i0.wp.com\/pastoralrmi.com\/wp-content\/uploads\/2025\/01\/pexels-photo-8933960.webp?fit=1200%2C800&ssl=1&resize=350%2C200 1x, https:\/\/i0.wp.com\/pastoralrmi.com\/wp-content\/uploads\/2025\/01\/pexels-photo-8933960.webp?fit=1200%2C800&ssl=1&resize=525%2C300 1.5x, https:\/\/i0.wp.com\/pastoralrmi.com\/wp-content\/uploads\/2025\/01\/pexels-photo-8933960.webp?fit=1200%2C800&ssl=1&resize=700%2C400 2x, https:\/\/i0.wp.com\/pastoralrmi.com\/wp-content\/uploads\/2025\/01\/pexels-photo-8933960.webp?fit=1200%2C800&ssl=1&resize=1050%2C600 3x"},"classes":[]},{"id":6422,"url":"https:\/\/pastoralrmi.com\/es\/el-poder-del-silencio-de-la-quietud-al-si\/","url_meta":{"origin":6743,"position":3},"title":"El poder del silencio: de la quietud al s\u00ed","author":"Blog de pastoral Provincia Iberica","date":"3 de diciembre de 2025","format":false,"excerpt":"Hay d\u00edas en los que todo parece moverse a una velocidad vertiginosa: el m\u00f3vil vibra sin descanso, las tareas pendientes se amontonan, el tr\u00e1fico ruge, las incesantes notificaciones nos aturden y, sin darnos cuenta, nos vemos inmersos en una carrera constante que apenas nos deja respirar. El ruido \u2014afuera y\u2026","rel":"","context":"En \u00abADVIENTO\u00bb","block_context":{"text":"ADVIENTO","link":"https:\/\/pastoralrmi.com\/es\/category\/comprender\/tiempos-liturgicos\/adviento\/"},"img":{"alt_text":"silhouette of woman standing on rock near body of water during night time","src":"https:\/\/i0.wp.com\/pastoralrmi.com\/wp-content\/uploads\/2025\/12\/pexels-photo-3751387.jpeg?fit=1200%2C1082&ssl=1&resize=350%2C200","width":350,"height":200,"srcset":"https:\/\/i0.wp.com\/pastoralrmi.com\/wp-content\/uploads\/2025\/12\/pexels-photo-3751387.jpeg?fit=1200%2C1082&ssl=1&resize=350%2C200 1x, https:\/\/i0.wp.com\/pastoralrmi.com\/wp-content\/uploads\/2025\/12\/pexels-photo-3751387.jpeg?fit=1200%2C1082&ssl=1&resize=525%2C300 1.5x, https:\/\/i0.wp.com\/pastoralrmi.com\/wp-content\/uploads\/2025\/12\/pexels-photo-3751387.jpeg?fit=1200%2C1082&ssl=1&resize=700%2C400 2x, https:\/\/i0.wp.com\/pastoralrmi.com\/wp-content\/uploads\/2025\/12\/pexels-photo-3751387.jpeg?fit=1200%2C1082&ssl=1&resize=1050%2C600 3x"},"classes":[]},{"id":6233,"url":"https:\/\/pastoralrmi.com\/es\/la-direccion-compartida-nuevos-modos-de-trabajar\/","url_meta":{"origin":6743,"position":4},"title":"La direcci\u00f3n compartida: nuevos modos de trabajar","author":"Blog de pastoral Provincia Iberica","date":"15 de octubre de 2025","format":false,"excerpt":"Parece ser que la realidad nos empuja a resignificar algunas cosas de las que ten\u00edamos como ciertas.\u00a0 Es verdad, da v\u00e9rtigo, incluso porque lo bonito y sano de la tradici\u00f3n es que nos da sentido de identidad, de pertenencia, \u00abcomo si quisi\u00e9ramos decir: yo no he dejado de ser aquel\u2026","rel":"","context":"En \u00abDestellos de vida cotidiana\u00bb","block_context":{"text":"Destellos de vida cotidiana","link":"https:\/\/pastoralrmi.com\/es\/category\/fluir\/destellos-de-vida-cotidiana\/"},"img":{"alt_text":"flags decorating street","src":"https:\/\/i0.wp.com\/pastoralrmi.com\/wp-content\/uploads\/2025\/10\/pexels-photo-16578585.jpeg?fit=799%2C1200&ssl=1&resize=350%2C200","width":350,"height":200,"srcset":"https:\/\/i0.wp.com\/pastoralrmi.com\/wp-content\/uploads\/2025\/10\/pexels-photo-16578585.jpeg?fit=799%2C1200&ssl=1&resize=350%2C200 1x, https:\/\/i0.wp.com\/pastoralrmi.com\/wp-content\/uploads\/2025\/10\/pexels-photo-16578585.jpeg?fit=799%2C1200&ssl=1&resize=525%2C300 1.5x, https:\/\/i0.wp.com\/pastoralrmi.com\/wp-content\/uploads\/2025\/10\/pexels-photo-16578585.jpeg?fit=799%2C1200&ssl=1&resize=700%2C400 2x"},"classes":[]},{"id":3422,"url":"https:\/\/pastoralrmi.com\/es\/cuando-acaban-las-clases\/","url_meta":{"origin":6743,"position":5},"title":"Cuando acaban las clases","author":"Blog de pastoral Provincia Iberica","date":"19 de febrero de 2025","format":false,"excerpt":"Son las dos y media y las escaleras se llenan de alumnos con sus mochilas\u2026 Todos est\u00e1n deseando cruzar la puerta del centro para salir a la calle\u2026 \u00bfHe dicho todos?\u2026 Pues no, es martes o jueves y hay algunos alumnos de los diferentes cursos, que se desmarcan de la\u2026","rel":"","context":"En \u00abCentros educativos\u00bb","block_context":{"text":"Centros educativos","link":"https:\/\/pastoralrmi.com\/es\/category\/obras-apostolicas\/centros-educativos\/"},"img":{"alt_text":"basketball hoop on court","src":"https:\/\/i0.wp.com\/pastoralrmi.com\/wp-content\/uploads\/2025\/02\/pexels-photo-680074.jpeg?fit=1200%2C800&ssl=1&resize=350%2C200","width":350,"height":200,"srcset":"https:\/\/i0.wp.com\/pastoralrmi.com\/wp-content\/uploads\/2025\/02\/pexels-photo-680074.jpeg?fit=1200%2C800&ssl=1&resize=350%2C200 1x, https:\/\/i0.wp.com\/pastoralrmi.com\/wp-content\/uploads\/2025\/02\/pexels-photo-680074.jpeg?fit=1200%2C800&ssl=1&resize=525%2C300 1.5x, https:\/\/i0.wp.com\/pastoralrmi.com\/wp-content\/uploads\/2025\/02\/pexels-photo-680074.jpeg?fit=1200%2C800&ssl=1&resize=700%2C400 2x, https:\/\/i0.wp.com\/pastoralrmi.com\/wp-content\/uploads\/2025\/02\/pexels-photo-680074.jpeg?fit=1200%2C800&ssl=1&resize=1050%2C600 3x"},"classes":[]}],"_links":{"self":[{"href":"https:\/\/pastoralrmi.com\/es\/wp-json\/wp\/v2\/posts\/6743","targetHints":{"allow":["GET"]}}],"collection":[{"href":"https:\/\/pastoralrmi.com\/es\/wp-json\/wp\/v2\/posts"}],"about":[{"href":"https:\/\/pastoralrmi.com\/es\/wp-json\/wp\/v2\/types\/post"}],"author":[{"embeddable":true,"href":"https:\/\/pastoralrmi.com\/es\/wp-json\/wp\/v2\/users\/246329482"}],"replies":[{"embeddable":true,"href":"https:\/\/pastoralrmi.com\/es\/wp-json\/wp\/v2\/comments?post=6743"}],"version-history":[{"count":13,"href":"https:\/\/pastoralrmi.com\/es\/wp-json\/wp\/v2\/posts\/6743\/revisions"}],"predecessor-version":[{"id":6758,"href":"https:\/\/pastoralrmi.com\/es\/wp-json\/wp\/v2\/posts\/6743\/revisions\/6758"}],"wp:featuredmedia":[{"embeddable":true,"href":"https:\/\/pastoralrmi.com\/es\/wp-json\/wp\/v2\/media\/6751"}],"wp:attachment":[{"href":"https:\/\/pastoralrmi.com\/es\/wp-json\/wp\/v2\/media?parent=6743"}],"wp:term":[{"taxonomy":"category","embeddable":true,"href":"https:\/\/pastoralrmi.com\/es\/wp-json\/wp\/v2\/categories?post=6743"},{"taxonomy":"post_tag","embeddable":true,"href":"https:\/\/pastoralrmi.com\/es\/wp-json\/wp\/v2\/tags?post=6743"}],"curies":[{"name":"wp","href":"https:\/\/api.w.org\/{rel}","templated":true}]}}