{"id":1429,"date":"2024-06-19T10:30:35","date_gmt":"2024-06-19T08:30:35","guid":{"rendered":"https:\/\/pastoralrmi.com\/?p=1429"},"modified":"2024-11-05T12:07:14","modified_gmt":"2024-11-05T11:07:14","slug":"escucha","status":"publish","type":"post","link":"https:\/\/pastoralrmi.com\/pt\/escucha\/","title":{"rendered":"Escuta"},"content":{"rendered":"<div class=\"wp-block-group has-global-padding is-layout-constrained wp-block-group-is-layout-constrained\">\n<div class=\"wp-block-group alignfull has-global-padding is-layout-constrained wp-container-core-group-is-layout-9f56a635 wp-block-group-is-layout-constrained\" style=\"margin-top:0;margin-bottom:0;padding-top:calc( 0.5 * var(--wp--style--root--padding-right, var(--wp--custom--gap--horizontal)));padding-right:var(--wp--style--root--padding-right, var(--wp--custom--gap--horizontal));padding-bottom:calc( 0.5 * var(--wp--style--root--padding-right, var(--wp--custom--gap--horizontal)));padding-left:var(--wp--style--root--padding-left, var(--wp--custom--gap--horizontal))\">\n<div style=\"height:calc( 0.25 * var(--wp--style--root--padding-right, var(--wp--custom--gap--horizontal)));width:0px\" aria-hidden=\"true\" class=\"wp-block-spacer\"><\/div>\n\n\n\n<h2 class=\"wp-block-heading has-large-font-size\">Situamo-nos<\/h2>\n\n\n\n<p class=\"wp-block-paragraph\">Algumas perguntas que nos podem ajudar a introduzir o <strong>tempo de advento<\/strong>.<\/p>\n\n\n\n<div class=\"wp-block-group alignfull is-layout-flow wp-block-group-is-layout-flow\" style=\"margin-top:0;margin-bottom:0;padding-top:calc( 0.5 * var(--wp--style--root--padding-right, var(--wp--custom--gap--horizontal)));padding-right:var(--wp--style--root--padding-right, var(--wp--custom--gap--horizontal));padding-bottom:calc( 0.5 * var(--wp--style--root--padding-right, var(--wp--custom--gap--horizontal)));padding-left:var(--wp--style--root--padding-left, var(--wp--custom--gap--horizontal))\">\n<div style=\"height:calc( 0.25 * var(--wp--style--root--padding-right, var(--wp--custom--gap--horizontal)))\" aria-hidden=\"true\" class=\"wp-block-spacer\"><\/div>\n\n\n\n<div class=\"wp-block-columns alignwide are-vertically-aligned-center is-layout-flex wp-container-core-columns-is-layout-794e3cfa wp-block-columns-is-layout-flex\">\n<div class=\"wp-block-column is-vertically-aligned-center is-layout-flow wp-block-column-is-layout-flow\">\n<figure class=\"wp-block-embed is-type-video is-provider-youtube wp-block-embed-youtube wp-embed-aspect-16-9 wp-has-aspect-ratio\"><div class=\"wp-block-embed__wrapper\">\n<span class=\"embed-youtube\" style=\"text-align:center; display: block;\"><iframe loading=\"lazy\" class=\"youtube-player\" width=\"640\" height=\"360\" src=\"https:\/\/www.youtube.com\/embed\/lOjtksPEGnw?version=3&#038;rel=1&#038;showsearch=0&#038;showinfo=1&#038;iv_load_policy=1&#038;fs=1&#038;hl=pt-PT&#038;autohide=2&#038;wmode=transparent\" allowfullscreen=\"true\" style=\"border:0;\" sandbox=\"allow-scripts allow-same-origin allow-popups allow-presentation allow-popups-to-escape-sandbox\"><\/iframe><\/span>\n<\/div><\/figure>\n<\/div>\n\n\n\n<div class=\"wp-block-column is-vertically-aligned-center is-layout-flow wp-block-column-is-layout-flow\">\n<h2 class=\"wp-block-heading alignwide\">Advento<\/h2>\n\n\n\n<p class=\"wp-block-paragraph\">A alegria n\u00e3o \u00e9 poss\u00edvel sem a escuta. A partir desta \u00abhist\u00f3ria\u00bb, refletimos:<\/p>\n<\/div>\n<\/div>\n\n\n\n<div style=\"height:calc( 0.25 * var(--wp--style--root--padding-right, var(--wp--custom--gap--horizontal)))\" aria-hidden=\"true\" class=\"wp-block-spacer\"><\/div>\n<\/div>\n<\/div>\n<\/div>\n\n\n\n<div class=\"wp-block-group alignfull has-global-padding is-content-justification-center is-layout-constrained wp-container-core-group-is-layout-92d3b899 wp-block-group-is-layout-constrained\" style=\"margin-top:0;margin-bottom:0;padding-top:calc( 0.5 * var(--wp--style--root--padding-right, var(--wp--custom--gap--horizontal)));padding-right:var(--wp--style--root--padding-right, var(--wp--custom--gap--horizontal));padding-bottom:calc( 0.5 * var(--wp--style--root--padding-right, var(--wp--custom--gap--horizontal)));padding-left:var(--wp--style--root--padding-left, var(--wp--custom--gap--horizontal))\">\n<div style=\"height:var(--wp--preset--spacing--20)\" aria-hidden=\"true\" class=\"wp-block-spacer\"><\/div>\n\n\n\n<div class=\"wp-block-columns alignwide is-layout-flex wp-container-core-columns-is-layout-1fcf0b16 wp-block-columns-is-layout-flex\">\n<div class=\"wp-block-column is-layout-flow wp-block-column-is-layout-flow\" style=\"border-right-color:var(--wp--preset--color--theme-2);border-right-width:1px;padding-right:var(--wp--preset--spacing--30)\">\n<h3 class=\"wp-block-heading has-text-align-center is-service-name\">Mensagens<\/h3>\n\n\n\n<p class=\"has-text-align-left is-service-description wp-block-paragraph\" style=\"line-height:1.5\">Que mensagens recebo ao longo de um dia?<\/p>\n\n\n\n<p class=\"has-text-align-left is-service-description wp-block-paragraph\">Que mensagens gostaria de receber?<\/p>\n\n\n\n<p class=\"has-text-align-left is-service-description wp-block-paragraph\" style=\"line-height:1.8\">(n\u00e3o nos centramos apenas nos \"evidentes\", tentamos ir al\u00e9m, mensagens das pessoas, da natureza\u2026)&nbsp;<\/p>\n<\/div>\n\n\n\n<div class=\"wp-block-column is-layout-flow wp-block-column-is-layout-flow\" style=\"border-right-color:var(--wp--preset--color--theme-2);border-right-width:1px;padding-right:var(--wp--preset--spacing--30)\">\n<h3 class=\"wp-block-heading has-text-align-center is-service-name\">Estar atentos<\/h3>\n\n\n\n<p class=\"has-text-align-left is-service-description wp-block-paragraph\">O que me faz n\u00e3o estar atent@ a estas mensagens que recebo?<\/p>\n<\/div>\n\n\n\n<div class=\"wp-block-column is-layout-flow wp-block-column-is-layout-flow\" style=\"padding-right:var(--wp--preset--spacing--30)\">\n<h3 class=\"wp-block-heading has-text-align-center is-service-name\">Neste tempo<\/h3>\n\n\n\n<p class=\"has-text-align-center is-service-description wp-block-paragraph\">Que mensagem, mensagens quero receber neste tempo do Advento?<\/p>\n\n\n\n<p class=\"has-text-align-center wp-block-paragraph\">Que mensagem, mensagens vou oferecer eu neste tempo do Advento?<\/p>\n<\/div>\n<\/div>\n\n\n\n<div style=\"height:calc( 0.25 * var(--wp--style--root--padding-right, var(--wp--custom--gap--horizontal)))\" aria-hidden=\"true\" class=\"wp-block-spacer\"><\/div>\n<\/div>\n\n\n<div class=\"wp-block-jetpack-rating-star\" style=\"text-align:left\" itemprop=\"reviewRating\" itemscope itemtype=\"http:\/\/schema.org\/Rating\"><p><span aria-hidden=\"true\">\u2b50<\/span><span aria-hidden=\"true\">\u2b50<\/span><span aria-hidden=\"true\">\u2b50<\/span><span aria-hidden=\"true\">\u2b50<\/span><span aria-hidden=\"true\">\u2b50<\/span><\/p><span style=\"display: none;\" itemprop=\"worstRating\" content=\"0.5\"><span>\n<svg xmlns=\"http:\/\/www.w3.org\/2000\/svg\" width=\"24\" height=\"24\" viewbox=\"0 0 24 24\">\n\t<path class=\"\" fill=\"currentColor\" stroke=\"currentColor\" d=\"M12,17.3l6.2,3.7l-1.6-7L22,9.2l-7.2-0.6L12,2L9.2,8.6L2,9.2L7.5,14l-1.6,7L12,17.3z\" \/>\n<\/svg>\n<\/span>\n<span>\n<svg xmlns=\"http:\/\/www.w3.org\/2000\/svg\" width=\"24\" height=\"24\" viewbox=\"0 0 24 24\">\n\t<path class=\"\" fill=\"currentColor\" stroke=\"currentColor\" d=\"M12,17.3l6.2,3.7l-1.6-7L22,9.2l-7.2-0.6L12,2L9.2,8.6L2,9.2L7.5,14l-1.6,7L12,17.3z\" \/>\n<\/svg>\n<\/span><\/span><span style=\"display: none;\" ><span>\n<svg xmlns=\"http:\/\/www.w3.org\/2000\/svg\" width=\"24\" height=\"24\" viewbox=\"0 0 24 24\">\n\t<path class=\"\" fill=\"currentColor\" stroke=\"currentColor\" d=\"M12,17.3l6.2,3.7l-1.6-7L22,9.2l-7.2-0.6L12,2L9.2,8.6L2,9.2L7.5,14l-1.6,7L12,17.3z\" \/>\n<\/svg>\n<\/span>\n<span>\n<svg xmlns=\"http:\/\/www.w3.org\/2000\/svg\" width=\"24\" height=\"24\" viewbox=\"0 0 24 24\">\n\t<path class=\"\" fill=\"currentColor\" stroke=\"currentColor\" d=\"M12,17.3l6.2,3.7l-1.6-7L22,9.2l-7.2-0.6L12,2L9.2,8.6L2,9.2L7.5,14l-1.6,7L12,17.3z\" \/>\n<\/svg>\n<\/span><\/span><span style=\"display: none;\" ><span>\n<svg xmlns=\"http:\/\/www.w3.org\/2000\/svg\" width=\"24\" height=\"24\" viewbox=\"0 0 24 24\">\n\t<path class=\"\" fill=\"currentColor\" stroke=\"currentColor\" d=\"M12,17.3l6.2,3.7l-1.6-7L22,9.2l-7.2-0.6L12,2L9.2,8.6L2,9.2L7.5,14l-1.6,7L12,17.3z\" \/>\n<\/svg>\n<\/span>\n<span>\n<svg xmlns=\"http:\/\/www.w3.org\/2000\/svg\" width=\"24\" height=\"24\" viewbox=\"0 0 24 24\">\n\t<path class=\"\" fill=\"currentColor\" stroke=\"currentColor\" d=\"M12,17.3l6.2,3.7l-1.6-7L22,9.2l-7.2-0.6L12,2L9.2,8.6L2,9.2L7.5,14l-1.6,7L12,17.3z\" \/>\n<\/svg>\n<\/span><\/span><span style=\"display: none;\" ><span>\n<svg xmlns=\"http:\/\/www.w3.org\/2000\/svg\" width=\"24\" height=\"24\" viewbox=\"0 0 24 24\">\n\t<path class=\"\" fill=\"currentColor\" stroke=\"currentColor\" d=\"M12,17.3l6.2,3.7l-1.6-7L22,9.2l-7.2-0.6L12,2L9.2,8.6L2,9.2L7.5,14l-1.6,7L12,17.3z\" \/>\n<\/svg>\n<\/span>\n<span>\n<svg xmlns=\"http:\/\/www.w3.org\/2000\/svg\" width=\"24\" height=\"24\" viewbox=\"0 0 24 24\">\n\t<path class=\"\" fill=\"currentColor\" stroke=\"currentColor\" d=\"M12,17.3l6.2,3.7l-1.6-7L22,9.2l-7.2-0.6L12,2L9.2,8.6L2,9.2L7.5,14l-1.6,7L12,17.3z\" \/>\n<\/svg>\n<\/span><\/span><span style=\"display: none;\" itemprop=\"bestRating\" content=\"5\"><span>\n<svg xmlns=\"http:\/\/www.w3.org\/2000\/svg\" width=\"24\" height=\"24\" viewbox=\"0 0 24 24\">\n\t<path class=\"\" fill=\"currentColor\" stroke=\"currentColor\" d=\"M12,17.3l6.2,3.7l-1.6-7L22,9.2l-7.2-0.6L12,2L9.2,8.6L2,9.2L7.5,14l-1.6,7L12,17.3z\" \/>\n<\/svg>\n<\/span>\n<span>\n<svg xmlns=\"http:\/\/www.w3.org\/2000\/svg\" width=\"24\" height=\"24\" viewbox=\"0 0 24 24\">\n\t<path class=\"\" fill=\"currentColor\" stroke=\"currentColor\" d=\"M12,17.3l6.2,3.7l-1.6-7L22,9.2l-7.2-0.6L12,2L9.2,8.6L2,9.2L7.5,14l-1.6,7L12,17.3z\" \/>\n<\/svg>\n<\/span><\/span><span itemprop=\"ratingValue\" class=\"screen-reader-text\" content=\"5\">Rating: 5 out of 5.<\/span><\/div>\n\n\n<div class=\"wp-block-file\"><a id=\"wp-block-file--media-d3f03183-8358-44b7-bc5a-326f168853d3\" href=\"https:\/\/pastoralrmi.com\/wp-content\/uploads\/2024\/06\/motivacion-para-el-adviento-2023.pdf\">motivacion-para-el-adviento-2023<\/a><a href=\"https:\/\/pastoralrmi.com\/wp-content\/uploads\/2024\/06\/motivacion-para-el-adviento-2023.pdf\" class=\"wp-block-file__button wp-element-button\" download aria-describedby=\"wp-block-file--media-d3f03183-8358-44b7-bc5a-326f168853d3\">Download<\/a><\/div>\n\n\n\n<p class=\"wp-block-paragraph\"><\/p>","protected":false},"excerpt":{"rendered":"<p>Situamo-nos ao come\u00e7ar este tempo de advento com algumas preguntas. Que mensagens recebo?<\/p>","protected":false},"author":246329482,"featured_media":1440,"comment_status":"open","ping_status":"open","sticky":false,"template":"","format":"standard","meta":{"_eb_attr":"","_crdt_document":"","advanced_seo_description":"","jetpack_seo_html_title":"","jetpack_seo_noindex":false,"_jetpack_newsletter_access":"","_jetpack_dont_email_post_to_subs":false,"_jetpack_newsletter_tier_id":0,"_jetpack_memberships_contains_paywalled_content":false,"_jetpack_memberships_contains_paid_content":false,"footnotes":"","jetpack_publicize_message":"","jetpack_publicize_feature_enabled":true,"jetpack_social_post_already_shared":false,"jetpack_social_options":{"image_generator_settings":{"template":"highway","default_image_id":0,"font":"","enabled":false},"version":2},"_wpas_customize_per_network":false,"jetpack_post_was_ever_published":false},"categories":[772356367,419135,772356208],"tags":[8476034,570697],"class_list":["post-1429","post","type-post","status-publish","format-standard","has-post-thumbnail","hentry","category-adviento","category-comprender","category-oraciones-retiros","tag-1o-trimestre","tag-adviento"],"jetpack_publicize_connections":[],"jetpack_featured_media_url":"https:\/\/i0.wp.com\/pastoralrmi.com\/wp-content\/uploads\/2024\/06\/pexels-photo-6864497.jpeg?fit=867%2C1300&ssl=1","jetpack_likes_enabled":true,"jetpack_sharing_enabled":true,"jetpack_shortlink":"https:\/\/wp.me\/sfvk8v-escucha","jetpack-related-posts":[{"id":2573,"url":"https:\/\/pastoralrmi.com\/pt\/adviento-rmi-2024\/","url_meta":{"origin":1429,"position":0},"title":"Advento RMI 2024","author":"Blog de pastoral Provincia Iberica","date":"28 de Novembro de 2024","format":false,"excerpt":"Un tiempo que nos invita a detenernos y a mirar hacia dentro para reencontrarnos con lo esencial, con todo lo que la prisa, las obligaciones y las preocupaciones han ido dejando en segundo plano. Hay dos tipos de materiales Durante estas cuatro semanas, con un microcuento cada domingo, te animaremos\u2026","rel":"","context":"In &quot;ADVIENTO&quot;","block_context":{"text":"ADVIENTO","link":"https:\/\/pastoralrmi.com\/pt\/category\/comprender\/tiempos-liturgicos\/adviento\/"},"img":{"alt_text":"person holding a lantern with fire","src":"https:\/\/i0.wp.com\/pastoralrmi.com\/wp-content\/uploads\/2024\/11\/pexels-photo-5635104.jpeg?fit=1200%2C800&ssl=1&resize=350%2C200","width":350,"height":200,"srcset":"https:\/\/i0.wp.com\/pastoralrmi.com\/wp-content\/uploads\/2024\/11\/pexels-photo-5635104.jpeg?fit=1200%2C800&ssl=1&resize=350%2C200 1x, https:\/\/i0.wp.com\/pastoralrmi.com\/wp-content\/uploads\/2024\/11\/pexels-photo-5635104.jpeg?fit=1200%2C800&ssl=1&resize=525%2C300 1.5x, https:\/\/i0.wp.com\/pastoralrmi.com\/wp-content\/uploads\/2024\/11\/pexels-photo-5635104.jpeg?fit=1200%2C800&ssl=1&resize=700%2C400 2x, https:\/\/i0.wp.com\/pastoralrmi.com\/wp-content\/uploads\/2024\/11\/pexels-photo-5635104.jpeg?fit=1200%2C800&ssl=1&resize=1050%2C600 3x"},"classes":[]},{"id":6404,"url":"https:\/\/pastoralrmi.com\/pt\/adviento-2025\/","url_meta":{"origin":1429,"position":1},"title":"Adviento RMI 2025","author":"Blog de pastoral Provincia Iberica","date":"26 de Novembro de 2025","format":false,"excerpt":"El Adviento es un tiempo para descargar lo que pesa y preparar el coraz\u00f3n. Para conectar con aquello que esta un poquito m\u00e1s olvidado o menos cuidado.... a que la luz que conecta lo de fuera con lo de dentro ilumine tu coraz\u00f3n desde lo sencillo y cotidiano.\u00a0 El Adviento\u2026","rel":"","context":"In &quot;ADVIENTO&quot;","block_context":{"text":"ADVIENTO","link":"https:\/\/pastoralrmi.com\/pt\/category\/comprender\/tiempos-liturgicos\/adviento\/"},"img":{"alt_text":"sunrise over potrerillos mountains in argentina","src":"https:\/\/i0.wp.com\/pastoralrmi.com\/wp-content\/uploads\/2025\/11\/pexels-photo-34931241.jpeg?fit=1200%2C750&ssl=1&resize=350%2C200","width":350,"height":200,"srcset":"https:\/\/i0.wp.com\/pastoralrmi.com\/wp-content\/uploads\/2025\/11\/pexels-photo-34931241.jpeg?fit=1200%2C750&ssl=1&resize=350%2C200 1x, https:\/\/i0.wp.com\/pastoralrmi.com\/wp-content\/uploads\/2025\/11\/pexels-photo-34931241.jpeg?fit=1200%2C750&ssl=1&resize=525%2C300 1.5x, https:\/\/i0.wp.com\/pastoralrmi.com\/wp-content\/uploads\/2025\/11\/pexels-photo-34931241.jpeg?fit=1200%2C750&ssl=1&resize=700%2C400 2x, https:\/\/i0.wp.com\/pastoralrmi.com\/wp-content\/uploads\/2025\/11\/pexels-photo-34931241.jpeg?fit=1200%2C750&ssl=1&resize=1050%2C600 3x"},"classes":[]},{"id":6481,"url":"https:\/\/pastoralrmi.com\/pt\/iv-domingo-de-adviento-de-la-profecia-a-la-luz\/","url_meta":{"origin":1429,"position":2},"title":"IV domingo de Advento: da profecia \u00e0 luz","author":"Blog de pastoral Provincia Iberica","date":"17 de Dezembro de 2025","format":false,"excerpt":"Is\u00a07, 10-14.\u00a0 En aquellos d\u00edas el Se\u00f1or volvi\u00f3 a hablar a Ajaz y le dijo: \u00abPide un signo al Se\u00f1or, tu Dios: en lo hondo del abismo o en lo alto del cielo\u00bb. Respondi\u00f3 Ajaz: \u00abNo lo pido, no quiero tentar al Se\u00f1or\u00bb. Entonces dijo Isa\u00edas: \u00abEscucha, casa de David:\u2026","rel":"","context":"In &quot;ADVIENTO&quot;","block_context":{"text":"ADVIENTO","link":"https:\/\/pastoralrmi.com\/pt\/category\/comprender\/tiempos-liturgicos\/adviento\/"},"img":{"alt_text":"white light bulb turned on in room","src":"https:\/\/i0.wp.com\/pastoralrmi.com\/wp-content\/uploads\/2025\/12\/pexels-photo-4709853.jpeg?fit=800%2C1200&ssl=1&resize=350%2C200","width":350,"height":200,"srcset":"https:\/\/i0.wp.com\/pastoralrmi.com\/wp-content\/uploads\/2025\/12\/pexels-photo-4709853.jpeg?fit=800%2C1200&ssl=1&resize=350%2C200 1x, https:\/\/i0.wp.com\/pastoralrmi.com\/wp-content\/uploads\/2025\/12\/pexels-photo-4709853.jpeg?fit=800%2C1200&ssl=1&resize=525%2C300 1.5x, https:\/\/i0.wp.com\/pastoralrmi.com\/wp-content\/uploads\/2025\/12\/pexels-photo-4709853.jpeg?fit=800%2C1200&ssl=1&resize=700%2C400 2x"},"classes":[]},{"id":6379,"url":"https:\/\/pastoralrmi.com\/pt\/adviento-tiempo-para-vivir-una-esperanza-confiada\/","url_meta":{"origin":1429,"position":3},"title":"ADVENTO: tempo para viver uma ESPERAN\u00c7A CONFIADA","author":"Blog de pastoral Provincia Iberica","date":"26 de Novembro de 2025","format":false,"excerpt":"\u201cMirad que realizo algo nuevo; ya est\u00e1 brotando, \u00bfno lo not\u00e1is? Yo voy a hacer algo nuevo. Voy a abrir un camino en el desierto y r\u00edos en la tierra est\u00e9ril\u201d (Isaias.43,18-19) Al intentar poner palabra y compartir contigo algo sobre la ESPERANZA CONFIADA, son las palabras del profeta Isa\u00edas\u2026","rel":"","context":"In &quot;ADVIENTO&quot;","block_context":{"text":"ADVIENTO","link":"https:\/\/pastoralrmi.com\/pt\/category\/comprender\/tiempos-liturgicos\/adviento\/"},"img":{"alt_text":"woman in brown top","src":"https:\/\/i0.wp.com\/pastoralrmi.com\/wp-content\/uploads\/2025\/11\/pexels-photo-2118058.jpeg?fit=1200%2C800&ssl=1&resize=350%2C200","width":350,"height":200,"srcset":"https:\/\/i0.wp.com\/pastoralrmi.com\/wp-content\/uploads\/2025\/11\/pexels-photo-2118058.jpeg?fit=1200%2C800&ssl=1&resize=350%2C200 1x, https:\/\/i0.wp.com\/pastoralrmi.com\/wp-content\/uploads\/2025\/11\/pexels-photo-2118058.jpeg?fit=1200%2C800&ssl=1&resize=525%2C300 1.5x, https:\/\/i0.wp.com\/pastoralrmi.com\/wp-content\/uploads\/2025\/11\/pexels-photo-2118058.jpeg?fit=1200%2C800&ssl=1&resize=700%2C400 2x, https:\/\/i0.wp.com\/pastoralrmi.com\/wp-content\/uploads\/2025\/11\/pexels-photo-2118058.jpeg?fit=1200%2C800&ssl=1&resize=1050%2C600 3x"},"classes":[]},{"id":1747,"url":"https:\/\/pastoralrmi.com\/pt\/en-la-palabra-habia-vida\/","url_meta":{"origin":1429,"position":4},"title":"Na palavra estava a Vida","author":"Blog de pastoral Provincia Iberica","date":"25 de Junho de 2024","format":false,"excerpt":"Nunca \u00e9 demasiado tarde para abrir a porta e come\u00e7ar de novo. Nunca \u00e9 tarde demais para viver o mist\u00e9rio dum Deus feito crian\u00e7a num estilo diferente e por sendas mais aut\u00e9nticas.","rel":"","context":"In &quot;ADVIENTO&quot;","block_context":{"text":"ADVIENTO","link":"https:\/\/pastoralrmi.com\/pt\/category\/comprender\/tiempos-liturgicos\/adviento\/"},"img":{"alt_text":"","src":"https:\/\/i0.wp.com\/pastoralrmi.com\/wp-content\/uploads\/2024\/06\/pexels-photo-20845807.jpeg?fit=900%2C1200&ssl=1&resize=350%2C200","width":350,"height":200,"srcset":"https:\/\/i0.wp.com\/pastoralrmi.com\/wp-content\/uploads\/2024\/06\/pexels-photo-20845807.jpeg?fit=900%2C1200&ssl=1&resize=350%2C200 1x, https:\/\/i0.wp.com\/pastoralrmi.com\/wp-content\/uploads\/2024\/06\/pexels-photo-20845807.jpeg?fit=900%2C1200&ssl=1&resize=525%2C300 1.5x, https:\/\/i0.wp.com\/pastoralrmi.com\/wp-content\/uploads\/2024\/06\/pexels-photo-20845807.jpeg?fit=900%2C1200&ssl=1&resize=700%2C400 2x"},"classes":[]},{"id":6422,"url":"https:\/\/pastoralrmi.com\/pt\/el-poder-del-silencio-de-la-quietud-al-si\/","url_meta":{"origin":1429,"position":5},"title":"O poder do silencio: da quietude ao sim","author":"Blog de pastoral Provincia Iberica","date":"3 de Dezembro de 2025","format":false,"excerpt":"Hay d\u00edas en los que todo parece moverse a una velocidad vertiginosa: el m\u00f3vil vibra sin descanso, las tareas pendientes se amontonan, el tr\u00e1fico ruge, las incesantes notificaciones nos aturden y, sin darnos cuenta, nos vemos inmersos en una carrera constante que apenas nos deja respirar. El ruido \u2014afuera y\u2026","rel":"","context":"In &quot;ADVIENTO&quot;","block_context":{"text":"ADVIENTO","link":"https:\/\/pastoralrmi.com\/pt\/category\/comprender\/tiempos-liturgicos\/adviento\/"},"img":{"alt_text":"silhouette of woman standing on rock near body of water during night time","src":"https:\/\/i0.wp.com\/pastoralrmi.com\/wp-content\/uploads\/2025\/12\/pexels-photo-3751387.jpeg?fit=1200%2C1082&ssl=1&resize=350%2C200","width":350,"height":200,"srcset":"https:\/\/i0.wp.com\/pastoralrmi.com\/wp-content\/uploads\/2025\/12\/pexels-photo-3751387.jpeg?fit=1200%2C1082&ssl=1&resize=350%2C200 1x, https:\/\/i0.wp.com\/pastoralrmi.com\/wp-content\/uploads\/2025\/12\/pexels-photo-3751387.jpeg?fit=1200%2C1082&ssl=1&resize=525%2C300 1.5x, https:\/\/i0.wp.com\/pastoralrmi.com\/wp-content\/uploads\/2025\/12\/pexels-photo-3751387.jpeg?fit=1200%2C1082&ssl=1&resize=700%2C400 2x, https:\/\/i0.wp.com\/pastoralrmi.com\/wp-content\/uploads\/2025\/12\/pexels-photo-3751387.jpeg?fit=1200%2C1082&ssl=1&resize=1050%2C600 3x"},"classes":[]}],"_links":{"self":[{"href":"https:\/\/pastoralrmi.com\/pt\/wp-json\/wp\/v2\/posts\/1429","targetHints":{"allow":["GET"]}}],"collection":[{"href":"https:\/\/pastoralrmi.com\/pt\/wp-json\/wp\/v2\/posts"}],"about":[{"href":"https:\/\/pastoralrmi.com\/pt\/wp-json\/wp\/v2\/types\/post"}],"author":[{"embeddable":true,"href":"https:\/\/pastoralrmi.com\/pt\/wp-json\/wp\/v2\/users\/246329482"}],"replies":[{"embeddable":true,"href":"https:\/\/pastoralrmi.com\/pt\/wp-json\/wp\/v2\/comments?post=1429"}],"version-history":[{"count":22,"href":"https:\/\/pastoralrmi.com\/pt\/wp-json\/wp\/v2\/posts\/1429\/revisions"}],"predecessor-version":[{"id":2217,"href":"https:\/\/pastoralrmi.com\/pt\/wp-json\/wp\/v2\/posts\/1429\/revisions\/2217"}],"wp:featuredmedia":[{"embeddable":true,"href":"https:\/\/pastoralrmi.com\/pt\/wp-json\/wp\/v2\/media\/1440"}],"wp:attachment":[{"href":"https:\/\/pastoralrmi.com\/pt\/wp-json\/wp\/v2\/media?parent=1429"}],"wp:term":[{"taxonomy":"category","embeddable":true,"href":"https:\/\/pastoralrmi.com\/pt\/wp-json\/wp\/v2\/categories?post=1429"},{"taxonomy":"post_tag","embeddable":true,"href":"https:\/\/pastoralrmi.com\/pt\/wp-json\/wp\/v2\/tags?post=1429"}],"curies":[{"name":"wp","href":"https:\/\/api.w.org\/{rel}","templated":true}]}}