{"id":1747,"date":"2024-06-25T18:54:42","date_gmt":"2024-06-25T16:54:42","guid":{"rendered":"https:\/\/pastoralrmi.com\/?p=1747"},"modified":"2024-07-02T12:32:46","modified_gmt":"2024-07-02T10:32:46","slug":"en-la-palabra-habia-vida","status":"publish","type":"post","link":"https:\/\/pastoralrmi.com\/pt\/en-la-palabra-habia-vida\/","title":{"rendered":"Na palavra estava a Vida"},"content":{"rendered":"<figure class=\"wp-block-pullquote\"><blockquote><p>\u00abNa palavra estava a vida, e a vida era a luz dos homens; a luz brilhava nas trevas, e as trevas n\u00e3o a compreendiam. A luz verdadeira que ilumina todos os homens estava a chegar ao mundo. Estava no mundo, o mundo existia para ela, e o mundo n\u00e3o a reconhecia. Veio para os seus, e os seus n\u00e3o a aceitaram. Mas aqueles que a acolheram, aqueles que acreditaram nela, ela tornou-os capazes de ser tornarem filhos de Deus.\u00bb<\/p><\/blockquote><\/figure>\n\n\n\n<p class=\"wp-block-paragraph\">Nunca \u00e9 demasiado tarde para abrir a porta e come\u00e7ar de novo. Nunca \u00e9 tarde demais para viver o mist\u00e9rio dum Deus feito crian\u00e7a num estilo diferente e por <strong>caminhos mais aut\u00eanticos<\/strong>. Por mais um ano, temos o desafio de decidir como queremos viver estes dias. Podemos dar luz verde \u00e0 rotina habitual e ser\u00e1 mais um Natal sem dor nem gl\u00f3ria. Podemos acolher um Deus que arrisca a entrar na hist\u00f3ria e nos diz que um Natal com sabor a Evangelho far\u00e1 toda a diferen\u00e7a. Podemos dizer n\u00e3o aos substitutos do Natal. Que nem tudo conta. E que nem tudo \u00e9 poss\u00edvel nos dias de hoje. E que algumas coisas n\u00e3o se compram com dinheiro.<\/p>\n\n\n\n<h2 class=\"wp-block-heading\">Que atitudes ou deci\u00e7\u00f5es concretas tem de tomar hoje se quiser come\u00e7ar de novo?<\/h2>\n\n\n\n<figure class=\"wp-block-image size-large\"><img data-recalc-dims=\"1\" loading=\"lazy\" decoding=\"async\" width=\"1032\" height=\"1300\" data-attachment-id=\"1800\" data-permalink=\"https:\/\/pastoralrmi.com\/pt\/poniendote-el-termometro\/pexels-photo-2268728\/\" data-orig-file=\"https:\/\/i0.wp.com\/pastoralrmi.com\/wp-content\/uploads\/2024\/06\/pexels-photo-2268728.jpeg?fit=1032%2C1300&amp;ssl=1\" data-orig-size=\"1032,1300\" data-comments-opened=\"1\" data-image-meta=\"{&quot;aperture&quot;:&quot;0&quot;,&quot;credit&quot;:&quot;&quot;,&quot;camera&quot;:&quot;&quot;,&quot;caption&quot;:&quot;&quot;,&quot;created_timestamp&quot;:&quot;0&quot;,&quot;copyright&quot;:&quot;&quot;,&quot;focal_length&quot;:&quot;0&quot;,&quot;iso&quot;:&quot;0&quot;,&quot;shutter_speed&quot;:&quot;0&quot;,&quot;title&quot;:&quot;&quot;,&quot;orientation&quot;:&quot;0&quot;}\" data-image-title=\"pexels-photo-2268728.jpeg\" data-image-description=\"\" data-image-caption=\"&lt;p&gt;Photo by Jeffrey Czum on &lt;a href=&quot;https:\/\/www.pexels.com\/es-es\/foto\/ventana-en-pared-rosa-2268728\/&quot; rel=&quot;nofollow&quot;&gt;Pexels.com&lt;\/a&gt;&lt;\/p&gt;\" data-large-file=\"https:\/\/i0.wp.com\/pastoralrmi.com\/wp-content\/uploads\/2024\/06\/pexels-photo-2268728.jpeg?fit=813%2C1024&amp;ssl=1\" src=\"https:\/\/i0.wp.com\/pastoralrmi.com\/wp-content\/uploads\/2024\/06\/pexels-photo-2268728.jpeg?resize=1032%2C1300&#038;ssl=1\" alt=\"\" class=\"wp-image-1800\" \/><\/figure>\n\n\n\n<div class=\"wp-block-group has-global-padding is-content-justification-center is-layout-constrained wp-block-group-is-layout-constrained\">\n<p class=\"wp-block-paragraph\">Em <em>Faz o download<\/em> podes encontrar os materiais de ora\u00e7\u00e3o <strong>O<\/strong>a <strong>P<\/strong>alavra estava a <strong>V<\/strong>ida<\/p>\n\n\n<div class=\"wp-block-jetpack-rating-star is-style-filled\" style=\"text-align:left\" itemprop=\"reviewRating\" itemscope itemtype=\"http:\/\/schema.org\/Rating\"><p><span aria-hidden=\"true\">\u2b50<\/span><span aria-hidden=\"true\">\u2b50<\/span><span aria-hidden=\"true\">\u2b50<\/span><span aria-hidden=\"true\">\u2b50<\/span><span aria-hidden=\"true\">\u2b50<\/span><\/p><span style=\"display: none;\" itemprop=\"worstRating\" content=\"0.5\"><span>\n<svg xmlns=\"http:\/\/www.w3.org\/2000\/svg\" width=\"24\" height=\"24\" viewbox=\"0 0 24 24\">\n\t<path class=\"\" fill=\"currentColor\" stroke=\"currentColor\" d=\"M12,17.3l6.2,3.7l-1.6-7L22,9.2l-7.2-0.6L12,2L9.2,8.6L2,9.2L7.5,14l-1.6,7L12,17.3z\" \/>\n<\/svg>\n<\/span>\n<span>\n<svg xmlns=\"http:\/\/www.w3.org\/2000\/svg\" width=\"24\" height=\"24\" viewbox=\"0 0 24 24\">\n\t<path class=\"\" fill=\"currentColor\" stroke=\"currentColor\" d=\"M12,17.3l6.2,3.7l-1.6-7L22,9.2l-7.2-0.6L12,2L9.2,8.6L2,9.2L7.5,14l-1.6,7L12,17.3z\" \/>\n<\/svg>\n<\/span><\/span><span style=\"display: none;\" ><span>\n<svg xmlns=\"http:\/\/www.w3.org\/2000\/svg\" width=\"24\" height=\"24\" viewbox=\"0 0 24 24\">\n\t<path class=\"\" fill=\"currentColor\" stroke=\"currentColor\" d=\"M12,17.3l6.2,3.7l-1.6-7L22,9.2l-7.2-0.6L12,2L9.2,8.6L2,9.2L7.5,14l-1.6,7L12,17.3z\" \/>\n<\/svg>\n<\/span>\n<span>\n<svg xmlns=\"http:\/\/www.w3.org\/2000\/svg\" width=\"24\" height=\"24\" viewbox=\"0 0 24 24\">\n\t<path class=\"\" fill=\"currentColor\" stroke=\"currentColor\" d=\"M12,17.3l6.2,3.7l-1.6-7L22,9.2l-7.2-0.6L12,2L9.2,8.6L2,9.2L7.5,14l-1.6,7L12,17.3z\" \/>\n<\/svg>\n<\/span><\/span><span style=\"display: none;\" ><span>\n<svg xmlns=\"http:\/\/www.w3.org\/2000\/svg\" width=\"24\" height=\"24\" viewbox=\"0 0 24 24\">\n\t<path class=\"\" fill=\"currentColor\" stroke=\"currentColor\" d=\"M12,17.3l6.2,3.7l-1.6-7L22,9.2l-7.2-0.6L12,2L9.2,8.6L2,9.2L7.5,14l-1.6,7L12,17.3z\" \/>\n<\/svg>\n<\/span>\n<span>\n<svg xmlns=\"http:\/\/www.w3.org\/2000\/svg\" width=\"24\" height=\"24\" viewbox=\"0 0 24 24\">\n\t<path class=\"\" fill=\"currentColor\" stroke=\"currentColor\" d=\"M12,17.3l6.2,3.7l-1.6-7L22,9.2l-7.2-0.6L12,2L9.2,8.6L2,9.2L7.5,14l-1.6,7L12,17.3z\" \/>\n<\/svg>\n<\/span><\/span><span style=\"display: none;\" ><span>\n<svg xmlns=\"http:\/\/www.w3.org\/2000\/svg\" width=\"24\" height=\"24\" viewbox=\"0 0 24 24\">\n\t<path class=\"\" fill=\"currentColor\" stroke=\"currentColor\" d=\"M12,17.3l6.2,3.7l-1.6-7L22,9.2l-7.2-0.6L12,2L9.2,8.6L2,9.2L7.5,14l-1.6,7L12,17.3z\" \/>\n<\/svg>\n<\/span>\n<span>\n<svg xmlns=\"http:\/\/www.w3.org\/2000\/svg\" width=\"24\" height=\"24\" viewbox=\"0 0 24 24\">\n\t<path class=\"\" fill=\"currentColor\" stroke=\"currentColor\" d=\"M12,17.3l6.2,3.7l-1.6-7L22,9.2l-7.2-0.6L12,2L9.2,8.6L2,9.2L7.5,14l-1.6,7L12,17.3z\" \/>\n<\/svg>\n<\/span><\/span><span style=\"display: none;\" itemprop=\"bestRating\" content=\"5\"><span>\n<svg xmlns=\"http:\/\/www.w3.org\/2000\/svg\" width=\"24\" height=\"24\" viewbox=\"0 0 24 24\">\n\t<path class=\"\" fill=\"currentColor\" stroke=\"currentColor\" d=\"M12,17.3l6.2,3.7l-1.6-7L22,9.2l-7.2-0.6L12,2L9.2,8.6L2,9.2L7.5,14l-1.6,7L12,17.3z\" \/>\n<\/svg>\n<\/span>\n<span>\n<svg xmlns=\"http:\/\/www.w3.org\/2000\/svg\" width=\"24\" height=\"24\" viewbox=\"0 0 24 24\">\n\t<path class=\"\" fill=\"currentColor\" stroke=\"currentColor\" d=\"M12,17.3l6.2,3.7l-1.6-7L22,9.2l-7.2-0.6L12,2L9.2,8.6L2,9.2L7.5,14l-1.6,7L12,17.3z\" \/>\n<\/svg>\n<\/span><\/span><span itemprop=\"ratingValue\" class=\"screen-reader-text\" content=\"5\">Rating: 5 out of 5.<\/span><\/div>\n\n\n<p class=\"has-small-font-size wp-block-paragraph\">Descarrega<strong> Na palavra estava a vida<\/strong>:<\/p>\n\n\n\n<div class=\"wp-block-file\"><a id=\"wp-block-file--media-817f9bf5-b77a-4651-ad1b-e32d1f1cc504\" href=\"https:\/\/pastoralrmi.com\/wp-content\/uploads\/2024\/06\/oracion-4.pdf\">ORA\u00c7\u00c3O 4<\/a><a href=\"https:\/\/pastoralrmi.com\/wp-content\/uploads\/2024\/06\/oracion-4.pdf\" class=\"wp-block-file__button wp-element-button\" download aria-describedby=\"wp-block-file--media-817f9bf5-b77a-4651-ad1b-e32d1f1cc504\">Download<\/a><\/div>\n<\/div>\n\n\n\n<hr class=\"wp-block-separator has-alpha-channel-opacity\" \/>\n\n\n\n<div class=\"wp-block-columns are-vertically-aligned-top is-layout-flex wp-container-core-columns-is-layout-9b7bffa5 wp-block-columns-is-layout-flex\">\n<div class=\"wp-block-column is-vertically-aligned-top has-global-padding is-layout-constrained wp-container-core-column-is-layout-cdc64768 wp-block-column-is-layout-constrained\" style=\"flex-basis:33.33%\">\n<h2 class=\"wp-block-heading wp-container-content-958eb9dc\">mais recursos<\/h2>\n<\/div>\n\n\n\n<div class=\"wp-block-column is-vertically-aligned-top is-layout-flow wp-container-core-column-is-layout-bd2f46b7 wp-block-column-is-layout-flow\">\n<h3 class=\"wp-block-heading is-service-name has-medium-font-size\">Gente que espera<\/h3>\n\n\n\n<p class=\"wp-block-paragraph\">da <a href=\"https:\/\/www.youtube.com\/c\/CECSEspa%C3%B1a\">Comisi\u00f3n Episcopal para las comunidades sociales<\/a><\/p>\n\n\n\n<figure class=\"wp-block-embed is-type-video is-provider-youtube wp-block-embed-youtube wp-embed-aspect-16-9 wp-has-aspect-ratio\"><div class=\"wp-block-embed__wrapper\">\n<span class=\"embed-youtube\" style=\"text-align:center; display: block;\"><iframe loading=\"lazy\" class=\"youtube-player\" width=\"640\" height=\"360\" src=\"https:\/\/www.youtube.com\/embed\/IMtaQ0r0pac?version=3&#038;rel=1&#038;showsearch=0&#038;showinfo=1&#038;iv_load_policy=1&#038;fs=1&#038;hl=pt-PT&#038;autohide=2&#038;wmode=transparent\" allowfullscreen=\"true\" style=\"border:0;\" sandbox=\"allow-scripts allow-same-origin allow-popups allow-presentation allow-popups-to-escape-sandbox\"><\/iframe><\/span>\n<\/div><\/figure>\n<\/div>\n<\/div>","protected":false},"excerpt":{"rendered":"<p>Nunca \u00e9 demasiado tarde para abrir a porta e come\u00e7ar de novo. Nunca \u00e9 tarde demais para viver o mist\u00e9rio dum Deus feito crian\u00e7a num estilo diferente e por sendas mais aut\u00e9nticas. <\/p>","protected":false},"author":246329482,"featured_media":1757,"comment_status":"open","ping_status":"open","sticky":false,"template":"","format":"standard","meta":{"_eb_attr":"","_crdt_document":"","advanced_seo_description":"","jetpack_seo_html_title":"","jetpack_seo_noindex":false,"_jetpack_newsletter_access":"","_jetpack_dont_email_post_to_subs":false,"_jetpack_newsletter_tier_id":0,"_jetpack_memberships_contains_paywalled_content":false,"_jetpack_memberships_contains_paid_content":false,"footnotes":"","jetpack_publicize_message":"","jetpack_publicize_feature_enabled":true,"jetpack_social_post_already_shared":false,"jetpack_social_options":{"image_generator_settings":{"template":"highway","default_image_id":0,"font":"","enabled":false},"version":2},"_wpas_customize_per_network":false,"jetpack_post_was_ever_published":false},"categories":[772356367,419135,772356208,13076062],"tags":[570697],"class_list":["post-1747","post","type-post","status-publish","format-standard","has-post-thumbnail","hentry","category-adviento","category-comprender","category-oraciones-retiros","category-tiempos-liturgicos","tag-adviento"],"jetpack_publicize_connections":[],"jetpack_featured_media_url":"https:\/\/i0.wp.com\/pastoralrmi.com\/wp-content\/uploads\/2024\/06\/pexels-photo-20845807.jpeg?fit=975%2C1300&ssl=1","jetpack_likes_enabled":true,"jetpack_sharing_enabled":true,"jetpack_shortlink":"https:\/\/wp.me\/pfvk8v-sb","jetpack-related-posts":[{"id":6481,"url":"https:\/\/pastoralrmi.com\/pt\/iv-domingo-de-adviento-de-la-profecia-a-la-luz\/","url_meta":{"origin":1747,"position":0},"title":"IV domingo de Advento: da profecia \u00e0 luz","author":"Blog de pastoral Provincia Iberica","date":"17 de Dezembro de 2025","format":false,"excerpt":"Is\u00a07, 10-14.\u00a0 En aquellos d\u00edas el Se\u00f1or volvi\u00f3 a hablar a Ajaz y le dijo: \u00abPide un signo al Se\u00f1or, tu Dios: en lo hondo del abismo o en lo alto del cielo\u00bb. Respondi\u00f3 Ajaz: \u00abNo lo pido, no quiero tentar al Se\u00f1or\u00bb. Entonces dijo Isa\u00edas: \u00abEscucha, casa de David:\u2026","rel":"","context":"In &quot;ADVIENTO&quot;","block_context":{"text":"ADVIENTO","link":"https:\/\/pastoralrmi.com\/pt\/category\/comprender\/tiempos-liturgicos\/adviento\/"},"img":{"alt_text":"white light bulb turned on in room","src":"https:\/\/i0.wp.com\/pastoralrmi.com\/wp-content\/uploads\/2025\/12\/pexels-photo-4709853.jpeg?fit=800%2C1200&ssl=1&resize=350%2C200","width":350,"height":200,"srcset":"https:\/\/i0.wp.com\/pastoralrmi.com\/wp-content\/uploads\/2025\/12\/pexels-photo-4709853.jpeg?fit=800%2C1200&ssl=1&resize=350%2C200 1x, https:\/\/i0.wp.com\/pastoralrmi.com\/wp-content\/uploads\/2025\/12\/pexels-photo-4709853.jpeg?fit=800%2C1200&ssl=1&resize=525%2C300 1.5x, https:\/\/i0.wp.com\/pastoralrmi.com\/wp-content\/uploads\/2025\/12\/pexels-photo-4709853.jpeg?fit=800%2C1200&ssl=1&resize=700%2C400 2x"},"classes":[]},{"id":6404,"url":"https:\/\/pastoralrmi.com\/pt\/adviento-2025\/","url_meta":{"origin":1747,"position":1},"title":"Adviento RMI 2025","author":"Blog de pastoral Provincia Iberica","date":"26 de Novembro de 2025","format":false,"excerpt":"El Adviento es un tiempo para descargar lo que pesa y preparar el coraz\u00f3n. Para conectar con aquello que esta un poquito m\u00e1s olvidado o menos cuidado.... a que la luz que conecta lo de fuera con lo de dentro ilumine tu coraz\u00f3n desde lo sencillo y cotidiano.\u00a0 El Adviento\u2026","rel":"","context":"In &quot;ADVIENTO&quot;","block_context":{"text":"ADVIENTO","link":"https:\/\/pastoralrmi.com\/pt\/category\/comprender\/tiempos-liturgicos\/adviento\/"},"img":{"alt_text":"sunrise over potrerillos mountains in argentina","src":"https:\/\/i0.wp.com\/pastoralrmi.com\/wp-content\/uploads\/2025\/11\/pexels-photo-34931241.jpeg?fit=1200%2C750&ssl=1&resize=350%2C200","width":350,"height":200,"srcset":"https:\/\/i0.wp.com\/pastoralrmi.com\/wp-content\/uploads\/2025\/11\/pexels-photo-34931241.jpeg?fit=1200%2C750&ssl=1&resize=350%2C200 1x, https:\/\/i0.wp.com\/pastoralrmi.com\/wp-content\/uploads\/2025\/11\/pexels-photo-34931241.jpeg?fit=1200%2C750&ssl=1&resize=525%2C300 1.5x, https:\/\/i0.wp.com\/pastoralrmi.com\/wp-content\/uploads\/2025\/11\/pexels-photo-34931241.jpeg?fit=1200%2C750&ssl=1&resize=700%2C400 2x, https:\/\/i0.wp.com\/pastoralrmi.com\/wp-content\/uploads\/2025\/11\/pexels-photo-34931241.jpeg?fit=1200%2C750&ssl=1&resize=1050%2C600 3x"},"classes":[]},{"id":6379,"url":"https:\/\/pastoralrmi.com\/pt\/adviento-tiempo-para-vivir-una-esperanza-confiada\/","url_meta":{"origin":1747,"position":2},"title":"ADVENTO: tempo para viver uma ESPERAN\u00c7A CONFIADA","author":"Blog de pastoral Provincia Iberica","date":"26 de Novembro de 2025","format":false,"excerpt":"\u201cMirad que realizo algo nuevo; ya est\u00e1 brotando, \u00bfno lo not\u00e1is? Yo voy a hacer algo nuevo. Voy a abrir un camino en el desierto y r\u00edos en la tierra est\u00e9ril\u201d (Isaias.43,18-19) Al intentar poner palabra y compartir contigo algo sobre la ESPERANZA CONFIADA, son las palabras del profeta Isa\u00edas\u2026","rel":"","context":"In &quot;ADVIENTO&quot;","block_context":{"text":"ADVIENTO","link":"https:\/\/pastoralrmi.com\/pt\/category\/comprender\/tiempos-liturgicos\/adviento\/"},"img":{"alt_text":"woman in brown top","src":"https:\/\/i0.wp.com\/pastoralrmi.com\/wp-content\/uploads\/2025\/11\/pexels-photo-2118058.jpeg?fit=1200%2C800&ssl=1&resize=350%2C200","width":350,"height":200,"srcset":"https:\/\/i0.wp.com\/pastoralrmi.com\/wp-content\/uploads\/2025\/11\/pexels-photo-2118058.jpeg?fit=1200%2C800&ssl=1&resize=350%2C200 1x, https:\/\/i0.wp.com\/pastoralrmi.com\/wp-content\/uploads\/2025\/11\/pexels-photo-2118058.jpeg?fit=1200%2C800&ssl=1&resize=525%2C300 1.5x, https:\/\/i0.wp.com\/pastoralrmi.com\/wp-content\/uploads\/2025\/11\/pexels-photo-2118058.jpeg?fit=1200%2C800&ssl=1&resize=700%2C400 2x, https:\/\/i0.wp.com\/pastoralrmi.com\/wp-content\/uploads\/2025\/11\/pexels-photo-2118058.jpeg?fit=1200%2C800&ssl=1&resize=1050%2C600 3x"},"classes":[]},{"id":2573,"url":"https:\/\/pastoralrmi.com\/pt\/adviento-rmi-2024\/","url_meta":{"origin":1747,"position":3},"title":"Advento RMI 2024","author":"Blog de pastoral Provincia Iberica","date":"28 de Novembro de 2024","format":false,"excerpt":"Un tiempo que nos invita a detenernos y a mirar hacia dentro para reencontrarnos con lo esencial, con todo lo que la prisa, las obligaciones y las preocupaciones han ido dejando en segundo plano. Hay dos tipos de materiales Durante estas cuatro semanas, con un microcuento cada domingo, te animaremos\u2026","rel":"","context":"In &quot;ADVIENTO&quot;","block_context":{"text":"ADVIENTO","link":"https:\/\/pastoralrmi.com\/pt\/category\/comprender\/tiempos-liturgicos\/adviento\/"},"img":{"alt_text":"person holding a lantern with fire","src":"https:\/\/i0.wp.com\/pastoralrmi.com\/wp-content\/uploads\/2024\/11\/pexels-photo-5635104.jpeg?fit=1200%2C800&ssl=1&resize=350%2C200","width":350,"height":200,"srcset":"https:\/\/i0.wp.com\/pastoralrmi.com\/wp-content\/uploads\/2024\/11\/pexels-photo-5635104.jpeg?fit=1200%2C800&ssl=1&resize=350%2C200 1x, https:\/\/i0.wp.com\/pastoralrmi.com\/wp-content\/uploads\/2024\/11\/pexels-photo-5635104.jpeg?fit=1200%2C800&ssl=1&resize=525%2C300 1.5x, https:\/\/i0.wp.com\/pastoralrmi.com\/wp-content\/uploads\/2024\/11\/pexels-photo-5635104.jpeg?fit=1200%2C800&ssl=1&resize=700%2C400 2x, https:\/\/i0.wp.com\/pastoralrmi.com\/wp-content\/uploads\/2024\/11\/pexels-photo-5635104.jpeg?fit=1200%2C800&ssl=1&resize=1050%2C600 3x"},"classes":[]},{"id":1687,"url":"https:\/\/pastoralrmi.com\/pt\/que-es-un-evangelio\/","url_meta":{"origin":1747,"position":4},"title":"O que \u00e9 um Evangelho?","author":"Blog de pastoral Provincia Iberica","date":"26 de Junho de 2024","format":false,"excerpt":"Pablo desarrolla la siguiente idea: utilicemos la palabra evangelio -que en el mundo colectivo de significados indicaba uno que ha hecho algo por la liberaci\u00f3n de todos- para referirnos a esta muerte. De este modo, a mediados del s. I, la palabra evangelio empieza a identificarse con el evento de\u2026","rel":"","context":"In &quot;FLUIR&quot;","block_context":{"text":"FLUIR","link":"https:\/\/pastoralrmi.com\/pt\/category\/fluir\/"},"img":{"alt_text":"","src":"https:\/\/i0.wp.com\/pastoralrmi.com\/wp-content\/uploads\/2024\/06\/pexels-photo-631477.jpeg?fit=1200%2C800&ssl=1&resize=350%2C200","width":350,"height":200,"srcset":"https:\/\/i0.wp.com\/pastoralrmi.com\/wp-content\/uploads\/2024\/06\/pexels-photo-631477.jpeg?fit=1200%2C800&ssl=1&resize=350%2C200 1x, https:\/\/i0.wp.com\/pastoralrmi.com\/wp-content\/uploads\/2024\/06\/pexels-photo-631477.jpeg?fit=1200%2C800&ssl=1&resize=525%2C300 1.5x, https:\/\/i0.wp.com\/pastoralrmi.com\/wp-content\/uploads\/2024\/06\/pexels-photo-631477.jpeg?fit=1200%2C800&ssl=1&resize=700%2C400 2x, https:\/\/i0.wp.com\/pastoralrmi.com\/wp-content\/uploads\/2024\/06\/pexels-photo-631477.jpeg?fit=1200%2C800&ssl=1&resize=1050%2C600 3x"},"classes":[]},{"id":1502,"url":"https:\/\/pastoralrmi.com\/pt\/confianza-en-dios\/","url_meta":{"origin":1747,"position":5},"title":"Confianza en Dios","author":"Blog de pastoral Provincia Iberica","date":"19 de Junho de 2024","format":false,"excerpt":"Nuestro m\u00e1s profundo temor no es el ser inadecuados. Nuestro m\u00e1s profundo temor es que somos poderosos m\u00e1s all\u00e1 de cualquier medida. Es nuestra luz, no nuestra oscuridad, la que nos intimida. Nos preguntamos, \u00bfqui\u00e9n soy yo para ser brillante, magn\u00edfico, talentoso y fabuloso? Pero en realidad, \u00bfqui\u00e9n eres t\u00fa\u2026","rel":"","context":"In &quot;COMPRENDER&quot;","block_context":{"text":"COMPRENDER","link":"https:\/\/pastoralrmi.com\/pt\/category\/comprender\/"},"img":{"alt_text":"","src":"https:\/\/i0.wp.com\/pastoralrmi.com\/wp-content\/uploads\/2024\/06\/pexels-photo-1670187.jpeg?fit=800%2C1200&ssl=1&resize=350%2C200","width":350,"height":200,"srcset":"https:\/\/i0.wp.com\/pastoralrmi.com\/wp-content\/uploads\/2024\/06\/pexels-photo-1670187.jpeg?fit=800%2C1200&ssl=1&resize=350%2C200 1x, https:\/\/i0.wp.com\/pastoralrmi.com\/wp-content\/uploads\/2024\/06\/pexels-photo-1670187.jpeg?fit=800%2C1200&ssl=1&resize=525%2C300 1.5x, https:\/\/i0.wp.com\/pastoralrmi.com\/wp-content\/uploads\/2024\/06\/pexels-photo-1670187.jpeg?fit=800%2C1200&ssl=1&resize=700%2C400 2x"},"classes":[]}],"_links":{"self":[{"href":"https:\/\/pastoralrmi.com\/pt\/wp-json\/wp\/v2\/posts\/1747","targetHints":{"allow":["GET"]}}],"collection":[{"href":"https:\/\/pastoralrmi.com\/pt\/wp-json\/wp\/v2\/posts"}],"about":[{"href":"https:\/\/pastoralrmi.com\/pt\/wp-json\/wp\/v2\/types\/post"}],"author":[{"embeddable":true,"href":"https:\/\/pastoralrmi.com\/pt\/wp-json\/wp\/v2\/users\/246329482"}],"replies":[{"embeddable":true,"href":"https:\/\/pastoralrmi.com\/pt\/wp-json\/wp\/v2\/comments?post=1747"}],"version-history":[{"count":9,"href":"https:\/\/pastoralrmi.com\/pt\/wp-json\/wp\/v2\/posts\/1747\/revisions"}],"predecessor-version":[{"id":1821,"href":"https:\/\/pastoralrmi.com\/pt\/wp-json\/wp\/v2\/posts\/1747\/revisions\/1821"}],"wp:featuredmedia":[{"embeddable":true,"href":"https:\/\/pastoralrmi.com\/pt\/wp-json\/wp\/v2\/media\/1757"}],"wp:attachment":[{"href":"https:\/\/pastoralrmi.com\/pt\/wp-json\/wp\/v2\/media?parent=1747"}],"wp:term":[{"taxonomy":"category","embeddable":true,"href":"https:\/\/pastoralrmi.com\/pt\/wp-json\/wp\/v2\/categories?post=1747"},{"taxonomy":"post_tag","embeddable":true,"href":"https:\/\/pastoralrmi.com\/pt\/wp-json\/wp\/v2\/tags?post=1747"}],"curies":[{"name":"wp","href":"https:\/\/api.w.org\/{rel}","templated":true}]}}