{"id":1773,"date":"2024-06-27T18:10:57","date_gmt":"2024-06-27T16:10:57","guid":{"rendered":"https:\/\/pastoralrmi.com\/?p=1773"},"modified":"2024-11-04T15:41:12","modified_gmt":"2024-11-04T14:41:12","slug":"conociendome-por-mis-logros","status":"publish","type":"post","link":"https:\/\/pastoralrmi.com\/pt\/conociendome-por-mis-logros\/","title":{"rendered":"Conhecendo-me pelas minhas conquistas"},"content":{"rendered":"\n<blockquote class=\"wp-block-quote is-layout-flow wp-block-quote-is-layout-flow\">\n<p class=\"wp-block-paragraph\">Educar proviene del lat\u00edn <em>educere<\/em>, que significa sacar hacia fuera. En este sentido nos recuerda la may\u00e9utica plat\u00f3nica: el educador a trav\u00e9s de las preguntas adecuadas, ayuda al educando a sacar a la luz, a \u00abparir\u00bb la sabidur\u00eda que lleva dentro. Entendida as\u00ed, la educaci\u00f3n es un gran parto en el que los educadores hacemos el papel de parteras: ayudamos, damos indicaciones, pero qui\u00e9n ha de esforzarse por dar a luz su ser, a todos los niveles, es el alumno. [&#8230;] Los educadores hemos de tener esa capacidad de proteger la vida que late en nuestros alumnos y que, en ocasiones, se ve amenazada por tantas cosas que impiden que el ni\u00f1o, el adolescente, el joven, puedan dar a luz lo mejor de s\u00ed mismos. <\/p>\n\n\n\n<p class=\"wp-block-paragraph\">ANDR\u00c9S, E., La educaci\u00f3n de la interioridad. Una propuesta para secundaria y bachillerato, Recursos de Pastoral, Editorial CCS, Madrid 2014, 23.<\/p>\n<\/blockquote>\n\n\n\n<p class=\"wp-block-paragraph\">Cuando nacemos tenemos una capacidad infinita de amar y ser amados. Como una pantalla en blanco. A medida que vamos creciendo nos encontramos con un <strong>T\u00fa<\/strong>, es decir, algo que nos da la sensaci\u00f3n de distinto. Y a partir de ello vamos <strong>definiendo el Yo<\/strong> <strong>individual<\/strong>, que incluye esa capacidad infinita de amar y se manifiesta en unas <strong>cualidades concretas<\/strong>.&nbsp;<\/p>\n\n\n\n<p class=\"wp-block-paragraph\">Seguimos creciendo, nos dicen que no deber\u00edamos ser as\u00ed, o que deber\u00edamos ser m\u00e1s\u2026 eso duele\u2026 ese yo siente dolor, se hiere, sufre\u2026y sentimos verg\u00fcenza, miedos,&nbsp; y vamos creando mecanismos para protegernos de ese dolor\u2026 como una coraza. Cuanto \u00abpeor nos portamos\u00bb m\u00e1s dolor hay escondido en nosotros. Nos vivimos desde esa coraza.&nbsp;<\/p>\n\n\n\n<p class=\"wp-block-paragraph\">La meditaci\u00f3n y las <strong>pr\u00e1cticas de silenciamiento<\/strong> ayudan a poco a poco, ir<strong> atravesando esa coraza<\/strong> y a situarnos desde nuestro n\u00facleo sano. Es dif\u00edcil porque hay que atravesar todo el dolor y sufrimiento del cual nos hemos protegido.&nbsp;Es muy sencillo, basta centrar la atenci\u00f3n y muy dif\u00edcil al mismo tiempo porque la mente quiere seguir protegi\u00e9ndose y huye de la quietud. La pr\u00e1ctica consiste en traer la atenci\u00f3n, <strong>con cari\u00f1o,<\/strong> a lo que est\u00e1 ocurriendo, dejar que lo que est\u00e9 sea tal y como es ahora mismo.<\/p>\n\n\n\n<p class=\"wp-block-paragraph\">Con la espalda recta, los pies bien apoyados, la pelvis ligeramente inclinada y la barbilla ligeramente metida para estirar las cervicales\u2026 voy dejando que la postura me encuentre&#8230;<\/p>\n\n\n\n<h3 class=\"wp-block-heading\">Mis cualidades esenciales<\/h3>\n\n\n\n<p class=\"wp-block-paragraph\">Una forma de conocer cu\u00e1les son mis cualidades esenciales es a trav\u00e9s de la historia de mis logros. Esas cosas que me hicieron sentir mucha alegr\u00eda, bien conmigo mismo, igual fue algo dif\u00edcil que he superado, o haber aprobado un examen, o aprender a montar en bici\u2026 todos tenemos algo que nos hace sentir \u00abhe logrado\u00bb, \u00abhe podido\u00bb\u2026  pues detr\u00e1s de eso est\u00e1n algunas de nuestras cualidades esenciales.&nbsp;<\/p>\n\n\n\n<p class=\"wp-block-paragraph\">Fuente: <a href=\"https:\/\/saremindpsicologia.com\/profesional\/alodia-cabanas\/\">Alodia Caba\u00f1as<\/a><\/p>\n\n\n\n<p class=\"wp-block-paragraph\"><br><\/p>\n\n\n\n<div class=\"wp-block-group has-global-padding is-content-justification-center is-layout-constrained wp-block-group-is-layout-constrained\">\n<p class=\"wp-block-paragraph\">En <em>Desc\u00e1rgate<\/em> podr\u00e1s encontrar los materiales de <strong>Conoci\u00e9ndome por mis logros<\/strong><\/p>\n\n\n<div class=\"wp-block-jetpack-rating-star is-style-filled\" style=\"text-align:left\" itemprop=\"reviewRating\" itemscope itemtype=\"http:\/\/schema.org\/Rating\"><p><span aria-hidden=\"true\">\u2b50<\/span><span aria-hidden=\"true\">\u2b50<\/span><span aria-hidden=\"true\">\u2b50<\/span><span aria-hidden=\"true\">\u2b50<\/span><span aria-hidden=\"true\">\u2b50<\/span><\/p><span style=\"display: none;\" itemprop=\"worstRating\" content=\"0.5\"><span>\n<svg xmlns=\"http:\/\/www.w3.org\/2000\/svg\" width=\"24\" height=\"24\" viewBox=\"0 0 24 24\">\n\t<path class=\"\" fill=\"currentColor\" stroke=\"currentColor\" d=\"M12,17.3l6.2,3.7l-1.6-7L22,9.2l-7.2-0.6L12,2L9.2,8.6L2,9.2L7.5,14l-1.6,7L12,17.3z\" \/>\n<\/svg>\n<\/span>\n<span>\n<svg xmlns=\"http:\/\/www.w3.org\/2000\/svg\" width=\"24\" height=\"24\" viewBox=\"0 0 24 24\">\n\t<path class=\"\" fill=\"currentColor\" stroke=\"currentColor\" d=\"M12,17.3l6.2,3.7l-1.6-7L22,9.2l-7.2-0.6L12,2L9.2,8.6L2,9.2L7.5,14l-1.6,7L12,17.3z\" \/>\n<\/svg>\n<\/span><\/span><span style=\"display: none;\" ><span>\n<svg xmlns=\"http:\/\/www.w3.org\/2000\/svg\" width=\"24\" height=\"24\" viewBox=\"0 0 24 24\">\n\t<path class=\"\" fill=\"currentColor\" stroke=\"currentColor\" d=\"M12,17.3l6.2,3.7l-1.6-7L22,9.2l-7.2-0.6L12,2L9.2,8.6L2,9.2L7.5,14l-1.6,7L12,17.3z\" \/>\n<\/svg>\n<\/span>\n<span>\n<svg xmlns=\"http:\/\/www.w3.org\/2000\/svg\" width=\"24\" height=\"24\" viewBox=\"0 0 24 24\">\n\t<path class=\"\" fill=\"currentColor\" stroke=\"currentColor\" d=\"M12,17.3l6.2,3.7l-1.6-7L22,9.2l-7.2-0.6L12,2L9.2,8.6L2,9.2L7.5,14l-1.6,7L12,17.3z\" \/>\n<\/svg>\n<\/span><\/span><span style=\"display: none;\" ><span>\n<svg xmlns=\"http:\/\/www.w3.org\/2000\/svg\" width=\"24\" height=\"24\" viewBox=\"0 0 24 24\">\n\t<path class=\"\" fill=\"currentColor\" stroke=\"currentColor\" d=\"M12,17.3l6.2,3.7l-1.6-7L22,9.2l-7.2-0.6L12,2L9.2,8.6L2,9.2L7.5,14l-1.6,7L12,17.3z\" \/>\n<\/svg>\n<\/span>\n<span>\n<svg xmlns=\"http:\/\/www.w3.org\/2000\/svg\" width=\"24\" height=\"24\" viewBox=\"0 0 24 24\">\n\t<path class=\"\" fill=\"currentColor\" stroke=\"currentColor\" d=\"M12,17.3l6.2,3.7l-1.6-7L22,9.2l-7.2-0.6L12,2L9.2,8.6L2,9.2L7.5,14l-1.6,7L12,17.3z\" \/>\n<\/svg>\n<\/span><\/span><span style=\"display: none;\" ><span>\n<svg xmlns=\"http:\/\/www.w3.org\/2000\/svg\" width=\"24\" height=\"24\" viewBox=\"0 0 24 24\">\n\t<path class=\"\" fill=\"currentColor\" stroke=\"currentColor\" d=\"M12,17.3l6.2,3.7l-1.6-7L22,9.2l-7.2-0.6L12,2L9.2,8.6L2,9.2L7.5,14l-1.6,7L12,17.3z\" \/>\n<\/svg>\n<\/span>\n<span>\n<svg xmlns=\"http:\/\/www.w3.org\/2000\/svg\" width=\"24\" height=\"24\" viewBox=\"0 0 24 24\">\n\t<path class=\"\" fill=\"currentColor\" stroke=\"currentColor\" d=\"M12,17.3l6.2,3.7l-1.6-7L22,9.2l-7.2-0.6L12,2L9.2,8.6L2,9.2L7.5,14l-1.6,7L12,17.3z\" \/>\n<\/svg>\n<\/span><\/span><span style=\"display: none;\" itemprop=\"bestRating\" content=\"5\"><span>\n<svg xmlns=\"http:\/\/www.w3.org\/2000\/svg\" width=\"24\" height=\"24\" viewBox=\"0 0 24 24\">\n\t<path class=\"\" fill=\"currentColor\" stroke=\"currentColor\" d=\"M12,17.3l6.2,3.7l-1.6-7L22,9.2l-7.2-0.6L12,2L9.2,8.6L2,9.2L7.5,14l-1.6,7L12,17.3z\" \/>\n<\/svg>\n<\/span>\n<span>\n<svg xmlns=\"http:\/\/www.w3.org\/2000\/svg\" width=\"24\" height=\"24\" viewBox=\"0 0 24 24\">\n\t<path class=\"\" fill=\"currentColor\" stroke=\"currentColor\" d=\"M12,17.3l6.2,3.7l-1.6-7L22,9.2l-7.2-0.6L12,2L9.2,8.6L2,9.2L7.5,14l-1.6,7L12,17.3z\" \/>\n<\/svg>\n<\/span><\/span><span itemprop=\"ratingValue\" class=\"screen-reader-text\" content=\"5\">Rating: 5 out of 5.<\/span><\/div>\n\n\n<p class=\"has-small-font-size wp-block-paragraph\">Desc\u00e1rgate <strong>C<\/strong>onoci\u00e9ndome por mis <strong>L<\/strong>ogros:<\/p>\n\n\n\n<div class=\"wp-block-file\"><a id=\"wp-block-file--media-92fb38b0-2f59-44e1-b120-6b5928fed37a\" href=\"https:\/\/pastoralrmi.com\/wp-content\/uploads\/2024\/06\/conociendome-por-mis-logros.pdf\">Conoci\u00e9ndome por mis logros<\/a><a href=\"https:\/\/pastoralrmi.com\/wp-content\/uploads\/2024\/06\/conociendome-por-mis-logros.pdf\" class=\"wp-block-file__button wp-element-button\" download aria-describedby=\"wp-block-file--media-92fb38b0-2f59-44e1-b120-6b5928fed37a\">Descarga<\/a><\/div>\n<\/div>\n","protected":false},"excerpt":{"rendered":"<p>A medita\u00e7\u00e3o e as pr\u00e1ticas de silenciamento ajudam-nos a romper gradualmente essa armadura e a situarmo-nos a partir do nosso n\u00facleo saud\u00e1vel. \u00c9 dif\u00edcil porque temos de passar por toda a dor e sofrimento de que nos protegemos.\u00a0<\/p>","protected":false},"author":246329482,"featured_media":1776,"comment_status":"open","ping_status":"open","sticky":false,"template":"","format":"standard","meta":{"_eb_attr":"","_crdt_document":"","advanced_seo_description":"","jetpack_seo_html_title":"","jetpack_seo_noindex":false,"_jetpack_newsletter_access":"","_jetpack_dont_email_post_to_subs":false,"_jetpack_newsletter_tier_id":0,"_jetpack_memberships_contains_paywalled_content":false,"_jetpack_memberships_contains_paid_content":false,"footnotes":"","jetpack_publicize_message":"","jetpack_publicize_feature_enabled":true,"jetpack_social_post_already_shared":false,"jetpack_social_options":{"image_generator_settings":{"template":"highway","default_image_id":0,"font":"","enabled":false},"version":2},"_wpas_customize_per_network":false,"jetpack_post_was_ever_published":false},"categories":[419135,772356179],"tags":[4945521,349739531,772356371,200429],"class_list":["post-1773","post","type-post","status-publish","format-standard","has-post-thumbnail","hentry","category-comprender","category-talleres-tutorias","tag-conocimiento-personal","tag-cualidades-esenciales","tag-desarrollo-integral","tag-relajacion"],"jetpack_publicize_connections":[],"jetpack_featured_media_url":"https:\/\/i0.wp.com\/pastoralrmi.com\/wp-content\/uploads\/2024\/06\/pexels-photo-3727149.jpeg?fit=1734%2C1300&ssl=1","jetpack_likes_enabled":true,"jetpack_sharing_enabled":true,"jetpack_shortlink":"https:\/\/wp.me\/pfvk8v-sB","jetpack-related-posts":[{"id":6335,"url":"https:\/\/pastoralrmi.com\/pt\/aceptar-la-diversidad\/","url_meta":{"origin":1773,"position":0},"title":"Aceitar a diversidade","author":"Blog de pastoral Provincia Iberica","date":"12 de Novembro de 2025","format":false,"excerpt":"A la hora de escribir estas l\u00edneas sobre la diversidad y la educaci\u00f3n inclusiva, tengo que rese\u00f1ar y poner en preaviso al lector\/a , que no ha sido el foco principal de mi trayectoria profesional, sin embargo entiendo ambos conceptos de manera transversal en mi trabajo, especialmente en el contexto\u2026","rel":"","context":"In &quot;Centros educativos&quot;","block_context":{"text":"Centros educativos","link":"https:\/\/pastoralrmi.com\/pt\/category\/obras-apostolicas\/centros-educativos\/"},"img":{"alt_text":"two men in a room","src":"https:\/\/i0.wp.com\/pastoralrmi.com\/wp-content\/uploads\/2025\/11\/pexels-photo-11373128.jpeg?fit=901%2C1200&ssl=1&resize=350%2C200","width":350,"height":200,"srcset":"https:\/\/i0.wp.com\/pastoralrmi.com\/wp-content\/uploads\/2025\/11\/pexels-photo-11373128.jpeg?fit=901%2C1200&ssl=1&resize=350%2C200 1x, https:\/\/i0.wp.com\/pastoralrmi.com\/wp-content\/uploads\/2025\/11\/pexels-photo-11373128.jpeg?fit=901%2C1200&ssl=1&resize=525%2C300 1.5x, https:\/\/i0.wp.com\/pastoralrmi.com\/wp-content\/uploads\/2025\/11\/pexels-photo-11373128.jpeg?fit=901%2C1200&ssl=1&resize=700%2C400 2x"},"classes":[]},{"id":6301,"url":"https:\/\/pastoralrmi.com\/pt\/el-anuncio-del-evangelio\/","url_meta":{"origin":1773,"position":1},"title":"O an\u00fancio do Evangelho","author":"Blog de pastoral Provincia Iberica","date":"5 de Novembro de 2025","format":false,"excerpt":"Como escuela cristiana, anunciamos a Jesucristo, modelo de persona en quien creemos y en quien tenemos puesta nuestra fe y esperanza. Para algunos de nuestros alumnos, este anuncio ser\u00e1 el primer encuentro con \u00c9l; otros recuperar\u00e1n un mensaje escuchado en la infancia; algunos conectar\u00e1n con la vivencia de fe de\u2026","rel":"","context":"In &quot;Centros educativos&quot;","block_context":{"text":"Centros educativos","link":"https:\/\/pastoralrmi.com\/pt\/category\/obras-apostolicas\/centros-educativos\/"},"img":{"alt_text":"astronauts walking on the sand","src":"https:\/\/i0.wp.com\/pastoralrmi.com\/wp-content\/uploads\/2025\/11\/pexels-photo-8474497.jpeg?fit=1200%2C800&ssl=1&resize=350%2C200","width":350,"height":200,"srcset":"https:\/\/i0.wp.com\/pastoralrmi.com\/wp-content\/uploads\/2025\/11\/pexels-photo-8474497.jpeg?fit=1200%2C800&ssl=1&resize=350%2C200 1x, https:\/\/i0.wp.com\/pastoralrmi.com\/wp-content\/uploads\/2025\/11\/pexels-photo-8474497.jpeg?fit=1200%2C800&ssl=1&resize=525%2C300 1.5x, https:\/\/i0.wp.com\/pastoralrmi.com\/wp-content\/uploads\/2025\/11\/pexels-photo-8474497.jpeg?fit=1200%2C800&ssl=1&resize=700%2C400 2x, https:\/\/i0.wp.com\/pastoralrmi.com\/wp-content\/uploads\/2025\/11\/pexels-photo-8474497.jpeg?fit=1200%2C800&ssl=1&resize=1050%2C600 3x"},"classes":[]},{"id":3257,"url":"https:\/\/pastoralrmi.com\/pt\/el-reto-de-educar-sobre-sexualidad\/","url_meta":{"origin":1773,"position":2},"title":"Educar sobre sexualidade?","author":"Blog de pastoral Provincia Iberica","date":"29 de Janeiro de 2025","format":false,"excerpt":"Llueve un d\u00eda en el que una chica, sentada en la cama de su cuarto, siente que tambi\u00e9n llueve en su interior. Su coraz\u00f3n est\u00e1 disparado, siente calor en el pecho y mejillas y no deja de dar vueltas a lo ocurrido la tarde anterior. Si en realidad no me\u2026","rel":"","context":"In &quot;Destellos de vida cotidiana&quot;","block_context":{"text":"Destellos de vida cotidiana","link":"https:\/\/pastoralrmi.com\/pt\/category\/fluir\/destellos-de-vida-cotidiana\/"},"img":{"alt_text":"person holding flower","src":"https:\/\/i0.wp.com\/pastoralrmi.com\/wp-content\/uploads\/2025\/01\/pexels-photo-2001102.jpeg?fit=1200%2C800&ssl=1&resize=350%2C200","width":350,"height":200,"srcset":"https:\/\/i0.wp.com\/pastoralrmi.com\/wp-content\/uploads\/2025\/01\/pexels-photo-2001102.jpeg?fit=1200%2C800&ssl=1&resize=350%2C200 1x, https:\/\/i0.wp.com\/pastoralrmi.com\/wp-content\/uploads\/2025\/01\/pexels-photo-2001102.jpeg?fit=1200%2C800&ssl=1&resize=525%2C300 1.5x, https:\/\/i0.wp.com\/pastoralrmi.com\/wp-content\/uploads\/2025\/01\/pexels-photo-2001102.jpeg?fit=1200%2C800&ssl=1&resize=700%2C400 2x, https:\/\/i0.wp.com\/pastoralrmi.com\/wp-content\/uploads\/2025\/01\/pexels-photo-2001102.jpeg?fit=1200%2C800&ssl=1&resize=1050%2C600 3x"},"classes":[]},{"id":6404,"url":"https:\/\/pastoralrmi.com\/pt\/adviento-2025\/","url_meta":{"origin":1773,"position":3},"title":"Adviento RMI 2025","author":"Blog de pastoral Provincia Iberica","date":"26 de Novembro de 2025","format":false,"excerpt":"El Adviento es un tiempo para descargar lo que pesa y preparar el coraz\u00f3n. Para conectar con aquello que esta un poquito m\u00e1s olvidado o menos cuidado.... a que la luz que conecta lo de fuera con lo de dentro ilumine tu coraz\u00f3n desde lo sencillo y cotidiano.\u00a0 El Adviento\u2026","rel":"","context":"In &quot;ADVIENTO&quot;","block_context":{"text":"ADVIENTO","link":"https:\/\/pastoralrmi.com\/pt\/category\/comprender\/tiempos-liturgicos\/adviento\/"},"img":{"alt_text":"sunrise over potrerillos mountains in argentina","src":"https:\/\/i0.wp.com\/pastoralrmi.com\/wp-content\/uploads\/2025\/11\/pexels-photo-34931241.jpeg?fit=1200%2C750&ssl=1&resize=350%2C200","width":350,"height":200,"srcset":"https:\/\/i0.wp.com\/pastoralrmi.com\/wp-content\/uploads\/2025\/11\/pexels-photo-34931241.jpeg?fit=1200%2C750&ssl=1&resize=350%2C200 1x, https:\/\/i0.wp.com\/pastoralrmi.com\/wp-content\/uploads\/2025\/11\/pexels-photo-34931241.jpeg?fit=1200%2C750&ssl=1&resize=525%2C300 1.5x, https:\/\/i0.wp.com\/pastoralrmi.com\/wp-content\/uploads\/2025\/11\/pexels-photo-34931241.jpeg?fit=1200%2C750&ssl=1&resize=700%2C400 2x, https:\/\/i0.wp.com\/pastoralrmi.com\/wp-content\/uploads\/2025\/11\/pexels-photo-34931241.jpeg?fit=1200%2C750&ssl=1&resize=1050%2C600 3x"},"classes":[]},{"id":3401,"url":"https:\/\/pastoralrmi.com\/pt\/el-poder-del-liderazgo\/","url_meta":{"origin":1773,"position":4},"title":"O poder da lideran\u00e7a: inspira\u00e7\u00e3o e transforma\u00e7\u00e3o","author":"Blog de pastoral Provincia Iberica","date":"12 de Fevereiro de 2025","format":false,"excerpt":"Esta reflexi\u00f3n me parece esencial para las personas que actualmente trabajan en los centros educativos. Los estudiantes de hoy en d\u00eda necesitan l\u00edderes que les ayuden a visualizar lo mejor de s\u00ed mismos. Necesitan modelos a seguir que, con sus acciones, les motiven, les ilusionen y les gu\u00eden hacia el\u2026","rel":"","context":"In &quot;Centros educativos&quot;","block_context":{"text":"Centros educativos","link":"https:\/\/pastoralrmi.com\/pt\/category\/obras-apostolicas\/centros-educativos\/"},"img":{"alt_text":"morning beach jog with misty atmosphere","src":"https:\/\/i0.wp.com\/pastoralrmi.com\/wp-content\/uploads\/2025\/02\/pexels-photo-30600983.jpeg?fit=1200%2C800&ssl=1&resize=350%2C200","width":350,"height":200,"srcset":"https:\/\/i0.wp.com\/pastoralrmi.com\/wp-content\/uploads\/2025\/02\/pexels-photo-30600983.jpeg?fit=1200%2C800&ssl=1&resize=350%2C200 1x, https:\/\/i0.wp.com\/pastoralrmi.com\/wp-content\/uploads\/2025\/02\/pexels-photo-30600983.jpeg?fit=1200%2C800&ssl=1&resize=525%2C300 1.5x, https:\/\/i0.wp.com\/pastoralrmi.com\/wp-content\/uploads\/2025\/02\/pexels-photo-30600983.jpeg?fit=1200%2C800&ssl=1&resize=700%2C400 2x, https:\/\/i0.wp.com\/pastoralrmi.com\/wp-content\/uploads\/2025\/02\/pexels-photo-30600983.jpeg?fit=1200%2C800&ssl=1&resize=1050%2C600 3x"},"classes":[]},{"id":3996,"url":"https:\/\/pastoralrmi.com\/pt\/relaciones-toxicas\/","url_meta":{"origin":1773,"position":5},"title":"Rela\u00e7\u00f5es t\u00f3xicas","author":"Blog de pastoral Provincia Iberica","date":"31 de Mar\u00e7o de 2025","format":false,"excerpt":"Esta tutor\u00eda servir\u00e1 a trabajar el tema, concienciando, previniendo y brindando herramientas para que puedan identificar, evitar y salir de relaciones t\u00f3xicas. Adem\u00e1s ayuda a promover relaciones basadas en el respeto, la igualdad y el bienestar mutuo.","rel":"","context":"In &quot;COMPRENDER&quot;","block_context":{"text":"COMPRENDER","link":"https:\/\/pastoralrmi.com\/pt\/category\/comprender\/"},"img":{"alt_text":"glass bottles on shelf","src":"https:\/\/i0.wp.com\/pastoralrmi.com\/wp-content\/uploads\/2025\/03\/pexels-photo-1771809.jpeg?fit=1200%2C800&ssl=1&resize=350%2C200","width":350,"height":200,"srcset":"https:\/\/i0.wp.com\/pastoralrmi.com\/wp-content\/uploads\/2025\/03\/pexels-photo-1771809.jpeg?fit=1200%2C800&ssl=1&resize=350%2C200 1x, https:\/\/i0.wp.com\/pastoralrmi.com\/wp-content\/uploads\/2025\/03\/pexels-photo-1771809.jpeg?fit=1200%2C800&ssl=1&resize=525%2C300 1.5x, https:\/\/i0.wp.com\/pastoralrmi.com\/wp-content\/uploads\/2025\/03\/pexels-photo-1771809.jpeg?fit=1200%2C800&ssl=1&resize=700%2C400 2x, https:\/\/i0.wp.com\/pastoralrmi.com\/wp-content\/uploads\/2025\/03\/pexels-photo-1771809.jpeg?fit=1200%2C800&ssl=1&resize=1050%2C600 3x"},"classes":[]}],"_links":{"self":[{"href":"https:\/\/pastoralrmi.com\/pt\/wp-json\/wp\/v2\/posts\/1773","targetHints":{"allow":["GET"]}}],"collection":[{"href":"https:\/\/pastoralrmi.com\/pt\/wp-json\/wp\/v2\/posts"}],"about":[{"href":"https:\/\/pastoralrmi.com\/pt\/wp-json\/wp\/v2\/types\/post"}],"author":[{"embeddable":true,"href":"https:\/\/pastoralrmi.com\/pt\/wp-json\/wp\/v2\/users\/246329482"}],"replies":[{"embeddable":true,"href":"https:\/\/pastoralrmi.com\/pt\/wp-json\/wp\/v2\/comments?post=1773"}],"version-history":[{"count":6,"href":"https:\/\/pastoralrmi.com\/pt\/wp-json\/wp\/v2\/posts\/1773\/revisions"}],"predecessor-version":[{"id":2212,"href":"https:\/\/pastoralrmi.com\/pt\/wp-json\/wp\/v2\/posts\/1773\/revisions\/2212"}],"wp:featuredmedia":[{"embeddable":true,"href":"https:\/\/pastoralrmi.com\/pt\/wp-json\/wp\/v2\/media\/1776"}],"wp:attachment":[{"href":"https:\/\/pastoralrmi.com\/pt\/wp-json\/wp\/v2\/media?parent=1773"}],"wp:term":[{"taxonomy":"category","embeddable":true,"href":"https:\/\/pastoralrmi.com\/pt\/wp-json\/wp\/v2\/categories?post=1773"},{"taxonomy":"post_tag","embeddable":true,"href":"https:\/\/pastoralrmi.com\/pt\/wp-json\/wp\/v2\/tags?post=1773"}],"curies":[{"name":"wp","href":"https:\/\/api.w.org\/{rel}","templated":true}]}}