{"id":2431,"date":"2024-11-17T12:00:00","date_gmt":"2024-11-17T11:00:00","guid":{"rendered":"https:\/\/pastoralrmi.com\/?p=2431"},"modified":"2024-11-20T11:26:07","modified_gmt":"2024-11-20T10:26:07","slug":"abiertas-las-inscripciones-a-la-pascua-rmi-en-taize","status":"publish","type":"post","link":"https:\/\/pastoralrmi.com\/pt\/abiertas-las-inscripciones-a-la-pascua-rmi-en-taize\/","title":{"rendered":"Abertas as inscri\u00e7\u00f5es"},"content":{"rendered":"<figure class=\"wp-block-image size-large\"><img data-recalc-dims=\"1\" loading=\"lazy\" decoding=\"async\" width=\"1024\" height=\"1024\" data-attachment-id=\"2493\" data-permalink=\"https:\/\/pastoralrmi.com\/pt\/abiertas-las-inscripciones-a-la-pascua-rmi-en-taize\/insta-cuadrado-taize-es\/\" data-orig-file=\"https:\/\/i0.wp.com\/pastoralrmi.com\/wp-content\/uploads\/2024\/11\/INSTA-CUADRADO-TAIZE-ES.png?fit=1080%2C1080&amp;ssl=1\" data-orig-size=\"1080,1080\" data-comments-opened=\"1\" data-image-meta=\"{&quot;aperture&quot;:&quot;0&quot;,&quot;credit&quot;:&quot;&quot;,&quot;camera&quot;:&quot;&quot;,&quot;caption&quot;:&quot;&quot;,&quot;created_timestamp&quot;:&quot;0&quot;,&quot;copyright&quot;:&quot;&quot;,&quot;focal_length&quot;:&quot;0&quot;,&quot;iso&quot;:&quot;0&quot;,&quot;shutter_speed&quot;:&quot;0&quot;,&quot;title&quot;:&quot;&quot;,&quot;orientation&quot;:&quot;0&quot;}\" data-image-title=\"INSTA CUADRADO TAIZE ES\" data-image-description=\"\" data-image-caption=\"\" data-large-file=\"https:\/\/i0.wp.com\/pastoralrmi.com\/wp-content\/uploads\/2024\/11\/INSTA-CUADRADO-TAIZE-ES.png?fit=1024%2C1024&amp;ssl=1\" src=\"https:\/\/pastoralrmi.com\/wp-content\/uploads\/2024\/11\/INSTA-QUADRADO-TAIZE-PT.png\" alt=\"\" class=\"wp-image-2493\" srcset=\"https:\/\/i0.wp.com\/pastoralrmi.com\/wp-content\/uploads\/2024\/11\/INSTA-QUADRADO-TAIZE-PT.png?w=1080&ssl=1 1080w, https:\/\/i0.wp.com\/pastoralrmi.com\/wp-content\/uploads\/2024\/11\/INSTA-QUADRADO-TAIZE-PT.png?resize=300%2C300&ssl=1 300w, https:\/\/i0.wp.com\/pastoralrmi.com\/wp-content\/uploads\/2024\/11\/INSTA-QUADRADO-TAIZE-PT.png?resize=1024%2C1024&ssl=1 1024w, https:\/\/i0.wp.com\/pastoralrmi.com\/wp-content\/uploads\/2024\/11\/INSTA-QUADRADO-TAIZE-PT.png?resize=150%2C150&ssl=1 150w, https:\/\/i0.wp.com\/pastoralrmi.com\/wp-content\/uploads\/2024\/11\/INSTA-QUADRADO-TAIZE-PT.png?resize=768%2C768&ssl=1 768w, https:\/\/i0.wp.com\/pastoralrmi.com\/wp-content\/uploads\/2024\/11\/INSTA-QUADRADO-TAIZE-PT.png?resize=12%2C12&ssl=1 12w\" sizes=\"auto, (max-width: 1000px) 100vw, 1000px\" \/><\/figure>\n\n\n\n<p class=\"wp-block-paragraph\"> N\u00e3o percas!!<\/p>\n\n\n\n<p class=\"wp-block-paragraph translation-block\"><strong>Mais info<\/strong> na nossa <a href=\"https:\/\/pastoralrmi.com\/pt\/crear\/proximos-eventos\/\" target=\"_self\">Agenda<\/a><\/p>\n\n\n\n<p class=\"wp-block-paragraph translation-block\">Inscri\u00e7\u00f5es na nossa <a href=\"https:\/\/pastoralrmi.com\/pt\/crear\/proximos-eventos\/\" target=\"_self\">agenda<\/a>.<\/p>\n\n\n\n<p class=\"wp-block-paragraph\"><\/p>","protected":false},"excerpt":{"rendered":"<p>\u00a1No te lo pierdas! M\u00e1s info desde nuestra Agenda Inscripciones desde nuestra agenda.<\/p>","protected":false},"author":246329482,"featured_media":2493,"comment_status":"open","ping_status":"open","sticky":false,"template":"","format":"standard","meta":{"_eb_attr":"","_crdt_document":"","advanced_seo_description":"","jetpack_seo_html_title":"","jetpack_seo_noindex":false,"_jetpack_newsletter_access":"","_jetpack_dont_email_post_to_subs":true,"_jetpack_newsletter_tier_id":0,"_jetpack_memberships_contains_paywalled_content":false,"_jetpack_memberships_contains_paid_content":false,"footnotes":"","jetpack_publicize_message":"","jetpack_publicize_feature_enabled":true,"jetpack_social_post_already_shared":true,"jetpack_social_options":{"image_generator_settings":{"template":"highway","enabled":false},"version":2},"_wpas_customize_per_network":false,"jetpack_post_was_ever_published":false},"categories":[772356424],"tags":[],"class_list":["post-2431","post","type-post","status-publish","format-standard","has-post-thumbnail","hentry","category-entradas"],"jetpack_publicize_connections":[],"jetpack_featured_media_url":"https:\/\/i0.wp.com\/pastoralrmi.com\/wp-content\/uploads\/2024\/11\/INSTA-CUADRADO-TAIZE-ES.png?fit=1080%2C1080&ssl=1","jetpack_likes_enabled":true,"jetpack_sharing_enabled":true,"jetpack_shortlink":"https:\/\/wp.me\/pfvk8v-Dd","jetpack-related-posts":[{"id":3806,"url":"https:\/\/pastoralrmi.com\/pt\/tus-palabras-son-herramientas\/","url_meta":{"origin":2431,"position":0},"title":"As tuas palavras s\u00e3o ferramentas","author":"Blog de pastoral Provincia Iberica","date":"19 de Mar\u00e7o de 2025","format":false,"excerpt":"Nuestras palabras son herramientas de sanaci\u00f3n y creaci\u00f3n. Cada palabra tiene la capacidad de destruir o construir. Parece ser que Jes\u00fas fue muy consciente de ello. La palabra destruye cuando no est\u00e1 alineada con lo que realmente somos. Construye cuando utilizamos nuestras palabras desde ese espacio en donde nos encontramos\u2026","rel":"","context":"In &quot;CUARESMA&quot;","block_context":{"text":"CUARESMA","link":"https:\/\/pastoralrmi.com\/pt\/category\/comprender\/tiempos-liturgicos\/cuaresma\/"},"img":{"alt_text":"five assorted balloons","src":"https:\/\/i0.wp.com\/pastoralrmi.com\/wp-content\/uploads\/2025\/03\/pexels-photo-772478.jpeg?fit=1200%2C1200&ssl=1&resize=350%2C200","width":350,"height":200,"srcset":"https:\/\/i0.wp.com\/pastoralrmi.com\/wp-content\/uploads\/2025\/03\/pexels-photo-772478.jpeg?fit=1200%2C1200&ssl=1&resize=350%2C200 1x, https:\/\/i0.wp.com\/pastoralrmi.com\/wp-content\/uploads\/2025\/03\/pexels-photo-772478.jpeg?fit=1200%2C1200&ssl=1&resize=525%2C300 1.5x, https:\/\/i0.wp.com\/pastoralrmi.com\/wp-content\/uploads\/2025\/03\/pexels-photo-772478.jpeg?fit=1200%2C1200&ssl=1&resize=700%2C400 2x, https:\/\/i0.wp.com\/pastoralrmi.com\/wp-content\/uploads\/2025\/03\/pexels-photo-772478.jpeg?fit=1200%2C1200&ssl=1&resize=1050%2C600 3x"},"classes":[]},{"id":3112,"url":"https:\/\/pastoralrmi.com\/pt\/buscamos-el-sentido-profundo-de-lo-domestico\/","url_meta":{"origin":2431,"position":1},"title":"Procuramos o significado profundo de \"dom\u00e9stico\"","author":"Blog de pastoral Provincia Iberica","date":"5 de Mar\u00e7o de 2025","format":false,"excerpt":"La segunda carta a los Corintios en su conjunto, cuyo extracto leemos hoy, mi\u00e9rcoles de ceniza, nos puede ayudar a la hora de contestar a lo sugiere el t\u00edtulo de la entrada. Veamos un poco de su contexto. Es una de las siete \u201caut\u00e9nticas\u201d de Pablo, aunque es muy probable\u2026","rel":"","context":"In &quot;COMPRENDER&quot;","block_context":{"text":"COMPRENDER","link":"https:\/\/pastoralrmi.com\/pt\/category\/comprender\/"},"img":{"alt_text":"stack of towels on rack","src":"https:\/\/i0.wp.com\/pastoralrmi.com\/wp-content\/uploads\/2025\/01\/pexels-photo-271711.webp?fit=1200%2C792&ssl=1&resize=350%2C200","width":350,"height":200,"srcset":"https:\/\/i0.wp.com\/pastoralrmi.com\/wp-content\/uploads\/2025\/01\/pexels-photo-271711.webp?fit=1200%2C792&ssl=1&resize=350%2C200 1x, https:\/\/i0.wp.com\/pastoralrmi.com\/wp-content\/uploads\/2025\/01\/pexels-photo-271711.webp?fit=1200%2C792&ssl=1&resize=525%2C300 1.5x, https:\/\/i0.wp.com\/pastoralrmi.com\/wp-content\/uploads\/2025\/01\/pexels-photo-271711.webp?fit=1200%2C792&ssl=1&resize=700%2C400 2x, https:\/\/i0.wp.com\/pastoralrmi.com\/wp-content\/uploads\/2025\/01\/pexels-photo-271711.webp?fit=1200%2C792&ssl=1&resize=1050%2C600 3x"},"classes":[]},{"id":3123,"url":"https:\/\/pastoralrmi.com\/pt\/jesus-relacion-y-dialogo-constante\/","url_meta":{"origin":2431,"position":2},"title":"Jesus, rela\u00e7\u00e3o e di\u00e1logo constante","author":"Blog de pastoral Provincia Iberica","date":"15 de Janeiro de 2025","format":false,"excerpt":"Tras su muerte, la humanidad nos segu\u00edamos preguntando qui\u00e9n era este hombre. No estaba resuelta la pregunta a\u00fan despu\u00e9s de todo. Hemos ido formulando conclusiones, fruto, por un lado de nuestras experiencias de encuentro con \u00e9l pero tambi\u00e9n de tantas e interminables discusiones. Pero por debajo de todo ello, sab\u00edamos\u2026","rel":"","context":"In &quot;Entradas&quot;","block_context":{"text":"Entradas","link":"https:\/\/pastoralrmi.com\/pt\/category\/entradas\/"},"img":{"alt_text":"grayscale photography of people","src":"https:\/\/i0.wp.com\/pastoralrmi.com\/wp-content\/uploads\/2025\/01\/pexels-photo-1245055.jpeg?fit=1200%2C800&ssl=1&resize=350%2C200","width":350,"height":200,"srcset":"https:\/\/i0.wp.com\/pastoralrmi.com\/wp-content\/uploads\/2025\/01\/pexels-photo-1245055.jpeg?fit=1200%2C800&ssl=1&resize=350%2C200 1x, https:\/\/i0.wp.com\/pastoralrmi.com\/wp-content\/uploads\/2025\/01\/pexels-photo-1245055.jpeg?fit=1200%2C800&ssl=1&resize=525%2C300 1.5x, https:\/\/i0.wp.com\/pastoralrmi.com\/wp-content\/uploads\/2025\/01\/pexels-photo-1245055.jpeg?fit=1200%2C800&ssl=1&resize=700%2C400 2x, https:\/\/i0.wp.com\/pastoralrmi.com\/wp-content\/uploads\/2025\/01\/pexels-photo-1245055.jpeg?fit=1200%2C800&ssl=1&resize=1050%2C600 3x"},"classes":[]},{"id":3896,"url":"https:\/\/pastoralrmi.com\/pt\/centro-social-rmi-tu-casa\/","url_meta":{"origin":2431,"position":3},"title":"Centro Social RMI: a tua casa","author":"Blog de pastoral Provincia Iberica","date":"26 de Mar\u00e7o de 2025","format":false,"excerpt":"\u00bfC\u00f3mo te sentiste la primera vez que llegaste al Centro Social? Como si estuviese en mi casa. La inmigraci\u00f3n es un fen\u00f3meno que ha existido a lo largo de la historia de la humanidad. Seg\u00fan datos del Instituto Nacional de Estad\u00edstica (INE), se estima que en Espa\u00f1a hay alrededor de\u2026","rel":"","context":"In &quot;Centros Sociales&quot;","block_context":{"text":"Centros Sociales","link":"https:\/\/pastoralrmi.com\/pt\/category\/obras-apostolicas\/centros-sociales\/"},"img":{"alt_text":"people holding miniature wooden house","src":"https:\/\/i0.wp.com\/pastoralrmi.com\/wp-content\/uploads\/2025\/03\/pexels-photo-7579135.jpeg?fit=1200%2C900&ssl=1&resize=350%2C200","width":350,"height":200,"srcset":"https:\/\/i0.wp.com\/pastoralrmi.com\/wp-content\/uploads\/2025\/03\/pexels-photo-7579135.jpeg?fit=1200%2C900&ssl=1&resize=350%2C200 1x, https:\/\/i0.wp.com\/pastoralrmi.com\/wp-content\/uploads\/2025\/03\/pexels-photo-7579135.jpeg?fit=1200%2C900&ssl=1&resize=525%2C300 1.5x, https:\/\/i0.wp.com\/pastoralrmi.com\/wp-content\/uploads\/2025\/03\/pexels-photo-7579135.jpeg?fit=1200%2C900&ssl=1&resize=700%2C400 2x, https:\/\/i0.wp.com\/pastoralrmi.com\/wp-content\/uploads\/2025\/03\/pexels-photo-7579135.jpeg?fit=1200%2C900&ssl=1&resize=1050%2C600 3x"},"classes":[]},{"id":2638,"url":"https:\/\/pastoralrmi.com\/pt\/el-si-de-maria-es-nuestro-si\/","url_meta":{"origin":2431,"position":4},"title":"O Sim de Maria \u00e9 o nosso Sim","author":"Blog de pastoral Provincia Iberica","date":"4 de Dezembro de 2024","format":false,"excerpt":"Una invitaci\u00f3n a ser y vivir Celebrar a Mar\u00eda Inmaculada es una invitaci\u00f3n a \u201cser y vivir\u201d como Mar\u00eda para \u201cser y vivir\u201d en Dios. Desde su S\u00cd, Mar\u00eda lo habitaba todo. El S\u00cd de Mar\u00eda no era solo una ventana al pozo interior desde el que beb\u00eda su alma\u2026","rel":"","context":"In &quot;Destellos de vida cotidiana&quot;","block_context":{"text":"Destellos de vida cotidiana","link":"https:\/\/pastoralrmi.com\/pt\/category\/fluir\/destellos-de-vida-cotidiana\/"},"img":{"alt_text":"woman in white crew neck shirt","src":"https:\/\/i0.wp.com\/pastoralrmi.com\/wp-content\/uploads\/2024\/12\/pexels-photo-1804514.jpeg?fit=1200%2C800&ssl=1&resize=350%2C200","width":350,"height":200,"srcset":"https:\/\/i0.wp.com\/pastoralrmi.com\/wp-content\/uploads\/2024\/12\/pexels-photo-1804514.jpeg?fit=1200%2C800&ssl=1&resize=350%2C200 1x, https:\/\/i0.wp.com\/pastoralrmi.com\/wp-content\/uploads\/2024\/12\/pexels-photo-1804514.jpeg?fit=1200%2C800&ssl=1&resize=525%2C300 1.5x, https:\/\/i0.wp.com\/pastoralrmi.com\/wp-content\/uploads\/2024\/12\/pexels-photo-1804514.jpeg?fit=1200%2C800&ssl=1&resize=700%2C400 2x, https:\/\/i0.wp.com\/pastoralrmi.com\/wp-content\/uploads\/2024\/12\/pexels-photo-1804514.jpeg?fit=1200%2C800&ssl=1&resize=1050%2C600 3x"},"classes":[]},{"id":6459,"url":"https:\/\/pastoralrmi.com\/pt\/de-la-resi-al-mundo-la-fe-que-despierta-transforma-y-actua\/","url_meta":{"origin":2431,"position":5},"title":"Da resid\u00eancia ao mundo: a f\u00e9 que desperta, transforma e atua","author":"Blog de pastoral Provincia Iberica","date":"10 de Dezembro de 2025","format":false,"excerpt":"Cuando ten\u00eda 16 a\u00f1os conoc\u00ed a las Religiosas de Mar\u00eda Inmaculada; y, gran parte de lo que hoy soy, es gracias a lo que con ellas viv\u00ed, crec\u00ed y aprend\u00ed hasta los 21 a\u00f1os, \u00a0primero en la casa de C\u00f3rdoba y despu\u00e9s en la de Sevilla. Si bien, es cierto\u2026","rel":"","context":"In &quot;Centros educativos&quot;","block_context":{"text":"Centros educativos","link":"https:\/\/pastoralrmi.com\/pt\/category\/obras-apostolicas\/centros-educativos\/"},"img":{"alt_text":"high angle photo of woman on ladder","src":"https:\/\/i0.wp.com\/pastoralrmi.com\/wp-content\/uploads\/2025\/12\/pexels-photo-2467396.jpeg?fit=1200%2C800&ssl=1&resize=350%2C200","width":350,"height":200,"srcset":"https:\/\/i0.wp.com\/pastoralrmi.com\/wp-content\/uploads\/2025\/12\/pexels-photo-2467396.jpeg?fit=1200%2C800&ssl=1&resize=350%2C200 1x, https:\/\/i0.wp.com\/pastoralrmi.com\/wp-content\/uploads\/2025\/12\/pexels-photo-2467396.jpeg?fit=1200%2C800&ssl=1&resize=525%2C300 1.5x, https:\/\/i0.wp.com\/pastoralrmi.com\/wp-content\/uploads\/2025\/12\/pexels-photo-2467396.jpeg?fit=1200%2C800&ssl=1&resize=700%2C400 2x, https:\/\/i0.wp.com\/pastoralrmi.com\/wp-content\/uploads\/2025\/12\/pexels-photo-2467396.jpeg?fit=1200%2C800&ssl=1&resize=1050%2C600 3x"},"classes":[]}],"_links":{"self":[{"href":"https:\/\/pastoralrmi.com\/pt\/wp-json\/wp\/v2\/posts\/2431","targetHints":{"allow":["GET"]}}],"collection":[{"href":"https:\/\/pastoralrmi.com\/pt\/wp-json\/wp\/v2\/posts"}],"about":[{"href":"https:\/\/pastoralrmi.com\/pt\/wp-json\/wp\/v2\/types\/post"}],"author":[{"embeddable":true,"href":"https:\/\/pastoralrmi.com\/pt\/wp-json\/wp\/v2\/users\/246329482"}],"replies":[{"embeddable":true,"href":"https:\/\/pastoralrmi.com\/pt\/wp-json\/wp\/v2\/comments?post=2431"}],"version-history":[{"count":5,"href":"https:\/\/pastoralrmi.com\/pt\/wp-json\/wp\/v2\/posts\/2431\/revisions"}],"predecessor-version":[{"id":2495,"href":"https:\/\/pastoralrmi.com\/pt\/wp-json\/wp\/v2\/posts\/2431\/revisions\/2495"}],"wp:featuredmedia":[{"embeddable":true,"href":"https:\/\/pastoralrmi.com\/pt\/wp-json\/wp\/v2\/media\/2493"}],"wp:attachment":[{"href":"https:\/\/pastoralrmi.com\/pt\/wp-json\/wp\/v2\/media?parent=2431"}],"wp:term":[{"taxonomy":"category","embeddable":true,"href":"https:\/\/pastoralrmi.com\/pt\/wp-json\/wp\/v2\/categories?post=2431"},{"taxonomy":"post_tag","embeddable":true,"href":"https:\/\/pastoralrmi.com\/pt\/wp-json\/wp\/v2\/tags?post=2431"}],"curies":[{"name":"wp","href":"https:\/\/api.w.org\/{rel}","templated":true}]}}