{"id":3042,"date":"2025-01-01T12:00:00","date_gmt":"2025-01-01T11:00:00","guid":{"rendered":"https:\/\/pastoralrmi.com\/?p=3042"},"modified":"2024-12-31T14:46:22","modified_gmt":"2024-12-31T13:46:22","slug":"es-la-misma-fuerza-de-la-vida","status":"publish","type":"post","link":"https:\/\/pastoralrmi.com\/pt\/es-la-misma-fuerza-de-la-vida\/","title":{"rendered":"\u00c9 a pr\u00f3pria for\u00e7a da Vida"},"content":{"rendered":"<div class=\"wp-block-group alignfull has-global-padding is-content-justification-center is-layout-constrained wp-container-core-group-is-layout-92d3b899 wp-block-group-is-layout-constrained\" style=\"margin-top:0;margin-bottom:0;padding-top:calc( 0.5 * var(--wp--style--root--padding-right, var(--wp--custom--gap--horizontal)));padding-right:var(--wp--style--root--padding-right, var(--wp--custom--gap--horizontal));padding-bottom:calc( 0.5 * var(--wp--style--root--padding-right, var(--wp--custom--gap--horizontal)));padding-left:var(--wp--style--root--padding-left, var(--wp--custom--gap--horizontal))\">\n<div style=\"height:calc( 0.25 * var(--wp--style--root--padding-right, var(--wp--custom--gap--horizontal)))\" aria-hidden=\"true\" class=\"wp-block-spacer\"><\/div>\n\n\n\n<blockquote class=\"wp-block-quote is-layout-flow wp-block-quote-is-layout-flow\">\n<p class=\"wp-block-paragraph\">O maior servi\u00e7o que qualquer ser humano pode fazer aos seus irm\u00e3os \u00e9 elevar-se ao mais elevado do seu pr\u00f3prio ser.<\/p>\n<cite>Henry David Thoreau<\/cite><\/blockquote>\n<\/div>\n\n\n\n<div class=\"wp-block-group alignfull has-global-padding is-content-justification-center is-layout-constrained wp-container-core-group-is-layout-92d3b899 wp-block-group-is-layout-constrained\" style=\"margin-top:0;margin-bottom:0;padding-top:calc( 0.5 * var(--wp--style--root--padding-right, var(--wp--custom--gap--horizontal)));padding-right:var(--wp--style--root--padding-right, var(--wp--custom--gap--horizontal));padding-bottom:calc( 0.5 * var(--wp--style--root--padding-right, var(--wp--custom--gap--horizontal)));padding-left:var(--wp--style--root--padding-left, var(--wp--custom--gap--horizontal))\">\n<div style=\"height:calc( 0.25 * var(--wp--style--root--padding-right, var(--wp--custom--gap--horizontal)))\" aria-hidden=\"true\" class=\"wp-block-spacer\"><\/div>\n\n\n\n<div class=\"wp-block-columns alignwide is-layout-flex wp-container-core-columns-is-layout-9b7bffa5 wp-block-columns-is-layout-flex\">\n<div class=\"wp-block-column is-layout-flow wp-block-column-is-layout-flow\" style=\"flex-basis:33%\">\n<figure data-wp-context=\"{&quot;imageId&quot;:&quot;69f38e8e90166&quot;}\" data-wp-interactive=\"core\/image\" data-wp-key=\"69f38e8e90166\" class=\"wp-block-image size-full wp-lightbox-container\"><img data-recalc-dims=\"1\" loading=\"lazy\" decoding=\"async\" width=\"731\" height=\"1300\" data-attachment-id=\"1696\" data-permalink=\"https:\/\/pastoralrmi.com\/pt\/que-es-un-evangelio\/pexels-photo-4612598\/\" data-orig-file=\"https:\/\/i0.wp.com\/pastoralrmi.com\/wp-content\/uploads\/2024\/06\/pexels-photo-4612598.jpeg?fit=731%2C1300&amp;ssl=1\" data-orig-size=\"731,1300\" data-comments-opened=\"1\" data-image-meta=\"{&quot;aperture&quot;:&quot;0&quot;,&quot;credit&quot;:&quot;&quot;,&quot;camera&quot;:&quot;&quot;,&quot;caption&quot;:&quot;&quot;,&quot;created_timestamp&quot;:&quot;0&quot;,&quot;copyright&quot;:&quot;&quot;,&quot;focal_length&quot;:&quot;0&quot;,&quot;iso&quot;:&quot;0&quot;,&quot;shutter_speed&quot;:&quot;0&quot;,&quot;title&quot;:&quot;&quot;,&quot;orientation&quot;:&quot;0&quot;}\" data-image-title=\"pexels-photo-4612598.jpeg\" data-image-description=\"\" data-image-caption=\"&lt;p&gt;Photo by Artem Podrez on &lt;a href=&quot;https:\/\/www.pexels.com\/es-es\/foto\/arte-pared-muro-planta-4612598\/&quot; rel=&quot;nofollow&quot;&gt;Pexels.com&lt;\/a&gt;&lt;\/p&gt;\" data-large-file=\"https:\/\/i0.wp.com\/pastoralrmi.com\/wp-content\/uploads\/2024\/06\/pexels-photo-4612598.jpeg?fit=576%2C1024&amp;ssl=1\" data-wp-class--hide=\"state.isContentHidden\" data-wp-class--show=\"state.isContentVisible\" data-wp-init=\"callbacks.setButtonStyles\" data-wp-on--click=\"actions.showLightbox\" data-wp-on--load=\"callbacks.setButtonStyles\" data-wp-on--pointerdown=\"actions.preloadImage\" data-wp-on--pointerenter=\"actions.preloadImageWithDelay\" data-wp-on--pointerleave=\"actions.cancelPreload\" data-wp-on-window--resize=\"callbacks.setButtonStyles\" src=\"https:\/\/i0.wp.com\/pastoralrmi.com\/wp-content\/uploads\/2024\/06\/pexels-photo-4612598.jpeg?resize=731%2C1300&#038;ssl=1\" alt=\"\" class=\"wp-image-1696\" style=\"aspect-ratio:1;object-fit:cover\"\/><button\n\t\t\tclass=\"lightbox-trigger\"\n\t\t\ttype=\"button\"\n\t\t\taria-haspopup=\"dialog\"\n\t\t\tdata-wp-bind--aria-label=\"state.thisImage.triggerButtonAriaLabel\"\n\t\t\tdata-wp-init=\"callbacks.initTriggerButton\"\n\t\t\tdata-wp-on--click=\"actions.showLightbox\"\n\t\t\tdata-wp-style--right=\"state.thisImage.buttonRight\"\n\t\t\tdata-wp-style--top=\"state.thisImage.buttonTop\"\n\t\t>\n\t\t\t<svg xmlns=\"http:\/\/www.w3.org\/2000\/svg\" width=\"12\" height=\"12\" fill=\"none\" viewbox=\"0 0 12 12\">\n\t\t\t\t<path fill=\"#fff\" d=\"M2 0a2 2 0 0 0-2 2v2h1.5V2a.5.5 0 0 1 .5-.5h2V0H2Zm2 10.5H2a.5.5 0 0 1-.5-.5V8H0v2a2 2 0 0 0 2 2h2v-1.5ZM8 12v-1.5h2a.5.5 0 0 0 .5-.5V8H12v2a2 2 0 0 1-2 2H8Zm2-12a2 2 0 0 1 2 2v2h-1.5V2a.5.5 0 0 0-.5-.5H8V0h2Z\" \/>\n\t\t\t<\/svg>\n\t\t<\/button><\/figure>\n<\/div>\n\n\n\n<div class=\"wp-block-column is-layout-flow wp-block-column-is-layout-flow\">\n<div style=\"height:10px\" aria-hidden=\"true\" class=\"wp-block-spacer\"><\/div>\n\n\n\n<p class=\"wp-block-paragraph translation-block\">\u00abNoutras palavras, o <strong>melhor servi\u00e7o <\/strong>que podemos fazer aos outros \u00e9 <em>ser<\/em> mais.\u00bb<\/p>\n\n\n\n<div style=\"height:6px\" aria-hidden=\"true\" class=\"wp-block-spacer\"><\/div>\n\n\n\n<p class=\"wp-block-paragraph\">\u00ab\u00c9 pr\u00f3prio da Vida querer viver, buscar mais vida, uma vida plena. Tudo tende ao incremento vital, ao desenvolvimento. No ser humano, esse incremento vital tem um reflexo subjetivo: a alegria; e a alegria em todos os n\u00edveis: corporal, ps\u00edquico (mental-afetivo) e espiritual. H\u00e1 alegria quando a vida se sente incrementada.\u00bb<\/p>\n<\/div>\n<\/div>\n\n\n\n<div class=\"wp-block-columns alignwide is-layout-flex wp-container-core-columns-is-layout-9b7bffa5 wp-block-columns-is-layout-flex\">\n<div class=\"wp-block-column is-layout-flow wp-container-core-column-is-layout-339f7bcf wp-block-column-is-layout-flow\">\n<figure data-wp-context=\"{&quot;imageId&quot;:&quot;69f38e8e90bbe&quot;}\" data-wp-interactive=\"core\/image\" data-wp-key=\"69f38e8e90bbe\" class=\"wp-block-image size-full wp-lightbox-container\"><img data-recalc-dims=\"1\" loading=\"lazy\" decoding=\"async\" width=\"867\" height=\"1300\" data-attachment-id=\"3057\" data-permalink=\"https:\/\/pastoralrmi.com\/pt\/es-la-misma-fuerza-de-la-vida\/pexels-photo-7479967\/\" data-orig-file=\"https:\/\/i0.wp.com\/pastoralrmi.com\/wp-content\/uploads\/2024\/12\/pexels-photo-7479967.jpeg?fit=867%2C1300&amp;ssl=1\" data-orig-size=\"867,1300\" data-comments-opened=\"1\" data-image-meta=\"{&quot;aperture&quot;:&quot;0&quot;,&quot;credit&quot;:&quot;&quot;,&quot;camera&quot;:&quot;&quot;,&quot;caption&quot;:&quot;Photo by Angela Roma on &lt;a href=\\&quot;https:\/\/www.pexels.com\/photo\/glowing-skin-with-blue-veins-7479967\/\\&quot; rel=\\&quot;nofollow\\&quot;&gt;Pexels.com&lt;\/a&gt;&quot;,&quot;created_timestamp&quot;:&quot;0&quot;,&quot;copyright&quot;:&quot;&quot;,&quot;focal_length&quot;:&quot;0&quot;,&quot;iso&quot;:&quot;0&quot;,&quot;shutter_speed&quot;:&quot;0&quot;,&quot;title&quot;:&quot;glowing skin with blue veins&quot;,&quot;orientation&quot;:&quot;0&quot;}\" data-image-title=\"pexels-photo-7479967\" data-image-description=\"\" data-image-caption=\"&lt;p&gt;Photo by Angela Roma on &lt;a href=&quot;https:\/\/www.pexels.com\/photo\/glowing-skin-with-blue-veins-7479967\/&quot; rel=&quot;nofollow&quot;&gt;Pexels.com&lt;\/a&gt;&lt;\/p&gt;\" data-large-file=\"https:\/\/i0.wp.com\/pastoralrmi.com\/wp-content\/uploads\/2024\/12\/pexels-photo-7479967.jpeg?fit=683%2C1024&amp;ssl=1\" data-wp-class--hide=\"state.isContentHidden\" data-wp-class--show=\"state.isContentVisible\" data-wp-init=\"callbacks.setButtonStyles\" data-wp-on--click=\"actions.showLightbox\" data-wp-on--load=\"callbacks.setButtonStyles\" data-wp-on--pointerdown=\"actions.preloadImage\" data-wp-on--pointerenter=\"actions.preloadImageWithDelay\" data-wp-on--pointerleave=\"actions.cancelPreload\" data-wp-on-window--resize=\"callbacks.setButtonStyles\" src=\"https:\/\/i0.wp.com\/pastoralrmi.com\/wp-content\/uploads\/2024\/12\/pexels-photo-7479967.jpeg?resize=867%2C1300&#038;ssl=1\" alt=\"glowing skin with blue veins\" class=\"wp-image-3057\" srcset=\"https:\/\/i0.wp.com\/pastoralrmi.com\/wp-content\/uploads\/2024\/12\/pexels-photo-7479967.jpeg?w=867&amp;ssl=1 867w, https:\/\/i0.wp.com\/pastoralrmi.com\/wp-content\/uploads\/2024\/12\/pexels-photo-7479967.jpeg?resize=200%2C300&amp;ssl=1 200w, https:\/\/i0.wp.com\/pastoralrmi.com\/wp-content\/uploads\/2024\/12\/pexels-photo-7479967.jpeg?resize=683%2C1024&amp;ssl=1 683w, https:\/\/i0.wp.com\/pastoralrmi.com\/wp-content\/uploads\/2024\/12\/pexels-photo-7479967.jpeg?resize=100%2C150&amp;ssl=1 100w, https:\/\/i0.wp.com\/pastoralrmi.com\/wp-content\/uploads\/2024\/12\/pexels-photo-7479967.jpeg?resize=768%2C1152&amp;ssl=1 768w, https:\/\/i0.wp.com\/pastoralrmi.com\/wp-content\/uploads\/2024\/12\/pexels-photo-7479967.jpeg?resize=8%2C12&amp;ssl=1 8w\" sizes=\"auto, (max-width: 867px) 100vw, 867px\" \/><button\n\t\t\tclass=\"lightbox-trigger\"\n\t\t\ttype=\"button\"\n\t\t\taria-haspopup=\"dialog\"\n\t\t\tdata-wp-bind--aria-label=\"state.thisImage.triggerButtonAriaLabel\"\n\t\t\tdata-wp-init=\"callbacks.initTriggerButton\"\n\t\t\tdata-wp-on--click=\"actions.showLightbox\"\n\t\t\tdata-wp-style--right=\"state.thisImage.buttonRight\"\n\t\t\tdata-wp-style--top=\"state.thisImage.buttonTop\"\n\t\t>\n\t\t\t<svg xmlns=\"http:\/\/www.w3.org\/2000\/svg\" width=\"12\" height=\"12\" fill=\"none\" viewbox=\"0 0 12 12\">\n\t\t\t\t<path fill=\"#fff\" d=\"M2 0a2 2 0 0 0-2 2v2h1.5V2a.5.5 0 0 1 .5-.5h2V0H2Zm2 10.5H2a.5.5 0 0 1-.5-.5V8H0v2a2 2 0 0 0 2 2h2v-1.5ZM8 12v-1.5h2a.5.5 0 0 0 .5-.5V8H12v2a2 2 0 0 1-2 2H8Zm2-12a2 2 0 0 1 2 2v2h-1.5V2a.5.5 0 0 0-.5-.5H8V0h2Z\" \/>\n\t\t\t<\/svg>\n\t\t<\/button><\/figure>\n<\/div>\n\n\n\n<div class=\"wp-block-column is-layout-flow wp-container-core-column-is-layout-339f7bcf wp-block-column-is-layout-flow\" style=\"flex-basis:40%\">\n<figure data-wp-context=\"{&quot;imageId&quot;:&quot;69f38e8e9130a&quot;}\" data-wp-interactive=\"core\/image\" data-wp-key=\"69f38e8e9130a\" class=\"wp-block-image size-full wp-lightbox-container\"><img data-recalc-dims=\"1\" loading=\"lazy\" decoding=\"async\" width=\"867\" height=\"1300\" data-attachment-id=\"2846\" data-permalink=\"https:\/\/pastoralrmi.com\/pt\/entendiendo-el-desapego\/pexels-photo-971214\/\" data-orig-file=\"https:\/\/i0.wp.com\/pastoralrmi.com\/wp-content\/uploads\/2024\/12\/pexels-photo-971214.jpeg?fit=867%2C1300&amp;ssl=1\" data-orig-size=\"867,1300\" data-comments-opened=\"1\" data-image-meta=\"{&quot;aperture&quot;:&quot;0&quot;,&quot;credit&quot;:&quot;&quot;,&quot;camera&quot;:&quot;&quot;,&quot;caption&quot;:&quot;Photo by Chandra Lynch on &lt;a href=\\&quot;https:\/\/www.pexels.com\/photo\/green-plant-971214\/\\&quot; rel=\\&quot;nofollow\\&quot;&gt;Pexels.com&lt;\/a&gt;&quot;,&quot;created_timestamp&quot;:&quot;0&quot;,&quot;copyright&quot;:&quot;&quot;,&quot;focal_length&quot;:&quot;0&quot;,&quot;iso&quot;:&quot;0&quot;,&quot;shutter_speed&quot;:&quot;0&quot;,&quot;title&quot;:&quot;green plant&quot;,&quot;orientation&quot;:&quot;0&quot;}\" data-image-title=\"pexels-photo-971214\" data-image-description=\"\" data-image-caption=\"&lt;p&gt;Photo by Chandra Lynch on &lt;a href=&quot;https:\/\/www.pexels.com\/photo\/green-plant-971214\/&quot; rel=&quot;nofollow&quot;&gt;Pexels.com&lt;\/a&gt;&lt;\/p&gt;\" data-large-file=\"https:\/\/i0.wp.com\/pastoralrmi.com\/wp-content\/uploads\/2024\/12\/pexels-photo-971214.jpeg?fit=683%2C1024&amp;ssl=1\" data-wp-class--hide=\"state.isContentHidden\" data-wp-class--show=\"state.isContentVisible\" data-wp-init=\"callbacks.setButtonStyles\" data-wp-on--click=\"actions.showLightbox\" data-wp-on--load=\"callbacks.setButtonStyles\" data-wp-on--pointerdown=\"actions.preloadImage\" data-wp-on--pointerenter=\"actions.preloadImageWithDelay\" data-wp-on--pointerleave=\"actions.cancelPreload\" data-wp-on-window--resize=\"callbacks.setButtonStyles\" src=\"https:\/\/i0.wp.com\/pastoralrmi.com\/wp-content\/uploads\/2024\/12\/pexels-photo-971214.jpeg?resize=867%2C1300&#038;ssl=1\" alt=\"green plant\" class=\"wp-image-2846\" style=\"aspect-ratio:2\/3;object-fit:cover\" srcset=\"https:\/\/i0.wp.com\/pastoralrmi.com\/wp-content\/uploads\/2024\/12\/pexels-photo-971214.jpeg?w=867&amp;ssl=1 867w, https:\/\/i0.wp.com\/pastoralrmi.com\/wp-content\/uploads\/2024\/12\/pexels-photo-971214.jpeg?resize=200%2C300&amp;ssl=1 200w, https:\/\/i0.wp.com\/pastoralrmi.com\/wp-content\/uploads\/2024\/12\/pexels-photo-971214.jpeg?resize=683%2C1024&amp;ssl=1 683w, https:\/\/i0.wp.com\/pastoralrmi.com\/wp-content\/uploads\/2024\/12\/pexels-photo-971214.jpeg?resize=100%2C150&amp;ssl=1 100w, https:\/\/i0.wp.com\/pastoralrmi.com\/wp-content\/uploads\/2024\/12\/pexels-photo-971214.jpeg?resize=768%2C1152&amp;ssl=1 768w, https:\/\/i0.wp.com\/pastoralrmi.com\/wp-content\/uploads\/2024\/12\/pexels-photo-971214.jpeg?resize=8%2C12&amp;ssl=1 8w\" sizes=\"auto, (max-width: 867px) 100vw, 867px\" \/><button\n\t\t\tclass=\"lightbox-trigger\"\n\t\t\ttype=\"button\"\n\t\t\taria-haspopup=\"dialog\"\n\t\t\tdata-wp-bind--aria-label=\"state.thisImage.triggerButtonAriaLabel\"\n\t\t\tdata-wp-init=\"callbacks.initTriggerButton\"\n\t\t\tdata-wp-on--click=\"actions.showLightbox\"\n\t\t\tdata-wp-style--right=\"state.thisImage.buttonRight\"\n\t\t\tdata-wp-style--top=\"state.thisImage.buttonTop\"\n\t\t>\n\t\t\t<svg xmlns=\"http:\/\/www.w3.org\/2000\/svg\" width=\"12\" height=\"12\" fill=\"none\" viewbox=\"0 0 12 12\">\n\t\t\t\t<path fill=\"#fff\" d=\"M2 0a2 2 0 0 0-2 2v2h1.5V2a.5.5 0 0 1 .5-.5h2V0H2Zm2 10.5H2a.5.5 0 0 1-.5-.5V8H0v2a2 2 0 0 0 2 2h2v-1.5ZM8 12v-1.5h2a.5.5 0 0 0 .5-.5V8H12v2a2 2 0 0 1-2 2H8Zm2-12a2 2 0 0 1 2 2v2h-1.5V2a.5.5 0 0 0-.5-.5H8V0h2Z\" \/>\n\t\t\t<\/svg>\n\t\t<\/button><\/figure>\n\n\n\n<div style=\"height:7px\" aria-hidden=\"true\" class=\"wp-block-spacer\"><\/div>\n\n\n\n<p class=\"wp-block-paragraph translation-block\">\u00abPor sua vez, onde h\u00e1 uma <strong>potencialidade que deseja expandir-se<\/strong> atrav\u00e9s de n\u00f3s, uma possibilidade latente a pulsar para se manifestar, experienciamo-la subjetivamente como desejo, anseio ou aspira\u00e7\u00e3o. \u00c9 a mesma for\u00e7a da Vida no seu <strong>anseio de express\u00e3o<\/strong> que sentimos como aspira\u00e7\u00e3o ou querer.\u00bb<\/p>\n<\/div>\n<\/div>\n\n\n\n<div style=\"height:calc( 0.25 * var(--wp--style--root--padding-right, var(--wp--custom--gap--horizontal)))\" aria-hidden=\"true\" class=\"wp-block-spacer\"><\/div>\n\n\n\n<p class=\"wp-block-paragraph\">\u00abTudo o que incrementa a vida e tudo o que atualiza o ser humano em qualquer das suas dimens\u00f5es \u00e9 bom.\u00bb<\/p>\n<\/div>\n\n\n\n<p class=\"has-text-align-right wp-block-paragraph\"><em>M\u00f3nica Cavall\u00e9<\/em> em <em><a href=\"https:\/\/www.editorialkairos.com\/catalogo\/p\/el-coraje-de-ser\">El coraje de ser: la aventura del autoconocimiento filos\u00f3fico<\/a><\/em><\/p>\n\n\n\n<p class=\"has-custom-color-1-background-color has-background wp-block-paragraph translation-block\">Que saibamos, neste 2025 que amavelmente espreita, ser <strong>facilitadoras e facilitadores<\/strong> de tudo o que<strong> NOS incrementa a VIDA<\/strong>.<\/p>","protected":false},"excerpt":{"rendered":"<p>El m\u00e1s grande servicio que cualquier ser humano puede hacer a sus hermanos es alzarse a lo m\u00e1s elevado de su propio ser. \u00abEn otras palabras, el mejor servicio que podemos hacer a los dem\u00e1s es ser m\u00e1s.\u00bb \u00abEs propio de la Vida querer vivir, buscar m\u00e1s vida, una vida plena. Todo tiende al incremento [&hellip;]<\/p>\n","protected":false},"author":246329482,"featured_media":1696,"comment_status":"open","ping_status":"open","sticky":false,"template":"","format":"standard","meta":{"_eb_attr":"","_crdt_document":"","advanced_seo_description":"","jetpack_seo_html_title":"","jetpack_seo_noindex":false,"_jetpack_newsletter_access":"","_jetpack_dont_email_post_to_subs":true,"_jetpack_newsletter_tier_id":0,"_jetpack_memberships_contains_paywalled_content":false,"_jetpack_memberships_contains_paid_content":false,"footnotes":"","jetpack_publicize_message":"","jetpack_publicize_feature_enabled":true,"jetpack_social_post_already_shared":true,"jetpack_social_options":{"image_generator_settings":{"template":"highway","enabled":false},"version":2},"_wpas_customize_per_network":false,"jetpack_post_was_ever_published":false},"categories":[4469418,771144771,772356424,1039746],"tags":[772356467,349739531,772356470,772356468,772356469,772356458],"class_list":["post-3042","post","type-post","status-publish","format-standard","has-post-thumbnail","hentry","category-desarrollo-integral","category-destellos-de-vida-cotidiana","category-entradas","category-fluir","tag-crecimiento-personal","tag-cualidades-esenciales","tag-facilitadoras","tag-filosofia-sapiencial","tag-servicio","tag-vida"],"jetpack_publicize_connections":[],"jetpack_featured_media_url":"https:\/\/i0.wp.com\/pastoralrmi.com\/wp-content\/uploads\/2024\/06\/pexels-photo-4612598.jpeg?fit=731%2C1300&ssl=1","jetpack_likes_enabled":true,"jetpack_sharing_enabled":true,"jetpack_shortlink":"https:\/\/wp.me\/pfvk8v-N4","jetpack-related-posts":[{"id":3144,"url":"https:\/\/pastoralrmi.com\/pt\/el-sentido-de-la-vida-en-el-corazon-de-los-jovenes\/","url_meta":{"origin":3042,"position":0},"title":"O sentido da vida no cora\u00e7\u00e3o dos jovens","author":"Blog de pastoral Provincia Iberica","date":"22 de Janeiro de 2025","format":false,"excerpt":"\u00bfAlguna vez te has preguntado para qu\u00e9 est\u00e1s aqu\u00ed? \u00bfCu\u00e1l es el sentido de tu vida? Esta b\u00fasqueda ha sido un tema central para la humanidad, y en un mundo lleno de opciones, los j\u00f3venes buscan respuestas aut\u00e9nticas. El psiquiatra Viktor Frankl, quien vivi\u00f3 los horrores de los campos de\u2026","rel":"","context":"In &quot;Desarrollo integral&quot;","block_context":{"text":"Desarrollo integral","link":"https:\/\/pastoralrmi.com\/pt\/category\/fluir\/desarrollo-integral\/"},"img":{"alt_text":"hand touching the green moss the wall","src":"https:\/\/i0.wp.com\/pastoralrmi.com\/wp-content\/uploads\/2025\/01\/pexels-photo-8933960.webp?fit=1200%2C800&ssl=1&resize=350%2C200","width":350,"height":200,"srcset":"https:\/\/i0.wp.com\/pastoralrmi.com\/wp-content\/uploads\/2025\/01\/pexels-photo-8933960.webp?fit=1200%2C800&ssl=1&resize=350%2C200 1x, https:\/\/i0.wp.com\/pastoralrmi.com\/wp-content\/uploads\/2025\/01\/pexels-photo-8933960.webp?fit=1200%2C800&ssl=1&resize=525%2C300 1.5x, https:\/\/i0.wp.com\/pastoralrmi.com\/wp-content\/uploads\/2025\/01\/pexels-photo-8933960.webp?fit=1200%2C800&ssl=1&resize=700%2C400 2x, https:\/\/i0.wp.com\/pastoralrmi.com\/wp-content\/uploads\/2025\/01\/pexels-photo-8933960.webp?fit=1200%2C800&ssl=1&resize=1050%2C600 3x"},"classes":[]},{"id":1747,"url":"https:\/\/pastoralrmi.com\/pt\/en-la-palabra-habia-vida\/","url_meta":{"origin":3042,"position":1},"title":"Na palavra estava a Vida","author":"Blog de pastoral Provincia Iberica","date":"25 de Junho de 2024","format":false,"excerpt":"Nunca \u00e9 demasiado tarde para abrir a porta e come\u00e7ar de novo. Nunca \u00e9 tarde demais para viver o mist\u00e9rio dum Deus feito crian\u00e7a num estilo diferente e por sendas mais aut\u00e9nticas.","rel":"","context":"In &quot;ADVIENTO&quot;","block_context":{"text":"ADVIENTO","link":"https:\/\/pastoralrmi.com\/pt\/category\/comprender\/tiempos-liturgicos\/adviento\/"},"img":{"alt_text":"","src":"https:\/\/i0.wp.com\/pastoralrmi.com\/wp-content\/uploads\/2024\/06\/pexels-photo-20845807.jpeg?fit=900%2C1200&ssl=1&resize=350%2C200","width":350,"height":200,"srcset":"https:\/\/i0.wp.com\/pastoralrmi.com\/wp-content\/uploads\/2024\/06\/pexels-photo-20845807.jpeg?fit=900%2C1200&ssl=1&resize=350%2C200 1x, https:\/\/i0.wp.com\/pastoralrmi.com\/wp-content\/uploads\/2024\/06\/pexels-photo-20845807.jpeg?fit=900%2C1200&ssl=1&resize=525%2C300 1.5x, https:\/\/i0.wp.com\/pastoralrmi.com\/wp-content\/uploads\/2024\/06\/pexels-photo-20845807.jpeg?fit=900%2C1200&ssl=1&resize=700%2C400 2x"},"classes":[]},{"id":3640,"url":"https:\/\/pastoralrmi.com\/pt\/la-palabra-de-dios-es-la-vida-misma\/","url_meta":{"origin":3042,"position":2},"title":"A Palavra de Deus \u00e9 a pr\u00f3pria vida","author":"Blog de pastoral Provincia Iberica","date":"26 de Fevereiro de 2025","format":false,"excerpt":"\u00abNi un vaso de agua quedar\u00e1 sin recompensa\u00bb Mt 10,42 Hace un tiempo colabor\u00e9 en el servicio de atenci\u00f3n espiritual y religiosa del Hospital de San Juan de Dios en Pamplona. All\u00ed hac\u00edamos diferentes labores, visitar a los enfermos, acompa\u00f1ar a familias, rezar en los momentos de final de vida,\u2026","rel":"","context":"In &quot;Entradas&quot;","block_context":{"text":"Entradas","link":"https:\/\/pastoralrmi.com\/pt\/category\/entradas\/"},"img":{"alt_text":"silver framed hippie sunglasses on concrete","src":"https:\/\/i0.wp.com\/pastoralrmi.com\/wp-content\/uploads\/2025\/02\/pexels-photo-343720.jpeg?fit=1200%2C795&ssl=1&resize=350%2C200","width":350,"height":200,"srcset":"https:\/\/i0.wp.com\/pastoralrmi.com\/wp-content\/uploads\/2025\/02\/pexels-photo-343720.jpeg?fit=1200%2C795&ssl=1&resize=350%2C200 1x, https:\/\/i0.wp.com\/pastoralrmi.com\/wp-content\/uploads\/2025\/02\/pexels-photo-343720.jpeg?fit=1200%2C795&ssl=1&resize=525%2C300 1.5x, https:\/\/i0.wp.com\/pastoralrmi.com\/wp-content\/uploads\/2025\/02\/pexels-photo-343720.jpeg?fit=1200%2C795&ssl=1&resize=700%2C400 2x, https:\/\/i0.wp.com\/pastoralrmi.com\/wp-content\/uploads\/2025\/02\/pexels-photo-343720.jpeg?fit=1200%2C795&ssl=1&resize=1050%2C600 3x"},"classes":[]},{"id":2373,"url":"https:\/\/pastoralrmi.com\/pt\/el-arte-de-acompanar\/","url_meta":{"origin":3042,"position":3},"title":"A arte de acompanhar","author":"Blog de pastoral Provincia Iberica","date":"20 de Novembro de 2024","format":false,"excerpt":"Acompanhar \u00e9 para n\u00f3s ACOLHER a Vida, acompanhar a dos nossos jovens e ajud\u00e1-los a descobrir \"dentro\" o seu prop\u00f3sito. Acompanhar n\u00e3o \u00e9 dirigir, fazer terapia...","rel":"","context":"In &quot;Desarrollo integral&quot;","block_context":{"text":"Desarrollo integral","link":"https:\/\/pastoralrmi.com\/pt\/category\/fluir\/desarrollo-integral\/"},"img":{"alt_text":"violet blooming flower","src":"https:\/\/i0.wp.com\/pastoralrmi.com\/wp-content\/uploads\/2024\/11\/pexels-photo-17300522.jpeg?fit=800%2C1200&ssl=1&resize=350%2C200","width":350,"height":200,"srcset":"https:\/\/i0.wp.com\/pastoralrmi.com\/wp-content\/uploads\/2024\/11\/pexels-photo-17300522.jpeg?fit=800%2C1200&ssl=1&resize=350%2C200 1x, https:\/\/i0.wp.com\/pastoralrmi.com\/wp-content\/uploads\/2024\/11\/pexels-photo-17300522.jpeg?fit=800%2C1200&ssl=1&resize=525%2C300 1.5x, https:\/\/i0.wp.com\/pastoralrmi.com\/wp-content\/uploads\/2024\/11\/pexels-photo-17300522.jpeg?fit=800%2C1200&ssl=1&resize=700%2C400 2x"},"classes":[]},{"id":4055,"url":"https:\/\/pastoralrmi.com\/pt\/nuestras-emociones-son-camino\/","url_meta":{"origin":3042,"position":4},"title":"As nossas emo\u00e7\u00f5es s\u00e3o caminho","author":"Blog de pastoral Provincia Iberica","date":"9 de Abril de 2025","format":false,"excerpt":"Las emociones est\u00e1n interrelacionadas con nuestra identidad, nos ayudan a transcender, nos mueven a hacia preguntas vitales, nos ofrecen la posibilidad de unir lo corp\u00f3reo, la psique y lo espiritual.\u00a0","rel":"","context":"In &quot;Desarrollo integral&quot;","block_context":{"text":"Desarrollo integral","link":"https:\/\/pastoralrmi.com\/pt\/category\/fluir\/desarrollo-integral\/"},"img":{"alt_text":"person stands on brown pathway","src":"https:\/\/i0.wp.com\/pastoralrmi.com\/wp-content\/uploads\/2025\/04\/pexels-photo-631986.jpeg?fit=1200%2C799&ssl=1&resize=350%2C200","width":350,"height":200,"srcset":"https:\/\/i0.wp.com\/pastoralrmi.com\/wp-content\/uploads\/2025\/04\/pexels-photo-631986.jpeg?fit=1200%2C799&ssl=1&resize=350%2C200 1x, https:\/\/i0.wp.com\/pastoralrmi.com\/wp-content\/uploads\/2025\/04\/pexels-photo-631986.jpeg?fit=1200%2C799&ssl=1&resize=525%2C300 1.5x, https:\/\/i0.wp.com\/pastoralrmi.com\/wp-content\/uploads\/2025\/04\/pexels-photo-631986.jpeg?fit=1200%2C799&ssl=1&resize=700%2C400 2x, https:\/\/i0.wp.com\/pastoralrmi.com\/wp-content\/uploads\/2025\/04\/pexels-photo-631986.jpeg?fit=1200%2C799&ssl=1&resize=1050%2C600 3x"},"classes":[]},{"id":2638,"url":"https:\/\/pastoralrmi.com\/pt\/el-si-de-maria-es-nuestro-si\/","url_meta":{"origin":3042,"position":5},"title":"O Sim de Maria \u00e9 o nosso Sim","author":"Blog de pastoral Provincia Iberica","date":"4 de Dezembro de 2024","format":false,"excerpt":"Una invitaci\u00f3n a ser y vivir Celebrar a Mar\u00eda Inmaculada es una invitaci\u00f3n a \u201cser y vivir\u201d como Mar\u00eda para \u201cser y vivir\u201d en Dios. Desde su S\u00cd, Mar\u00eda lo habitaba todo. El S\u00cd de Mar\u00eda no era solo una ventana al pozo interior desde el que beb\u00eda su alma\u2026","rel":"","context":"In &quot;Destellos de vida cotidiana&quot;","block_context":{"text":"Destellos de vida cotidiana","link":"https:\/\/pastoralrmi.com\/pt\/category\/fluir\/destellos-de-vida-cotidiana\/"},"img":{"alt_text":"woman in white crew neck shirt","src":"https:\/\/i0.wp.com\/pastoralrmi.com\/wp-content\/uploads\/2024\/12\/pexels-photo-1804514.jpeg?fit=1200%2C800&ssl=1&resize=350%2C200","width":350,"height":200,"srcset":"https:\/\/i0.wp.com\/pastoralrmi.com\/wp-content\/uploads\/2024\/12\/pexels-photo-1804514.jpeg?fit=1200%2C800&ssl=1&resize=350%2C200 1x, https:\/\/i0.wp.com\/pastoralrmi.com\/wp-content\/uploads\/2024\/12\/pexels-photo-1804514.jpeg?fit=1200%2C800&ssl=1&resize=525%2C300 1.5x, https:\/\/i0.wp.com\/pastoralrmi.com\/wp-content\/uploads\/2024\/12\/pexels-photo-1804514.jpeg?fit=1200%2C800&ssl=1&resize=700%2C400 2x, https:\/\/i0.wp.com\/pastoralrmi.com\/wp-content\/uploads\/2024\/12\/pexels-photo-1804514.jpeg?fit=1200%2C800&ssl=1&resize=1050%2C600 3x"},"classes":[]}],"_links":{"self":[{"href":"https:\/\/pastoralrmi.com\/pt\/wp-json\/wp\/v2\/posts\/3042","targetHints":{"allow":["GET"]}}],"collection":[{"href":"https:\/\/pastoralrmi.com\/pt\/wp-json\/wp\/v2\/posts"}],"about":[{"href":"https:\/\/pastoralrmi.com\/pt\/wp-json\/wp\/v2\/types\/post"}],"author":[{"embeddable":true,"href":"https:\/\/pastoralrmi.com\/pt\/wp-json\/wp\/v2\/users\/246329482"}],"replies":[{"embeddable":true,"href":"https:\/\/pastoralrmi.com\/pt\/wp-json\/wp\/v2\/comments?post=3042"}],"version-history":[{"count":14,"href":"https:\/\/pastoralrmi.com\/pt\/wp-json\/wp\/v2\/posts\/3042\/revisions"}],"predecessor-version":[{"id":3068,"href":"https:\/\/pastoralrmi.com\/pt\/wp-json\/wp\/v2\/posts\/3042\/revisions\/3068"}],"wp:featuredmedia":[{"embeddable":true,"href":"https:\/\/pastoralrmi.com\/pt\/wp-json\/wp\/v2\/media\/1696"}],"wp:attachment":[{"href":"https:\/\/pastoralrmi.com\/pt\/wp-json\/wp\/v2\/media?parent=3042"}],"wp:term":[{"taxonomy":"category","embeddable":true,"href":"https:\/\/pastoralrmi.com\/pt\/wp-json\/wp\/v2\/categories?post=3042"},{"taxonomy":"post_tag","embeddable":true,"href":"https:\/\/pastoralrmi.com\/pt\/wp-json\/wp\/v2\/tags?post=3042"}],"curies":[{"name":"wp","href":"https:\/\/api.w.org\/{rel}","templated":true}]}}