{"id":3257,"date":"2025-01-29T12:00:00","date_gmt":"2025-01-29T11:00:00","guid":{"rendered":"https:\/\/pastoralrmi.com\/?p=3257"},"modified":"2025-01-26T20:12:12","modified_gmt":"2025-01-26T19:12:12","slug":"el-reto-de-educar-sobre-sexualidad","status":"publish","type":"post","link":"https:\/\/pastoralrmi.com\/pt\/el-reto-de-educar-sobre-sexualidad\/","title":{"rendered":"Educar sobre sexualidade?"},"content":{"rendered":"<p class=\"wp-block-paragraph\">Chove um dia quando <strong>uma rapariga<\/strong>, sentada na cama do seu quarto, sente que tamb\u00e9m chove dentro dela. O seu cora\u00e7\u00e3o est\u00e1 acelerado, o peito e as bochechas est\u00e3o quentes e ela n\u00e3o consegue parar de pensar no que aconteceu na noite anterior.<\/p>\n\n\n\n<h3 class=\"wp-block-heading\">Se n\u00e3o me apetecia mesmo<\/h3>\n\n\n\n<p class=\"wp-block-paragraph\">Ela \u00e9 a \u00faltima das suas amigas a ter a experi\u00eancia de beijar um rapaz, uma raridade nos dias de hoje. Puritana, \u00e9 s\u00f3 um beijinho, n\u00e3o faz mal... No fim, a press\u00e3o social levou a melhor. Por outro lado, ela tinha estado a falar com aquele rapaz toda a tarde, todas as suas amigas estavam com os seus \u201cparceiros\u201d, por isso tinha-lhe dado uma oportunidade, n\u00e3o tinha? No entanto, sente que se traiu a si pr\u00f3pria. Agora pensa: porque \u00e9 que n\u00e3o o impedi, <strong>se n\u00e3o me apetecia mesmo?<\/strong><\/p>\n\n\n\n<div class=\"wp-block-group is-content-justification-center is-nowrap is-layout-flex wp-container-core-group-is-layout-356def60 wp-block-group-is-layout-flex\">\n<h3 class=\"wp-block-heading wp-container-content-ed21fa02\">Se calhar \u00e9 assim que as coisas devem ser<\/h3>\n\n\n\n<p class=\"wp-block-paragraph\">Noutro local, <strong>um rapaz<\/strong> est\u00e1 no seu quarto, um ref\u00fagio que, desde h\u00e1 relativamente pouco tempo, tem vindo a frequentar cada vez mais. \u00c9 uma coisa de adolescente. Est\u00e1 a jogar um pouco com o telem\u00f3vel e <strong>mais uma vez, v\u00ea um daqueles v\u00eddeos um pouco picantes.<\/strong>Neste, a rapariga \u00e9 mais uma vez tratada com viol\u00eancia, n\u00e3o parece haver amor, respeito, confian\u00e7a... Ele pensa que talvez, na intimidade de uma rela\u00e7\u00e3o, as coisas devam ser assim.<\/p>\n<\/div>\n\n\n\n<p class=\"wp-block-paragraph\"><strong>Maria \u00e9 m\u00e3e<\/strong> de rapazes adolescentes. Ela e o marido est\u00e3o conscientes do quanto as coisas mudaram ao longo dos anos. Atualmente, h\u00e1 muito mais informa\u00e7\u00e3o. <strong>Gostariam de ter uma conversa com os filhos<\/strong>, mas n\u00e3o \u00e9 f\u00e1cil. Sentem-se envergonhados e assumem que os amigos e a escola j\u00e1 lidam com estas quest\u00f5es.<\/p>\n\n\n\n<p class=\"wp-block-paragraph\">Mas na escola, a sexualidade \u00e9 abordada do ponto de vista das DST. Falou-se de gravidez n\u00e3o desejada, de prote\u00e7\u00e3o contra doen\u00e7as sexualmente transmiss\u00edveis, mas ningu\u00e9m abordou aspectos mais interessantes e desconhecidos para eles.<\/p>\n\n\n\n<div class=\"wp-block-cover alignwide is-light is-style-default\" style=\"padding-top:var(--wp--preset--spacing--70);padding-right:var(--wp--preset--spacing--50);padding-bottom:var(--wp--preset--spacing--70);padding-left:var(--wp--preset--spacing--50)\"><span aria-hidden=\"true\" class=\"wp-block-cover__background has-background-dim\" style=\"background-color:#a6968a\"><\/span><img data-recalc-dims=\"1\" loading=\"lazy\" decoding=\"async\" width=\"1880\" height=\"1253\" src=\"https:\/\/i0.wp.com\/pastoralrmi.com\/wp-content\/uploads\/2025\/01\/pexels-photo-2001102.jpeg?resize=1880%2C1253&#038;ssl=1\" class=\"wp-block-cover__image-background wp-post-image\" alt=\"person holding flower\" data-object-fit=\"cover\" srcset=\"https:\/\/i0.wp.com\/pastoralrmi.com\/wp-content\/uploads\/2025\/01\/pexels-photo-2001102.jpeg?w=1880&amp;ssl=1 1880w, https:\/\/i0.wp.com\/pastoralrmi.com\/wp-content\/uploads\/2025\/01\/pexels-photo-2001102.jpeg?resize=300%2C200&amp;ssl=1 300w, https:\/\/i0.wp.com\/pastoralrmi.com\/wp-content\/uploads\/2025\/01\/pexels-photo-2001102.jpeg?resize=1024%2C682&amp;ssl=1 1024w, https:\/\/i0.wp.com\/pastoralrmi.com\/wp-content\/uploads\/2025\/01\/pexels-photo-2001102.jpeg?resize=150%2C100&amp;ssl=1 150w, https:\/\/i0.wp.com\/pastoralrmi.com\/wp-content\/uploads\/2025\/01\/pexels-photo-2001102.jpeg?resize=768%2C512&amp;ssl=1 768w, https:\/\/i0.wp.com\/pastoralrmi.com\/wp-content\/uploads\/2025\/01\/pexels-photo-2001102.jpeg?resize=1536%2C1024&amp;ssl=1 1536w, https:\/\/i0.wp.com\/pastoralrmi.com\/wp-content\/uploads\/2025\/01\/pexels-photo-2001102.jpeg?resize=18%2C12&amp;ssl=1 18w, https:\/\/i0.wp.com\/pastoralrmi.com\/wp-content\/uploads\/2025\/01\/pexels-photo-2001102.jpeg?resize=1200%2C800&amp;ssl=1 1200w\" sizes=\"auto, (max-width: 1000px) 100vw, 1000px\" data-attachment-id=\"3271\" data-permalink=\"https:\/\/pastoralrmi.com\/pt\/el-reto-de-educar-sobre-sexualidad\/pexels-photo-2001102\/\" data-orig-file=\"https:\/\/i0.wp.com\/pastoralrmi.com\/wp-content\/uploads\/2025\/01\/pexels-photo-2001102.jpeg?fit=1880%2C1253&amp;ssl=1\" data-orig-size=\"1880,1253\" data-comments-opened=\"1\" data-image-meta=\"{&quot;aperture&quot;:&quot;0&quot;,&quot;credit&quot;:&quot;&quot;,&quot;camera&quot;:&quot;&quot;,&quot;caption&quot;:&quot;Photo by Loc Dang on &lt;a href=\\&quot;https:\/\/www.pexels.com\/photo\/person-holding-flower-2001102\/\\&quot; rel=\\&quot;nofollow\\&quot;&gt;Pexels.com&lt;\/a&gt;&quot;,&quot;created_timestamp&quot;:&quot;0&quot;,&quot;copyright&quot;:&quot;&quot;,&quot;focal_length&quot;:&quot;0&quot;,&quot;iso&quot;:&quot;0&quot;,&quot;shutter_speed&quot;:&quot;0&quot;,&quot;title&quot;:&quot;person holding flower&quot;,&quot;orientation&quot;:&quot;0&quot;}\" data-image-title=\"pexels-photo-2001102\" data-image-description=\"\" data-image-caption=\"&lt;p&gt;Photo by Loc Dang on &lt;a href=&quot;https:\/\/www.pexels.com\/photo\/person-holding-flower-2001102\/&quot; rel=&quot;nofollow&quot;&gt;Pexels.com&lt;\/a&gt;&lt;\/p&gt;\" data-large-file=\"https:\/\/i0.wp.com\/pastoralrmi.com\/wp-content\/uploads\/2025\/01\/pexels-photo-2001102.jpeg?fit=1024%2C682&amp;ssl=1\" \/><div class=\"wp-block-cover__inner-container is-layout-flow wp-block-cover-is-layout-flow\">\n<div style=\"height:var(--wp--preset--spacing--70)\" aria-hidden=\"true\" class=\"wp-block-spacer\"><\/div>\n\n\n\n<div class=\"wp-block-group alignwide is-style-default has-global-padding is-layout-constrained wp-container-core-group-is-layout-f721bcab wp-block-group-is-layout-constrained\" style=\"margin-top:0;margin-bottom:0;padding-top:0;padding-right:0;padding-bottom:0;padding-left:0\">\n<p class=\"has-text-align-center text-balance has-large-font-size wp-block-paragraph\">O in\u00edcio das rela\u00e7\u00f5es sexuais est\u00e1 a ser antecipado, devido ao <strong>acesso cada vez mais precoce \u00e0 internet<\/strong>, ao contexto cultural hipersexualizado em que estamos envolvidos (can\u00e7\u00f5es, an\u00fancios, programas...) e \u00e0 <strong>press\u00e3o dos pares para sermos aceites.<\/strong>.<\/p>\n<\/div>\n\n\n\n<div style=\"height:var(--wp--preset--spacing--70)\" aria-hidden=\"true\" class=\"wp-block-spacer\"><\/div>\n<\/div><\/div>\n\n\n\n<p class=\"wp-block-paragraph\">A popula\u00e7\u00e3o adolescente \u00e9 particularmente vulner\u00e1vel aos riscos relacionados com o seu comportamento sexual, uma vez que se trata de um per\u00edodo de matura\u00e7\u00e3o em que a experimenta\u00e7\u00e3o faz parte desta fase de desenvolvimento.<\/p>\n\n\n\n<h2 class=\"wp-block-heading\">A educa\u00e7\u00e3o sexual \u00e9 vital<\/h2>\n\n\n\n<p class=\"wp-block-paragraph\">N\u00e3o s\u00f3 para evitar gravidezes indesejadas ou doen\u00e7as, mas tamb\u00e9m para preparar os adolescentes psicol\u00f3gica e socialmente neste dom\u00ednio. \u00c9 necess\u00e1rio que os jovens compreendam as rela\u00e7\u00f5es afetivo-sexuais como actos que <strong>implicam responsabilidade e confian\u00e7a m\u00fatuas<\/strong>, em que as pessoas devem conhecer os seus limites e defini-los, e respeitar os da outra pessoa.<\/p>\n\n\n\n<div class=\"wp-block-group has-global-padding is-layout-constrained wp-block-group-is-layout-constrained\">\n<div class=\"wp-block-columns is-layout-flex wp-container-core-columns-is-layout-794e3cfa wp-block-columns-is-layout-flex\">\n<div class=\"wp-block-column is-layout-flow wp-block-column-is-layout-flow\">\n<div class=\"wp-block-group is-vertical is-layout-flex wp-container-core-group-is-layout-f8ca100e wp-block-group-is-layout-flex\">\n<div style=\"height:12px\" aria-hidden=\"true\" class=\"wp-block-spacer wp-container-content-cc4259ba\"><\/div>\n\n\n\n<p class=\"wp-block-paragraph\">\u00c9 neste sentido que <\/p>\n\n\n\n<h2 class=\"wp-block-heading\">a nossa congrega\u00e7\u00e3o tem um desafio importante<\/h2>\n\n\n\n<p class=\"wp-block-paragraph\">ao levar a cabo um dos seus tra\u00e7os mais carism\u00e1ticos,<strong> a preven\u00e7\u00e3o.<\/strong>.<\/p>\n<\/div>\n<\/div>\n\n\n\n<div class=\"wp-block-column is-layout-flow wp-block-column-is-layout-flow\">\n<p class=\"wp-block-paragraph\">Os jovens devem aprender sobre a sexualidade num ambiente crist\u00e3o, onde o afeto, o amor e a uni\u00e3o com os outros s\u00e3o fundamentais. <strong>Se decidirmos n\u00e3o intervir<\/strong>, por considerarmos que se trata de um tema inadequado, se continuarmos a considerar a sexualidade como um assunto tabu, os jovens ir\u00e3o procurar essa informa\u00e7\u00e3o noutras fontes, como a internet e os amigos.<\/p>\n<\/div>\n<\/div>\n<\/div>\n\n\n\n<h3 class=\"wp-block-heading\">Santa Vicenta Maria foi uma transgressora. <\/h3>\n\n\n\n<p class=\"wp-block-paragraph\">Temos de seguir o seu exemplo e dar um passo em frente. As nossas obras devem responder \u00e0s necessidades da sociedade atual.<\/p>\n\n\n\n<p class=\"has-text-align-right wp-block-paragraph\">por Olga Garc\u00eda Ben\u00edtez, <em>professora em Maria Imaculada Sevilha<\/em>.<\/p>","protected":false},"excerpt":{"rendered":"<p>Llueve un d\u00eda en el que una chica, sentada en la cama de su cuarto, siente que tambi\u00e9n llueve en su interior. Su coraz\u00f3n est\u00e1 disparado, siente calor en el pecho y mejillas y no deja de dar vueltas a lo ocurrido la tarde anterior. Si en realidad no me apetec\u00eda Es la \u00faltima de [&hellip;]<\/p>\n","protected":false},"author":246329482,"featured_media":3271,"comment_status":"open","ping_status":"open","sticky":false,"template":"","format":"standard","meta":{"_eb_attr":"","_crdt_document":"","advanced_seo_description":"","jetpack_seo_html_title":"","jetpack_seo_noindex":false,"_jetpack_newsletter_access":"","_jetpack_dont_email_post_to_subs":true,"_jetpack_newsletter_tier_id":0,"_jetpack_memberships_contains_paywalled_content":false,"_jetpack_memberships_contains_paid_content":false,"footnotes":"","jetpack_publicize_message":"","jetpack_publicize_feature_enabled":true,"jetpack_social_post_already_shared":true,"jetpack_social_options":{"image_generator_settings":{"template":"highway","enabled":false},"version":2},"_wpas_customize_per_network":false,"jetpack_post_was_ever_published":false},"categories":[771144771,772356424,1039746],"tags":[772356490,772356436,772356491,772356489,772356494,11051,772356493,772356492,772356495,772356501,772356438],"class_list":["post-3257","post","type-post","status-publish","format-standard","has-post-thumbnail","hentry","category-destellos-de-vida-cotidiana","category-entradas","category-fluir","tag-adolescentes","tag-carisma","tag-educacion-sexual","tag-educar","tag-internet","tag-jovenes","tag-necesidad-de-la-epoca","tag-prevencion","tag-redes","tag-temas-pastorales","tag-vicenta-maria"],"jetpack_publicize_connections":[],"jetpack_featured_media_url":"https:\/\/i0.wp.com\/pastoralrmi.com\/wp-content\/uploads\/2025\/01\/pexels-photo-2001102.jpeg?fit=1880%2C1253&ssl=1","jetpack_likes_enabled":true,"jetpack_sharing_enabled":true,"jetpack_shortlink":"https:\/\/wp.me\/pfvk8v-Qx","jetpack-related-posts":[{"id":6301,"url":"https:\/\/pastoralrmi.com\/pt\/el-anuncio-del-evangelio\/","url_meta":{"origin":3257,"position":0},"title":"O an\u00fancio do Evangelho","author":"Blog de pastoral Provincia Iberica","date":"5 de Novembro de 2025","format":false,"excerpt":"Como escuela cristiana, anunciamos a Jesucristo, modelo de persona en quien creemos y en quien tenemos puesta nuestra fe y esperanza. Para algunos de nuestros alumnos, este anuncio ser\u00e1 el primer encuentro con \u00c9l; otros recuperar\u00e1n un mensaje escuchado en la infancia; algunos conectar\u00e1n con la vivencia de fe de\u2026","rel":"","context":"In &quot;Centros educativos&quot;","block_context":{"text":"Centros educativos","link":"https:\/\/pastoralrmi.com\/pt\/category\/obras-apostolicas\/centros-educativos\/"},"img":{"alt_text":"astronauts walking on the sand","src":"https:\/\/i0.wp.com\/pastoralrmi.com\/wp-content\/uploads\/2025\/11\/pexels-photo-8474497.jpeg?fit=1200%2C800&ssl=1&resize=350%2C200","width":350,"height":200,"srcset":"https:\/\/i0.wp.com\/pastoralrmi.com\/wp-content\/uploads\/2025\/11\/pexels-photo-8474497.jpeg?fit=1200%2C800&ssl=1&resize=350%2C200 1x, https:\/\/i0.wp.com\/pastoralrmi.com\/wp-content\/uploads\/2025\/11\/pexels-photo-8474497.jpeg?fit=1200%2C800&ssl=1&resize=525%2C300 1.5x, https:\/\/i0.wp.com\/pastoralrmi.com\/wp-content\/uploads\/2025\/11\/pexels-photo-8474497.jpeg?fit=1200%2C800&ssl=1&resize=700%2C400 2x, https:\/\/i0.wp.com\/pastoralrmi.com\/wp-content\/uploads\/2025\/11\/pexels-photo-8474497.jpeg?fit=1200%2C800&ssl=1&resize=1050%2C600 3x"},"classes":[]},{"id":3422,"url":"https:\/\/pastoralrmi.com\/pt\/cuando-acaban-las-clases\/","url_meta":{"origin":3257,"position":1},"title":"Quando as aulas acabam","author":"Blog de pastoral Provincia Iberica","date":"19 de Fevereiro de 2025","format":false,"excerpt":"Son las dos y media y las escaleras se llenan de alumnos con sus mochilas\u2026 Todos est\u00e1n deseando cruzar la puerta del centro para salir a la calle\u2026 \u00bfHe dicho todos?\u2026 Pues no, es martes o jueves y hay algunos alumnos de los diferentes cursos, que se desmarcan de la\u2026","rel":"","context":"In &quot;Centros educativos&quot;","block_context":{"text":"Centros educativos","link":"https:\/\/pastoralrmi.com\/pt\/category\/obras-apostolicas\/centros-educativos\/"},"img":{"alt_text":"basketball hoop on court","src":"https:\/\/i0.wp.com\/pastoralrmi.com\/wp-content\/uploads\/2025\/02\/pexels-photo-680074.jpeg?fit=1200%2C800&ssl=1&resize=350%2C200","width":350,"height":200,"srcset":"https:\/\/i0.wp.com\/pastoralrmi.com\/wp-content\/uploads\/2025\/02\/pexels-photo-680074.jpeg?fit=1200%2C800&ssl=1&resize=350%2C200 1x, https:\/\/i0.wp.com\/pastoralrmi.com\/wp-content\/uploads\/2025\/02\/pexels-photo-680074.jpeg?fit=1200%2C800&ssl=1&resize=525%2C300 1.5x, https:\/\/i0.wp.com\/pastoralrmi.com\/wp-content\/uploads\/2025\/02\/pexels-photo-680074.jpeg?fit=1200%2C800&ssl=1&resize=700%2C400 2x, https:\/\/i0.wp.com\/pastoralrmi.com\/wp-content\/uploads\/2025\/02\/pexels-photo-680074.jpeg?fit=1200%2C800&ssl=1&resize=1050%2C600 3x"},"classes":[]},{"id":3996,"url":"https:\/\/pastoralrmi.com\/pt\/relaciones-toxicas\/","url_meta":{"origin":3257,"position":2},"title":"Rela\u00e7\u00f5es t\u00f3xicas","author":"Blog de pastoral Provincia Iberica","date":"31 de Mar\u00e7o de 2025","format":false,"excerpt":"Esta tutor\u00eda servir\u00e1 a trabajar el tema, concienciando, previniendo y brindando herramientas para que puedan identificar, evitar y salir de relaciones t\u00f3xicas. Adem\u00e1s ayuda a promover relaciones basadas en el respeto, la igualdad y el bienestar mutuo.","rel":"","context":"In &quot;COMPRENDER&quot;","block_context":{"text":"COMPRENDER","link":"https:\/\/pastoralrmi.com\/pt\/category\/comprender\/"},"img":{"alt_text":"glass bottles on shelf","src":"https:\/\/i0.wp.com\/pastoralrmi.com\/wp-content\/uploads\/2025\/03\/pexels-photo-1771809.jpeg?fit=1200%2C800&ssl=1&resize=350%2C200","width":350,"height":200,"srcset":"https:\/\/i0.wp.com\/pastoralrmi.com\/wp-content\/uploads\/2025\/03\/pexels-photo-1771809.jpeg?fit=1200%2C800&ssl=1&resize=350%2C200 1x, https:\/\/i0.wp.com\/pastoralrmi.com\/wp-content\/uploads\/2025\/03\/pexels-photo-1771809.jpeg?fit=1200%2C800&ssl=1&resize=525%2C300 1.5x, https:\/\/i0.wp.com\/pastoralrmi.com\/wp-content\/uploads\/2025\/03\/pexels-photo-1771809.jpeg?fit=1200%2C800&ssl=1&resize=700%2C400 2x, https:\/\/i0.wp.com\/pastoralrmi.com\/wp-content\/uploads\/2025\/03\/pexels-photo-1771809.jpeg?fit=1200%2C800&ssl=1&resize=1050%2C600 3x"},"classes":[]},{"id":1773,"url":"https:\/\/pastoralrmi.com\/pt\/conociendome-por-mis-logros\/","url_meta":{"origin":3257,"position":3},"title":"Conhecendo-me pelas minhas conquistas","author":"Blog de pastoral Provincia Iberica","date":"27 de Junho de 2024","format":false,"excerpt":"A medita\u00e7\u00e3o e as pr\u00e1ticas de silenciamento ajudam-nos a romper gradualmente essa armadura e a situarmo-nos a partir do nosso n\u00facleo saud\u00e1vel. \u00c9 dif\u00edcil porque temos de passar por toda a dor e sofrimento de que nos protegemos.\u00a0","rel":"","context":"In &quot;COMPRENDER&quot;","block_context":{"text":"COMPRENDER","link":"https:\/\/pastoralrmi.com\/pt\/category\/comprender\/"},"img":{"alt_text":"","src":"https:\/\/i0.wp.com\/pastoralrmi.com\/wp-content\/uploads\/2024\/06\/pexels-photo-3727149.jpeg?fit=1200%2C900&ssl=1&resize=350%2C200","width":350,"height":200,"srcset":"https:\/\/i0.wp.com\/pastoralrmi.com\/wp-content\/uploads\/2024\/06\/pexels-photo-3727149.jpeg?fit=1200%2C900&ssl=1&resize=350%2C200 1x, https:\/\/i0.wp.com\/pastoralrmi.com\/wp-content\/uploads\/2024\/06\/pexels-photo-3727149.jpeg?fit=1200%2C900&ssl=1&resize=525%2C300 1.5x, https:\/\/i0.wp.com\/pastoralrmi.com\/wp-content\/uploads\/2024\/06\/pexels-photo-3727149.jpeg?fit=1200%2C900&ssl=1&resize=700%2C400 2x, https:\/\/i0.wp.com\/pastoralrmi.com\/wp-content\/uploads\/2024\/06\/pexels-photo-3727149.jpeg?fit=1200%2C900&ssl=1&resize=1050%2C600 3x"},"classes":[]},{"id":3896,"url":"https:\/\/pastoralrmi.com\/pt\/centro-social-rmi-tu-casa\/","url_meta":{"origin":3257,"position":4},"title":"Centro Social RMI: a tua casa","author":"Blog de pastoral Provincia Iberica","date":"26 de Mar\u00e7o de 2025","format":false,"excerpt":"\u00bfC\u00f3mo te sentiste la primera vez que llegaste al Centro Social? Como si estuviese en mi casa. La inmigraci\u00f3n es un fen\u00f3meno que ha existido a lo largo de la historia de la humanidad. Seg\u00fan datos del Instituto Nacional de Estad\u00edstica (INE), se estima que en Espa\u00f1a hay alrededor de\u2026","rel":"","context":"In &quot;Centros Sociales&quot;","block_context":{"text":"Centros Sociales","link":"https:\/\/pastoralrmi.com\/pt\/category\/obras-apostolicas\/centros-sociales\/"},"img":{"alt_text":"people holding miniature wooden house","src":"https:\/\/i0.wp.com\/pastoralrmi.com\/wp-content\/uploads\/2025\/03\/pexels-photo-7579135.jpeg?fit=1200%2C900&ssl=1&resize=350%2C200","width":350,"height":200,"srcset":"https:\/\/i0.wp.com\/pastoralrmi.com\/wp-content\/uploads\/2025\/03\/pexels-photo-7579135.jpeg?fit=1200%2C900&ssl=1&resize=350%2C200 1x, https:\/\/i0.wp.com\/pastoralrmi.com\/wp-content\/uploads\/2025\/03\/pexels-photo-7579135.jpeg?fit=1200%2C900&ssl=1&resize=525%2C300 1.5x, https:\/\/i0.wp.com\/pastoralrmi.com\/wp-content\/uploads\/2025\/03\/pexels-photo-7579135.jpeg?fit=1200%2C900&ssl=1&resize=700%2C400 2x, https:\/\/i0.wp.com\/pastoralrmi.com\/wp-content\/uploads\/2025\/03\/pexels-photo-7579135.jpeg?fit=1200%2C900&ssl=1&resize=1050%2C600 3x"},"classes":[]},{"id":1544,"url":"https:\/\/pastoralrmi.com\/pt\/mi-lugar-seguro\/","url_meta":{"origin":3257,"position":5},"title":"Mi lugar seguro","author":"Blog de pastoral Provincia Iberica","date":"19 de Junho de 2024","format":false,"excerpt":"Ese lugar puede ser dentro de ti o fuera de ti. Puede que sea un lugar que te resulte especial dentro de tu casa; o un lugar exterior, en la naturaleza, una playa, la monta\u00f1a, \u2026ese lugar especial para ti. Puede ser un lugar actual o un lugar que habitaste\u2026","rel":"","context":"In &quot;COMPRENDER&quot;","block_context":{"text":"COMPRENDER","link":"https:\/\/pastoralrmi.com\/pt\/category\/comprender\/"},"img":{"alt_text":"","src":"https:\/\/i0.wp.com\/pastoralrmi.com\/wp-content\/uploads\/2024\/06\/pexels-photo-1631677.jpeg?fit=1200%2C800&ssl=1&resize=350%2C200","width":350,"height":200,"srcset":"https:\/\/i0.wp.com\/pastoralrmi.com\/wp-content\/uploads\/2024\/06\/pexels-photo-1631677.jpeg?fit=1200%2C800&ssl=1&resize=350%2C200 1x, https:\/\/i0.wp.com\/pastoralrmi.com\/wp-content\/uploads\/2024\/06\/pexels-photo-1631677.jpeg?fit=1200%2C800&ssl=1&resize=525%2C300 1.5x, https:\/\/i0.wp.com\/pastoralrmi.com\/wp-content\/uploads\/2024\/06\/pexels-photo-1631677.jpeg?fit=1200%2C800&ssl=1&resize=700%2C400 2x, https:\/\/i0.wp.com\/pastoralrmi.com\/wp-content\/uploads\/2024\/06\/pexels-photo-1631677.jpeg?fit=1200%2C800&ssl=1&resize=1050%2C600 3x"},"classes":[]}],"_links":{"self":[{"href":"https:\/\/pastoralrmi.com\/pt\/wp-json\/wp\/v2\/posts\/3257","targetHints":{"allow":["GET"]}}],"collection":[{"href":"https:\/\/pastoralrmi.com\/pt\/wp-json\/wp\/v2\/posts"}],"about":[{"href":"https:\/\/pastoralrmi.com\/pt\/wp-json\/wp\/v2\/types\/post"}],"author":[{"embeddable":true,"href":"https:\/\/pastoralrmi.com\/pt\/wp-json\/wp\/v2\/users\/246329482"}],"replies":[{"embeddable":true,"href":"https:\/\/pastoralrmi.com\/pt\/wp-json\/wp\/v2\/comments?post=3257"}],"version-history":[{"count":16,"href":"https:\/\/pastoralrmi.com\/pt\/wp-json\/wp\/v2\/posts\/3257\/revisions"}],"predecessor-version":[{"id":3312,"href":"https:\/\/pastoralrmi.com\/pt\/wp-json\/wp\/v2\/posts\/3257\/revisions\/3312"}],"wp:featuredmedia":[{"embeddable":true,"href":"https:\/\/pastoralrmi.com\/pt\/wp-json\/wp\/v2\/media\/3271"}],"wp:attachment":[{"href":"https:\/\/pastoralrmi.com\/pt\/wp-json\/wp\/v2\/media?parent=3257"}],"wp:term":[{"taxonomy":"category","embeddable":true,"href":"https:\/\/pastoralrmi.com\/pt\/wp-json\/wp\/v2\/categories?post=3257"},{"taxonomy":"post_tag","embeddable":true,"href":"https:\/\/pastoralrmi.com\/pt\/wp-json\/wp\/v2\/tags?post=3257"}],"curies":[{"name":"wp","href":"https:\/\/api.w.org\/{rel}","templated":true}]}}