{"id":3560,"date":"2025-02-15T11:24:32","date_gmt":"2025-02-15T10:24:32","guid":{"rendered":"https:\/\/pastoralrmi.com\/?p=3560"},"modified":"2025-02-15T11:26:11","modified_gmt":"2025-02-15T10:26:11","slug":"cuaresma-rmi-2025","status":"publish","type":"post","link":"https:\/\/pastoralrmi.com\/pt\/cuaresma-rmi-2025\/","title":{"rendered":"Quaresma RMI 2025"},"content":{"rendered":"<p class=\"has-medium-font-size wp-block-paragraph\">Uma viagem espiritual de 40 dias que nos convida a aprofundar, rezar, redirigir. Mas, o que significa realmente? <\/p>\n\n\n\n<h2 class=\"wp-block-heading\">\u00c9 um convite a regressar ao mais nuclear<\/h2>\n\n\n\n<p class=\"wp-block-paragraph\">Necesitamos <strong>encontrarnos<\/strong> con lo que realmente somos, vivirnos desde all\u00ed&#8230; el evangelio nos asegura que eso que somos es belleza, verdad y bien, puesto que tras la traves\u00eda \u00abrenacemos\u00bb. Pero hay que cruzar lo que no hemos podido en su momento \u00abdoler\u00bb. O, lo que es lo mismo, hay que acoger todas las partes de nuestra experiencia, tal y como son. En el desierto nos quedamos -nos parece, mientras lo estamos pasando- a solas con ello. Pero, en realidad, en lo profundo de cada una, de cada uno, est\u00e1 El que <strong>nos est\u00e1 continuamente llamando<\/strong> y guiando.<\/p>\n\n\n\n<div class=\"wp-block-group has-global-padding is-layout-constrained wp-block-group-is-layout-constrained\">\n<div class=\"wp-block-columns is-layout-flex wp-container-core-columns-is-layout-794e3cfa wp-block-columns-is-layout-flex\">\n<div class=\"wp-block-column is-layout-flow wp-block-column-is-layout-flow\"><\/div>\n\n\n\n<div class=\"wp-block-column is-layout-flow wp-block-column-is-layout-flow\"><\/div>\n<\/div>\n<\/div>\n\n\n\n<p class=\"wp-block-paragraph\">Para esta quaresma tens \u00e0 disposi\u00e7\u00e3o v\u00e1rios tipos de materiais: uma ora\u00e7\u00e3o para a quarta-feira de cinzas, ora\u00e7\u00f5es de \u00abbons dias\u00bb, uma via sacra e materias para as redes sociais.<\/p>\n\n\n\n<p class=\"wp-block-paragraph translation-block\">No\u00a0<em>Faz o download<\/em>\u00a0poder\u00e1s encontr\u00e1-los<strong>.<\/strong><\/p>\n\n\n\n<div style=\"height:11px\" aria-hidden=\"true\" class=\"wp-block-spacer\"><\/div>\n\n\n\n<div class=\"wp-block-group has-global-padding is-layout-constrained wp-block-group-is-layout-constrained\">\n<div class=\"wp-block-group has-background has-global-padding is-layout-constrained wp-container-core-group-is-layout-521423c2 wp-block-group-is-layout-constrained\" style=\"border-style:none;border-width:0px;border-radius:0px;background-color:#005ae01a;padding-right:0;padding-left:0\">\n<div style=\"height:22px\" aria-hidden=\"true\" class=\"wp-block-spacer\"><\/div>\n\n\n<div class=\"wp-block-jetpack-rating-star is-style-filled\" style=\"text-align:center\" itemprop=\"reviewRating\" itemscope itemtype=\"http:\/\/schema.org\/Rating\"><p><span aria-hidden=\"true\">\u2b50<\/span><span aria-hidden=\"true\">\u2b50<\/span><span aria-hidden=\"true\">\u2b50<\/span><span aria-hidden=\"true\">\u2b50<\/span><span aria-hidden=\"true\">\u2b50<\/span><\/p><span style=\"display: none;\" itemprop=\"worstRating\" content=\"0.5\"><span>\n<svg xmlns=\"http:\/\/www.w3.org\/2000\/svg\" width=\"24\" height=\"24\" viewbox=\"0 0 24 24\">\n\t<path class=\"\" fill=\"currentColor\" stroke=\"currentColor\" d=\"M12,17.3l6.2,3.7l-1.6-7L22,9.2l-7.2-0.6L12,2L9.2,8.6L2,9.2L7.5,14l-1.6,7L12,17.3z\" \/>\n<\/svg>\n<\/span>\n<span>\n<svg xmlns=\"http:\/\/www.w3.org\/2000\/svg\" width=\"24\" height=\"24\" viewbox=\"0 0 24 24\">\n\t<path class=\"\" fill=\"currentColor\" stroke=\"currentColor\" d=\"M12,17.3l6.2,3.7l-1.6-7L22,9.2l-7.2-0.6L12,2L9.2,8.6L2,9.2L7.5,14l-1.6,7L12,17.3z\" \/>\n<\/svg>\n<\/span><\/span><span style=\"display: none;\" ><span>\n<svg xmlns=\"http:\/\/www.w3.org\/2000\/svg\" width=\"24\" height=\"24\" viewbox=\"0 0 24 24\">\n\t<path class=\"\" fill=\"currentColor\" stroke=\"currentColor\" d=\"M12,17.3l6.2,3.7l-1.6-7L22,9.2l-7.2-0.6L12,2L9.2,8.6L2,9.2L7.5,14l-1.6,7L12,17.3z\" \/>\n<\/svg>\n<\/span>\n<span>\n<svg xmlns=\"http:\/\/www.w3.org\/2000\/svg\" width=\"24\" height=\"24\" viewbox=\"0 0 24 24\">\n\t<path class=\"\" fill=\"currentColor\" stroke=\"currentColor\" d=\"M12,17.3l6.2,3.7l-1.6-7L22,9.2l-7.2-0.6L12,2L9.2,8.6L2,9.2L7.5,14l-1.6,7L12,17.3z\" \/>\n<\/svg>\n<\/span><\/span><span style=\"display: none;\" ><span>\n<svg xmlns=\"http:\/\/www.w3.org\/2000\/svg\" width=\"24\" height=\"24\" viewbox=\"0 0 24 24\">\n\t<path class=\"\" fill=\"currentColor\" stroke=\"currentColor\" d=\"M12,17.3l6.2,3.7l-1.6-7L22,9.2l-7.2-0.6L12,2L9.2,8.6L2,9.2L7.5,14l-1.6,7L12,17.3z\" \/>\n<\/svg>\n<\/span>\n<span>\n<svg xmlns=\"http:\/\/www.w3.org\/2000\/svg\" width=\"24\" height=\"24\" viewbox=\"0 0 24 24\">\n\t<path class=\"\" fill=\"currentColor\" stroke=\"currentColor\" d=\"M12,17.3l6.2,3.7l-1.6-7L22,9.2l-7.2-0.6L12,2L9.2,8.6L2,9.2L7.5,14l-1.6,7L12,17.3z\" \/>\n<\/svg>\n<\/span><\/span><span style=\"display: none;\" ><span>\n<svg xmlns=\"http:\/\/www.w3.org\/2000\/svg\" width=\"24\" height=\"24\" viewbox=\"0 0 24 24\">\n\t<path class=\"\" fill=\"currentColor\" stroke=\"currentColor\" d=\"M12,17.3l6.2,3.7l-1.6-7L22,9.2l-7.2-0.6L12,2L9.2,8.6L2,9.2L7.5,14l-1.6,7L12,17.3z\" \/>\n<\/svg>\n<\/span>\n<span>\n<svg xmlns=\"http:\/\/www.w3.org\/2000\/svg\" width=\"24\" height=\"24\" viewbox=\"0 0 24 24\">\n\t<path class=\"\" fill=\"currentColor\" stroke=\"currentColor\" d=\"M12,17.3l6.2,3.7l-1.6-7L22,9.2l-7.2-0.6L12,2L9.2,8.6L2,9.2L7.5,14l-1.6,7L12,17.3z\" \/>\n<\/svg>\n<\/span><\/span><span style=\"display: none;\" itemprop=\"bestRating\" content=\"5\"><span>\n<svg xmlns=\"http:\/\/www.w3.org\/2000\/svg\" width=\"24\" height=\"24\" viewbox=\"0 0 24 24\">\n\t<path class=\"\" fill=\"currentColor\" stroke=\"currentColor\" d=\"M12,17.3l6.2,3.7l-1.6-7L22,9.2l-7.2-0.6L12,2L9.2,8.6L2,9.2L7.5,14l-1.6,7L12,17.3z\" \/>\n<\/svg>\n<\/span>\n<span>\n<svg xmlns=\"http:\/\/www.w3.org\/2000\/svg\" width=\"24\" height=\"24\" viewbox=\"0 0 24 24\">\n\t<path class=\"\" fill=\"currentColor\" stroke=\"currentColor\" d=\"M12,17.3l6.2,3.7l-1.6-7L22,9.2l-7.2-0.6L12,2L9.2,8.6L2,9.2L7.5,14l-1.6,7L12,17.3z\" \/>\n<\/svg>\n<\/span><\/span><span itemprop=\"ratingValue\" class=\"screen-reader-text\" content=\"5\">Rating: 5 out of 5.<\/span><\/div>\n\n\n<p class=\"has-text-align-center has-small-font-size wp-block-paragraph translation-block\">Faz o download dos materiais de <strong> Quaresma RMI 2025 <\/strong>:<\/p>\n\n\n\n<div class=\"wp-block-group has-global-padding is-layout-constrained wp-block-group-is-layout-constrained\">\n<div class=\"wp-block-columns is-layout-flex wp-container-core-columns-is-layout-794e3cfa wp-block-columns-is-layout-flex\">\n<div class=\"wp-block-column is-layout-flow wp-block-column-is-layout-flow\">\n<div class=\"wp-block-buttons is-content-justification-center is-layout-flex wp-container-core-buttons-is-layout-4227f4ff wp-block-buttons-is-layout-flex\" style=\"padding-top:0;padding-right:var(--wp--preset--spacing--70);padding-bottom:0;padding-left:var(--wp--preset--spacing--70)\">\n<div class=\"wp-block-button\"><a class=\"wp-block-button__link wp-element-button\" href=\"https:\/\/drive.google.com\/drive\/folders\/1Cr7GCtuinGGCT9xrIhlTpsDNbShcBKuE?usp=drive_link\">quarta-feira de cinzas<\/a><\/div>\n\n\n\n<div class=\"wp-block-button\"><a class=\"wp-block-button__link wp-element-button\" href=\"https:\/\/drive.google.com\/drive\/folders\/1Tc6m3_gLYjeT2-WRo6DrJGt6BBMKYKvn?usp=drive_link\">bons dias<\/a><\/div>\n\n\n\n<div class=\"wp-block-button\"><a class=\"wp-block-button__link wp-element-button\" href=\"https:\/\/drive.google.com\/drive\/folders\/1_QBmqWWTN1L8QUt4-Fk-Gtmb0jZj3g9t?usp=drive_link\">via sacra<\/a><\/div>\n\n\n\n<div class=\"wp-block-button\"><a class=\"wp-block-button__link wp-element-button\" href=\"https:\/\/drive.google.com\/drive\/folders\/1bXNPyharCkWDiwvgoNPF2xyYkDQzoC_Y?usp=drive_link\">redes sociais<\/a><\/div>\n<\/div>\n<\/div>\n<\/div>\n<\/div>\n\n\n\n<div style=\"height:32px\" aria-hidden=\"true\" class=\"wp-block-spacer\"><\/div>\n<\/div>\n<\/div>\n\n\n\n<div style=\"height:100px\" aria-hidden=\"true\" class=\"wp-block-spacer\"><\/div>","protected":false},"excerpt":{"rendered":"<p>Un viaje espiritual de 40 d\u00edas en el que se nos invita a profundizar, rezar, redirigir. Pero \u00bfqu\u00e9 significa realmente? Es una invitaci\u00f3n a regresar a lo nuclear Necesitamos encontrarnos con lo que realmente somos, vivirnos desde all\u00ed&#8230; el evangelio nos asegura que eso que somos es belleza, verdad y bien, puesto que tras la [&hellip;]<\/p>\n","protected":false},"author":246329482,"featured_media":3565,"comment_status":"open","ping_status":"open","sticky":false,"template":"","format":"standard","meta":{"_eb_attr":"","_crdt_document":"","advanced_seo_description":"","jetpack_seo_html_title":"","jetpack_seo_noindex":false,"_jetpack_newsletter_access":"","_jetpack_dont_email_post_to_subs":true,"_jetpack_newsletter_tier_id":0,"_jetpack_memberships_contains_paywalled_content":false,"_jetpack_memberships_contains_paid_content":false,"footnotes":"","jetpack_publicize_message":"","jetpack_publicize_feature_enabled":true,"jetpack_social_post_already_shared":true,"jetpack_social_options":{"image_generator_settings":{"template":"highway","enabled":false},"version":2},"_wpas_customize_per_network":false,"jetpack_post_was_ever_published":false},"categories":[419135,772356369,772356208,13076062],"tags":[772356513,772356457,760902,8329,772356516,772356444,772356432,772356515,772356508,772356514],"class_list":["post-3560","post","type-post","status-publish","format-standard","has-post-thumbnail","hentry","category-comprender","category-cuaresma","category-oraciones-retiros","category-tiempos-liturgicos","tag-buenos-dias","tag-camino","tag-cuaresma","tag-jesus","tag-miercoles-de-ceniza","tag-oracion","tag-recursos","tag-rrss","tag-tiempo","tag-via-crucis"],"jetpack_publicize_connections":[],"jetpack_featured_media_url":"https:\/\/i0.wp.com\/pastoralrmi.com\/wp-content\/uploads\/2025\/02\/pexels-photo-59513.jpeg?fit=1880%2C1253&ssl=1","jetpack_likes_enabled":true,"jetpack_sharing_enabled":true,"jetpack_shortlink":"https:\/\/wp.me\/pfvk8v-Vq","jetpack-related-posts":[{"id":6658,"url":"https:\/\/pastoralrmi.com\/pt\/cuaresma-rmi-2026\/","url_meta":{"origin":3560,"position":0},"title":"Quaresma RMI 2026","author":"Blog de pastoral Provincia Iberica","date":"12 de Fevereiro de 2026","format":false,"excerpt":"Para volver a nuestras ra\u00edces\u00a0 -a Dios, a lo mejor de nosotros mismos-\u00a0 y, en consecuencia, tambi\u00e9n a los dem\u00e1s. Un d\u00eda que no empieza con notificaciones, sino con una pregunta profunda: \u00bfCon qu\u00e9 \u2014y con qui\u00e9n\u2014 est\u00e1s realmente conectado? Es una pausa. Un aviso suave que nos recuerda que\u2026","rel":"","context":"In &quot;CUARESMA&quot;","block_context":{"text":"CUARESMA","link":"https:\/\/pastoralrmi.com\/pt\/category\/comprender\/tiempos-liturgicos\/cuaresma\/"},"img":{"alt_text":"old television","src":"https:\/\/i0.wp.com\/pastoralrmi.com\/wp-content\/uploads\/2026\/02\/pexels-photo-5197107.jpeg?fit=1200%2C800&ssl=1&resize=350%2C200","width":350,"height":200,"srcset":"https:\/\/i0.wp.com\/pastoralrmi.com\/wp-content\/uploads\/2026\/02\/pexels-photo-5197107.jpeg?fit=1200%2C800&ssl=1&resize=350%2C200 1x, https:\/\/i0.wp.com\/pastoralrmi.com\/wp-content\/uploads\/2026\/02\/pexels-photo-5197107.jpeg?fit=1200%2C800&ssl=1&resize=525%2C300 1.5x, https:\/\/i0.wp.com\/pastoralrmi.com\/wp-content\/uploads\/2026\/02\/pexels-photo-5197107.jpeg?fit=1200%2C800&ssl=1&resize=700%2C400 2x, https:\/\/i0.wp.com\/pastoralrmi.com\/wp-content\/uploads\/2026\/02\/pexels-photo-5197107.jpeg?fit=1200%2C800&ssl=1&resize=1050%2C600 3x"},"classes":[]},{"id":1707,"url":"https:\/\/pastoralrmi.com\/pt\/retiro-de-cuaresma\/","url_meta":{"origin":3560,"position":1},"title":"Retiro de Cuaresma","author":"Blog de pastoral Provincia Iberica","date":"24 de Junho de 2024","format":false,"excerpt":"Empieza el tiempo de las opciones arriesgadas, tomar decisiones v\u00e1lidas, estables y bien fundadas, desear cambiar, mejorar, superar retos. La cuaresma es tiempo de pararse, mirar, proponerse en qu\u00e9 mejorar y ponerse manos a ello, por qu\u00e9 \u201cno ard\u00eda vuestro coraz\u00f3n\u201d","rel":"","context":"In &quot;COMPRENDER&quot;","block_context":{"text":"COMPRENDER","link":"https:\/\/pastoralrmi.com\/pt\/category\/comprender\/"},"img":{"alt_text":"","src":"https:\/\/i0.wp.com\/pastoralrmi.com\/wp-content\/uploads\/2024\/06\/1.png?fit=1080%2C1080&ssl=1&resize=350%2C200","width":350,"height":200,"srcset":"https:\/\/i0.wp.com\/pastoralrmi.com\/wp-content\/uploads\/2024\/06\/1.png?fit=1080%2C1080&ssl=1&resize=350%2C200 1x, https:\/\/i0.wp.com\/pastoralrmi.com\/wp-content\/uploads\/2024\/06\/1.png?fit=1080%2C1080&ssl=1&resize=525%2C300 1.5x, https:\/\/i0.wp.com\/pastoralrmi.com\/wp-content\/uploads\/2024\/06\/1.png?fit=1080%2C1080&ssl=1&resize=700%2C400 2x, https:\/\/i0.wp.com\/pastoralrmi.com\/wp-content\/uploads\/2024\/06\/1.png?fit=1080%2C1080&ssl=1&resize=1050%2C600 3x"},"classes":[]},{"id":6683,"url":"https:\/\/pastoralrmi.com\/pt\/tips-para-el-acompanamiento-en-esta-cuaresma\/","url_meta":{"origin":3560,"position":2},"title":"Tips para el acompa\u00f1amiento en esta Cuaresma","author":"Blog de pastoral Provincia Iberica","date":"25 de Fevereiro de 2026","format":false,"excerpt":"En un mundo que exige rendimiento constante y perfecci\u00f3n inmediata, nuestra propuesta puede ser profundamente contracultural: detenerse, mirar y abrazar la propia verdad. Acompa\u00f1ar sin prisa, escuchar sin juicio y confiar en que el Esp\u00edritu ya habita en el coraz\u00f3n de cada joven. Esta Cuaresma puede ser menos ruido\u2026 y\u2026","rel":"","context":"In &quot;Centros educativos&quot;","block_context":{"text":"Centros educativos","link":"https:\/\/pastoralrmi.com\/pt\/category\/obras-apostolicas\/centros-educativos\/"},"img":{"alt_text":"two women walking near house","src":"https:\/\/i0.wp.com\/pastoralrmi.com\/wp-content\/uploads\/2026\/02\/pexels-photo-2305076.jpeg?fit=1200%2C805&ssl=1&resize=350%2C200","width":350,"height":200,"srcset":"https:\/\/i0.wp.com\/pastoralrmi.com\/wp-content\/uploads\/2026\/02\/pexels-photo-2305076.jpeg?fit=1200%2C805&ssl=1&resize=350%2C200 1x, https:\/\/i0.wp.com\/pastoralrmi.com\/wp-content\/uploads\/2026\/02\/pexels-photo-2305076.jpeg?fit=1200%2C805&ssl=1&resize=525%2C300 1.5x, https:\/\/i0.wp.com\/pastoralrmi.com\/wp-content\/uploads\/2026\/02\/pexels-photo-2305076.jpeg?fit=1200%2C805&ssl=1&resize=700%2C400 2x, https:\/\/i0.wp.com\/pastoralrmi.com\/wp-content\/uploads\/2026\/02\/pexels-photo-2305076.jpeg?fit=1200%2C805&ssl=1&resize=1050%2C600 3x"},"classes":[]},{"id":3112,"url":"https:\/\/pastoralrmi.com\/pt\/buscamos-el-sentido-profundo-de-lo-domestico\/","url_meta":{"origin":3560,"position":3},"title":"Procuramos o significado profundo de \"dom\u00e9stico\"","author":"Blog de pastoral Provincia Iberica","date":"5 de Mar\u00e7o de 2025","format":false,"excerpt":"La segunda carta a los Corintios en su conjunto, cuyo extracto leemos hoy, mi\u00e9rcoles de ceniza, nos puede ayudar a la hora de contestar a lo sugiere el t\u00edtulo de la entrada. Veamos un poco de su contexto. Es una de las siete \u201caut\u00e9nticas\u201d de Pablo, aunque es muy probable\u2026","rel":"","context":"In &quot;COMPRENDER&quot;","block_context":{"text":"COMPRENDER","link":"https:\/\/pastoralrmi.com\/pt\/category\/comprender\/"},"img":{"alt_text":"stack of towels on rack","src":"https:\/\/i0.wp.com\/pastoralrmi.com\/wp-content\/uploads\/2025\/01\/pexels-photo-271711.webp?fit=1200%2C792&ssl=1&resize=350%2C200","width":350,"height":200,"srcset":"https:\/\/i0.wp.com\/pastoralrmi.com\/wp-content\/uploads\/2025\/01\/pexels-photo-271711.webp?fit=1200%2C792&ssl=1&resize=350%2C200 1x, https:\/\/i0.wp.com\/pastoralrmi.com\/wp-content\/uploads\/2025\/01\/pexels-photo-271711.webp?fit=1200%2C792&ssl=1&resize=525%2C300 1.5x, https:\/\/i0.wp.com\/pastoralrmi.com\/wp-content\/uploads\/2025\/01\/pexels-photo-271711.webp?fit=1200%2C792&ssl=1&resize=700%2C400 2x, https:\/\/i0.wp.com\/pastoralrmi.com\/wp-content\/uploads\/2025\/01\/pexels-photo-271711.webp?fit=1200%2C792&ssl=1&resize=1050%2C600 3x"},"classes":[]},{"id":6743,"url":"https:\/\/pastoralrmi.com\/pt\/anunciacion-rutinas-tenidas-de-amor\/","url_meta":{"origin":3560,"position":4},"title":"Anunciaci\u00f3n: rutinas te\u00f1idas de amor","author":"Blog de pastoral Provincia Iberica","date":"25 de Mar\u00e7o de 2026","format":false,"excerpt":"Hablar de rutina hoy en d\u00eda parece algo aburrido. La vida parece que debe ser fren\u00e9tica, nos impulsa a \u201csentir algo\u201d en todo momento. Las redes sociales son una buena muestra de ello, cuando pasamos cada 30 segundos de v\u00eddeo en v\u00eddeo, buscando algo que nos haga re\u00edr, emocionarnos o\u2026","rel":"","context":"In &quot;Centros educativos&quot;","block_context":{"text":"Centros educativos","link":"https:\/\/pastoralrmi.com\/pt\/category\/obras-apostolicas\/centros-educativos\/"},"img":{"alt_text":"abstract blue archway against beige background","src":"https:\/\/i0.wp.com\/pastoralrmi.com\/wp-content\/uploads\/2026\/03\/pexels-photo-32207995.jpeg?fit=1200%2C800&ssl=1&resize=350%2C200","width":350,"height":200,"srcset":"https:\/\/i0.wp.com\/pastoralrmi.com\/wp-content\/uploads\/2026\/03\/pexels-photo-32207995.jpeg?fit=1200%2C800&ssl=1&resize=350%2C200 1x, https:\/\/i0.wp.com\/pastoralrmi.com\/wp-content\/uploads\/2026\/03\/pexels-photo-32207995.jpeg?fit=1200%2C800&ssl=1&resize=525%2C300 1.5x, https:\/\/i0.wp.com\/pastoralrmi.com\/wp-content\/uploads\/2026\/03\/pexels-photo-32207995.jpeg?fit=1200%2C800&ssl=1&resize=700%2C400 2x, https:\/\/i0.wp.com\/pastoralrmi.com\/wp-content\/uploads\/2026\/03\/pexels-photo-32207995.jpeg?fit=1200%2C800&ssl=1&resize=1050%2C600 3x"},"classes":[]},{"id":3806,"url":"https:\/\/pastoralrmi.com\/pt\/tus-palabras-son-herramientas\/","url_meta":{"origin":3560,"position":5},"title":"As tuas palavras s\u00e3o ferramentas","author":"Blog de pastoral Provincia Iberica","date":"19 de Mar\u00e7o de 2025","format":false,"excerpt":"Nuestras palabras son herramientas de sanaci\u00f3n y creaci\u00f3n. Cada palabra tiene la capacidad de destruir o construir. Parece ser que Jes\u00fas fue muy consciente de ello. La palabra destruye cuando no est\u00e1 alineada con lo que realmente somos. Construye cuando utilizamos nuestras palabras desde ese espacio en donde nos encontramos\u2026","rel":"","context":"In &quot;CUARESMA&quot;","block_context":{"text":"CUARESMA","link":"https:\/\/pastoralrmi.com\/pt\/category\/comprender\/tiempos-liturgicos\/cuaresma\/"},"img":{"alt_text":"five assorted balloons","src":"https:\/\/i0.wp.com\/pastoralrmi.com\/wp-content\/uploads\/2025\/03\/pexels-photo-772478.jpeg?fit=1200%2C1200&ssl=1&resize=350%2C200","width":350,"height":200,"srcset":"https:\/\/i0.wp.com\/pastoralrmi.com\/wp-content\/uploads\/2025\/03\/pexels-photo-772478.jpeg?fit=1200%2C1200&ssl=1&resize=350%2C200 1x, https:\/\/i0.wp.com\/pastoralrmi.com\/wp-content\/uploads\/2025\/03\/pexels-photo-772478.jpeg?fit=1200%2C1200&ssl=1&resize=525%2C300 1.5x, https:\/\/i0.wp.com\/pastoralrmi.com\/wp-content\/uploads\/2025\/03\/pexels-photo-772478.jpeg?fit=1200%2C1200&ssl=1&resize=700%2C400 2x, https:\/\/i0.wp.com\/pastoralrmi.com\/wp-content\/uploads\/2025\/03\/pexels-photo-772478.jpeg?fit=1200%2C1200&ssl=1&resize=1050%2C600 3x"},"classes":[]}],"_links":{"self":[{"href":"https:\/\/pastoralrmi.com\/pt\/wp-json\/wp\/v2\/posts\/3560","targetHints":{"allow":["GET"]}}],"collection":[{"href":"https:\/\/pastoralrmi.com\/pt\/wp-json\/wp\/v2\/posts"}],"about":[{"href":"https:\/\/pastoralrmi.com\/pt\/wp-json\/wp\/v2\/types\/post"}],"author":[{"embeddable":true,"href":"https:\/\/pastoralrmi.com\/pt\/wp-json\/wp\/v2\/users\/246329482"}],"replies":[{"embeddable":true,"href":"https:\/\/pastoralrmi.com\/pt\/wp-json\/wp\/v2\/comments?post=3560"}],"version-history":[{"count":27,"href":"https:\/\/pastoralrmi.com\/pt\/wp-json\/wp\/v2\/posts\/3560\/revisions"}],"predecessor-version":[{"id":3602,"href":"https:\/\/pastoralrmi.com\/pt\/wp-json\/wp\/v2\/posts\/3560\/revisions\/3602"}],"wp:featuredmedia":[{"embeddable":true,"href":"https:\/\/pastoralrmi.com\/pt\/wp-json\/wp\/v2\/media\/3565"}],"wp:attachment":[{"href":"https:\/\/pastoralrmi.com\/pt\/wp-json\/wp\/v2\/media?parent=3560"}],"wp:term":[{"taxonomy":"category","embeddable":true,"href":"https:\/\/pastoralrmi.com\/pt\/wp-json\/wp\/v2\/categories?post=3560"},{"taxonomy":"post_tag","embeddable":true,"href":"https:\/\/pastoralrmi.com\/pt\/wp-json\/wp\/v2\/tags?post=3560"}],"curies":[{"name":"wp","href":"https:\/\/api.w.org\/{rel}","templated":true}]}}