{"id":3775,"date":"2025-03-12T12:00:00","date_gmt":"2025-03-12T11:00:00","guid":{"rendered":"https:\/\/pastoralrmi.com\/?p=3775"},"modified":"2025-03-12T11:58:11","modified_gmt":"2025-03-12T10:58:11","slug":"la-aceptacion-un-camino-de-paz-y-amor","status":"publish","type":"post","link":"https:\/\/pastoralrmi.com\/pt\/la-aceptacion-un-camino-de-paz-y-amor\/","title":{"rendered":"A Aceita\u00e7\u00e3o: um Caminho de Paz e Amor"},"content":{"rendered":"<div class=\"wp-block-group has-global-padding is-layout-constrained wp-block-group-is-layout-constrained\">\n<figure class=\"wp-block-pullquote\"><blockquote><p><strong><em>Aquilo que n\u00e3o \u00e9s capaz de aceitar \u00e9 a \u00fanica causa do teu sofrimento<\/em><\/strong><\/p><cite><em>Gerardo Schmedling<\/em><\/cite><\/blockquote><\/figure>\n\n\n\n<p class=\"wp-block-paragraph\">Num mundo repleto de mudan\u00e7as e desafios, onde a cr\u00edtica e o julgamento parecem ser a norma, aprender a aceitar o que n\u00e3o podemos controlar, os outros e a n\u00f3s pr\u00f3prios tal como somos torna-se uma poderosa ferramenta para alcan\u00e7ar a paz interior, o bem-estar emocional e transformar as nossas rela\u00e7\u00f5es e a nossa vida pessoal. \u00c9, sem d\u00favida, um ato de amor profundo e transformador.<\/p>\n\n\n\n<h2 class=\"wp-block-heading\">A aceita\u00e7\u00e3o n\u00e3o significa resigna\u00e7\u00e3o, conformismo ou passividade.<\/h2>\n\n\n\n<p class=\"wp-block-paragraph translation-block\">N\u00e3o se trata de fechar os olhos \u00e0s dificuldades ou de ignorar as diferen\u00e7as. Pelo contr\u00e1rio, aceitar <strong>implica uma profunda compreens\u00e3o da realidade<\/strong> tal como \u00e9, com as suas luzes e sombras, e entender que as nossas rea\u00e7\u00f5es ao que nos acontece s\u00e3o a \u00fanica coisa que realmente podemos controlar. Na aceita\u00e7\u00e3o da realidade, encontramos uma paz profunda que transcende as circunst\u00e2ncias externas e nos ajuda a viver com gratid\u00e3o, mesmo em tempos dif\u00edceis.<\/p>\n\n\n\n<div class=\"wp-block-columns is-layout-flex wp-container-core-columns-is-layout-794e3cfa wp-block-columns-is-layout-flex\">\n<div class=\"wp-block-column is-layout-flow wp-container-core-column-is-layout-835debf9 wp-block-column-is-layout-flow\" style=\"flex-basis:66.66%\">\n<p class=\"wp-block-paragraph\">Quando aceitamos uma pessoa, com as suas virtudes e defeitos, estamos a oferecer-lhe um enorme presente:<\/p>\n\n\n\n<h4 class=\"wp-block-heading\">O direito de ser quem \u00e9<\/h4>\n\n\n\n<p class=\"wp-block-paragraph translation-block\">Estamos a dizer-lhe que o seu valor <strong>n\u00e3o depende<\/strong> do seu comportamento ou <strong>da sua capacidade para cumprir com as nossas expectativas<\/strong>, e que tamb\u00e9m n\u00e3o procuramos uma mudan\u00e7a nela. Escolhemos v\u00ea-la desde uma perspetiva de amor incondicional, que celebra a sua autenticidade, que fomenta a confian\u00e7a, a intimidade. Tendo presente que todos somos seres humanos em cont\u00ednua evolu\u00e7\u00e3o, poderemos criar espa\u00e7os seguros onde cultivemos a empatia, a compaix\u00e3o e as pessoas se sintam livres para se mostrar tal como s\u00e3o, sem m\u00e1scaras.<br><\/p>\n<\/div>\n\n\n\n<div class=\"wp-block-column is-layout-flow wp-block-column-is-layout-flow\" style=\"flex-basis:33.33%\">\n<figure class=\"wp-block-image size-full\"><img data-recalc-dims=\"1\" loading=\"lazy\" decoding=\"async\" width=\"867\" height=\"1300\" data-attachment-id=\"3783\" data-permalink=\"https:\/\/pastoralrmi.com\/pt\/la-aceptacion-un-camino-de-paz-y-amor\/pexels-photo-933871\/\" data-orig-file=\"https:\/\/i0.wp.com\/pastoralrmi.com\/wp-content\/uploads\/2025\/03\/pexels-photo-933871.jpeg?fit=867%2C1300&amp;ssl=1\" data-orig-size=\"867,1300\" data-comments-opened=\"1\" data-image-meta=\"{&quot;aperture&quot;:&quot;0&quot;,&quot;credit&quot;:&quot;&quot;,&quot;camera&quot;:&quot;&quot;,&quot;caption&quot;:&quot;Photo by Mica Asato on &lt;a href=\\&quot;https:\/\/www.pexels.com\/photo\/orange-and-blue-paper-decor-and-black-string-lights-933871\/\\&quot; rel=\\&quot;nofollow\\&quot;&gt;Pexels.com&lt;\/a&gt;&quot;,&quot;created_timestamp&quot;:&quot;0&quot;,&quot;copyright&quot;:&quot;&quot;,&quot;focal_length&quot;:&quot;0&quot;,&quot;iso&quot;:&quot;0&quot;,&quot;shutter_speed&quot;:&quot;0&quot;,&quot;title&quot;:&quot;orange and blue paper decor and black string lights&quot;,&quot;orientation&quot;:&quot;0&quot;}\" data-image-title=\"pexels-photo-933871\" data-image-description=\"\" data-image-caption=\"&lt;p&gt;Photo by Mica Asato on &lt;a href=&quot;https:\/\/www.pexels.com\/photo\/orange-and-blue-paper-decor-and-black-string-lights-933871\/&quot; rel=&quot;nofollow&quot;&gt;Pexels.com&lt;\/a&gt;&lt;\/p&gt;\" data-large-file=\"https:\/\/i0.wp.com\/pastoralrmi.com\/wp-content\/uploads\/2025\/03\/pexels-photo-933871.jpeg?fit=683%2C1024&amp;ssl=1\" src=\"https:\/\/i0.wp.com\/pastoralrmi.com\/wp-content\/uploads\/2025\/03\/pexels-photo-933871.jpeg?resize=867%2C1300&#038;ssl=1\" alt=\"orange and blue paper decor and black string lights\" class=\"wp-image-3783\" style=\"aspect-ratio:9\/16;object-fit:cover\" srcset=\"https:\/\/i0.wp.com\/pastoralrmi.com\/wp-content\/uploads\/2025\/03\/pexels-photo-933871.jpeg?w=867&amp;ssl=1 867w, https:\/\/i0.wp.com\/pastoralrmi.com\/wp-content\/uploads\/2025\/03\/pexels-photo-933871.jpeg?resize=200%2C300&amp;ssl=1 200w, https:\/\/i0.wp.com\/pastoralrmi.com\/wp-content\/uploads\/2025\/03\/pexels-photo-933871.jpeg?resize=683%2C1024&amp;ssl=1 683w, https:\/\/i0.wp.com\/pastoralrmi.com\/wp-content\/uploads\/2025\/03\/pexels-photo-933871.jpeg?resize=100%2C150&amp;ssl=1 100w, https:\/\/i0.wp.com\/pastoralrmi.com\/wp-content\/uploads\/2025\/03\/pexels-photo-933871.jpeg?resize=768%2C1152&amp;ssl=1 768w, https:\/\/i0.wp.com\/pastoralrmi.com\/wp-content\/uploads\/2025\/03\/pexels-photo-933871.jpeg?resize=8%2C12&amp;ssl=1 8w\" sizes=\"auto, (max-width: 867px) 100vw, 867px\" \/><\/figure>\n<\/div>\n<\/div>\n<\/div>\n\n\n\n<div class=\"wp-block-group has-global-padding is-layout-constrained wp-block-group-is-layout-constrained\">\n<div class=\"wp-block-columns is-layout-flex wp-container-core-columns-is-layout-794e3cfa wp-block-columns-is-layout-flex\">\n<div class=\"wp-block-column is-layout-flow wp-block-column-is-layout-flow\" style=\"flex-basis:33.33%\"><\/div>\n\n\n\n<div class=\"wp-block-column is-layout-flow wp-block-column-is-layout-flow\" style=\"flex-basis:66.66%\">\n<p class=\"wp-block-paragraph translation-block\">No entanto, a aceita\u00e7\u00e3o n\u00e3o significa tolerar comportamentos prejudiciais ou abusivos. <strong>\u00c9 importante estabelecer limites saud\u00e1veis<\/strong> e reconhecer quando uma rela\u00e7\u00e3o n\u00e3o \u00e9 ben\u00e9fica. Aceitar algu\u00e9m n\u00e3o implica aceitar tudo o que fa\u00e7a. Trata-se de encontrar um equil\u00edbrio entre o amor e o respeito por n\u00f3s mesmos. A aceita\u00e7\u00e3o torna-se uma ferramenta que, agindo a partir do amor, nos ajuda a discernir o que \u00e9 saud\u00e1vel e o que n\u00e3o \u00e9, a transformar os obst\u00e1culos em oportunidades de desenvolvimento, a ver as experi\u00eancias, sejam boas ou m\u00e1s, como aprendizagens ou li\u00e7\u00f5es que nos orientam no nosso caminho.<br><\/p>\n<\/div>\n<\/div>\n\n\n\n<h2 class=\"wp-block-heading\">A aceita\u00e7\u00e3o tamb\u00e9m \u00e9 fundamental na nossa rela\u00e7\u00e3o connosco mesmos.<\/h2>\n\n\n\n<p class=\"wp-block-paragraph translation-block\">Com frequ\u00eancia, somos os nossos cr\u00edticos mais severos. Julgamo-nos pelos nossos erros, pelas nossas inseguran\u00e7as e por n\u00e3o cumprirmos os padr\u00f5es que a sociedade nos imp\u00f5e. No entanto, quando aprendemos a aceitar-nos, come\u00e7amos a libertar-nos dessa carga. A aceita\u00e7\u00e3o pessoal permite-nos <strong>acolher as nossas imperfei\u00e7\u00f5es<\/strong> e v\u00ea-las como parte da nossa jornada.<\/p>\n\n\n\n<p class=\"wp-block-paragraph translation-block\">Nestes tempos em que somos empurrados para a divis\u00e3o, a imediatez, a resist\u00eancia ou a luta, surge a aceita\u00e7\u00e3o como um <strong>convite \u00e0 serenidade<\/strong>, \u00e0 humildade e \u00e0 conex\u00e3o com a ess\u00eancia das pessoas, abra\u00e7ando a diversidade das nossas rela\u00e7\u00f5es humanas, para al\u00e9m das apar\u00eancias e expectativas.<\/p>\n\n\n\n<div class=\"wp-block-cover\"><span aria-hidden=\"true\" class=\"wp-block-cover__background has-background-dim\" style=\"background-color:#985568\"><\/span><img data-recalc-dims=\"1\" loading=\"lazy\" decoding=\"async\" width=\"1880\" height=\"1253\" src=\"https:\/\/i0.wp.com\/pastoralrmi.com\/wp-content\/uploads\/2025\/03\/pexels-photo-904276.jpeg?resize=1880%2C1253&#038;ssl=1\" class=\"wp-block-cover__image-background wp-post-image\" alt=\"closeup photo of man close eyes and mouth\" data-object-fit=\"cover\" srcset=\"https:\/\/i0.wp.com\/pastoralrmi.com\/wp-content\/uploads\/2025\/03\/pexels-photo-904276.jpeg?w=1880&amp;ssl=1 1880w, https:\/\/i0.wp.com\/pastoralrmi.com\/wp-content\/uploads\/2025\/03\/pexels-photo-904276.jpeg?resize=300%2C200&amp;ssl=1 300w, https:\/\/i0.wp.com\/pastoralrmi.com\/wp-content\/uploads\/2025\/03\/pexels-photo-904276.jpeg?resize=1024%2C682&amp;ssl=1 1024w, https:\/\/i0.wp.com\/pastoralrmi.com\/wp-content\/uploads\/2025\/03\/pexels-photo-904276.jpeg?resize=150%2C100&amp;ssl=1 150w, https:\/\/i0.wp.com\/pastoralrmi.com\/wp-content\/uploads\/2025\/03\/pexels-photo-904276.jpeg?resize=768%2C512&amp;ssl=1 768w, https:\/\/i0.wp.com\/pastoralrmi.com\/wp-content\/uploads\/2025\/03\/pexels-photo-904276.jpeg?resize=1536%2C1024&amp;ssl=1 1536w, https:\/\/i0.wp.com\/pastoralrmi.com\/wp-content\/uploads\/2025\/03\/pexels-photo-904276.jpeg?resize=18%2C12&amp;ssl=1 18w, https:\/\/i0.wp.com\/pastoralrmi.com\/wp-content\/uploads\/2025\/03\/pexels-photo-904276.jpeg?resize=1200%2C800&amp;ssl=1 1200w\" sizes=\"auto, (max-width: 1000px) 100vw, 1000px\" data-attachment-id=\"3784\" data-permalink=\"https:\/\/pastoralrmi.com\/pt\/la-aceptacion-un-camino-de-paz-y-amor\/pexels-photo-904276\/\" data-orig-file=\"https:\/\/i0.wp.com\/pastoralrmi.com\/wp-content\/uploads\/2025\/03\/pexels-photo-904276.jpeg?fit=1880%2C1253&amp;ssl=1\" data-orig-size=\"1880,1253\" data-comments-opened=\"1\" data-image-meta=\"{&quot;aperture&quot;:&quot;0&quot;,&quot;credit&quot;:&quot;&quot;,&quot;camera&quot;:&quot;&quot;,&quot;caption&quot;:&quot;Photo by Juan Pablo Serrano on &lt;a href=\\&quot;https:\/\/www.pexels.com\/photo\/closeup-photo-of-man-close-eyes-and-mouth-904276\/\\&quot; rel=\\&quot;nofollow\\&quot;&gt;Pexels.com&lt;\/a&gt;&quot;,&quot;created_timestamp&quot;:&quot;0&quot;,&quot;copyright&quot;:&quot;&quot;,&quot;focal_length&quot;:&quot;0&quot;,&quot;iso&quot;:&quot;0&quot;,&quot;shutter_speed&quot;:&quot;0&quot;,&quot;title&quot;:&quot;closeup photo of man close eyes and mouth&quot;,&quot;orientation&quot;:&quot;0&quot;}\" data-image-title=\"pexels-photo-904276\" data-image-description=\"\" data-image-caption=\"&lt;p&gt;Photo by Juan Pablo Serrano on &lt;a href=&quot;https:\/\/www.pexels.com\/photo\/closeup-photo-of-man-close-eyes-and-mouth-904276\/&quot; rel=&quot;nofollow&quot;&gt;Pexels.com&lt;\/a&gt;&lt;\/p&gt;\" data-large-file=\"https:\/\/i0.wp.com\/pastoralrmi.com\/wp-content\/uploads\/2025\/03\/pexels-photo-904276.jpeg?fit=1024%2C682&amp;ssl=1\" \/><div class=\"wp-block-cover__inner-container has-global-padding is-layout-constrained wp-block-cover-is-layout-constrained\">\n<p class=\"has-text-align-center has-large-font-size wp-block-paragraph\">Aceitar n\u00e3o \u00e9 mais do que um ato de amor: para connosco mesmos, para com os outros e para com a nossa experi\u00eancia. Aceitar \u00e9 amar, e amar \u00e9 aceitar.<br><\/p>\n<\/div><\/div>\n\n\n\n<p class=\"has-text-align-right wp-block-paragraph\">por Borja Guevara Rodr\u00edguez, professor no <a href=\"https:\/\/www.mariainmaculadasevilla.es\/\">Mar\u00eda Inmaculada Sevilla<\/a><\/p>\n<\/div>\n\n\n\n<p class=\"wp-block-paragraph\"><\/p>","protected":false},"excerpt":{"rendered":"<p>Aquello que no eres capaz de aceptar es la \u00fanica causa de tu sufrimiento Gerardo Schmedling En un mundo lleno de cambios y desaf\u00edos, donde la cr\u00edtica y el juicio parecen ser la norma, aprender a aceptar lo que no podemos controlar, a los dem\u00e1s y a nosotros mismos como somos, se convierte en una [&hellip;]<\/p>\n","protected":false},"author":246329482,"featured_media":3784,"comment_status":"open","ping_status":"open","sticky":false,"template":"","format":"standard","meta":{"_eb_attr":"","_crdt_document":"","advanced_seo_description":"","jetpack_seo_html_title":"","jetpack_seo_noindex":false,"_jetpack_newsletter_access":"","_jetpack_dont_email_post_to_subs":true,"_jetpack_newsletter_tier_id":0,"_jetpack_memberships_contains_paywalled_content":false,"_jetpack_memberships_contains_paid_content":false,"footnotes":"","jetpack_publicize_message":"","jetpack_publicize_feature_enabled":true,"jetpack_social_post_already_shared":true,"jetpack_social_options":{"image_generator_settings":{"template":"highway","enabled":false},"version":2},"_wpas_customize_per_network":false,"jetpack_post_was_ever_published":false},"categories":[4469418,772356424,1039746],"tags":[772356528,772356485,772356457,772356532,4945521,349739531,772356371,758933446,772356529,772356531],"class_list":["post-3775","post","type-post","status-publish","format-standard","has-post-thumbnail","hentry","category-desarrollo-integral","category-entradas","category-fluir","tag-aceptacion","tag-amar","tag-camino","tag-comprension","tag-conocimiento-personal","tag-cualidades-esenciales","tag-desarrollo-integral","tag-mirada-contemplativa","tag-permiso","tag-ser"],"jetpack_publicize_connections":[],"jetpack_featured_media_url":"https:\/\/i0.wp.com\/pastoralrmi.com\/wp-content\/uploads\/2025\/03\/pexels-photo-904276.jpeg?fit=1880%2C1253&ssl=1","jetpack_likes_enabled":true,"jetpack_sharing_enabled":true,"jetpack_shortlink":"https:\/\/wp.me\/pfvk8v-YT","jetpack-related-posts":[{"id":3201,"url":"https:\/\/pastoralrmi.com\/pt\/un-reflejo-de-autoestima\/","url_meta":{"origin":3775,"position":0},"title":"Um reflexo de autoestima","author":"Blog de pastoral Provincia Iberica","date":"27 de Janeiro de 2025","format":false,"excerpt":"Amarse para amar El objetivo de esta tutor\u00eda es ayudar a los j\u00f3venes a reflexionar sobre la relaci\u00f3n que tienen consigo mismos, aprender a valorarse desde la humildad y la aceptaci\u00f3n, y descubrir c\u00f3mo este amor propio sano mejora la relaci\u00f3n con los dem\u00e1s, a la luz del amor incondicional\u2026","rel":"","context":"In &quot;COMPRENDER&quot;","block_context":{"text":"COMPRENDER","link":"https:\/\/pastoralrmi.com\/pt\/category\/comprender\/"},"img":{"alt_text":"woman in blue long sleeve shirt holding white rabbit plush toy","src":"https:\/\/i0.wp.com\/pastoralrmi.com\/wp-content\/uploads\/2025\/01\/pexels-photo-4921288.jpeg?fit=1200%2C800&ssl=1&resize=350%2C200","width":350,"height":200,"srcset":"https:\/\/i0.wp.com\/pastoralrmi.com\/wp-content\/uploads\/2025\/01\/pexels-photo-4921288.jpeg?fit=1200%2C800&ssl=1&resize=350%2C200 1x, https:\/\/i0.wp.com\/pastoralrmi.com\/wp-content\/uploads\/2025\/01\/pexels-photo-4921288.jpeg?fit=1200%2C800&ssl=1&resize=525%2C300 1.5x, https:\/\/i0.wp.com\/pastoralrmi.com\/wp-content\/uploads\/2025\/01\/pexels-photo-4921288.jpeg?fit=1200%2C800&ssl=1&resize=700%2C400 2x, https:\/\/i0.wp.com\/pastoralrmi.com\/wp-content\/uploads\/2025\/01\/pexels-photo-4921288.jpeg?fit=1200%2C800&ssl=1&resize=1050%2C600 3x"},"classes":[]},{"id":3123,"url":"https:\/\/pastoralrmi.com\/pt\/jesus-relacion-y-dialogo-constante\/","url_meta":{"origin":3775,"position":1},"title":"Jesus, rela\u00e7\u00e3o e di\u00e1logo constante","author":"Blog de pastoral Provincia Iberica","date":"15 de Janeiro de 2025","format":false,"excerpt":"Tras su muerte, la humanidad nos segu\u00edamos preguntando qui\u00e9n era este hombre. No estaba resuelta la pregunta a\u00fan despu\u00e9s de todo. Hemos ido formulando conclusiones, fruto, por un lado de nuestras experiencias de encuentro con \u00e9l pero tambi\u00e9n de tantas e interminables discusiones. Pero por debajo de todo ello, sab\u00edamos\u2026","rel":"","context":"In &quot;Entradas&quot;","block_context":{"text":"Entradas","link":"https:\/\/pastoralrmi.com\/pt\/category\/entradas\/"},"img":{"alt_text":"grayscale photography of people","src":"https:\/\/i0.wp.com\/pastoralrmi.com\/wp-content\/uploads\/2025\/01\/pexels-photo-1245055.jpeg?fit=1200%2C800&ssl=1&resize=350%2C200","width":350,"height":200,"srcset":"https:\/\/i0.wp.com\/pastoralrmi.com\/wp-content\/uploads\/2025\/01\/pexels-photo-1245055.jpeg?fit=1200%2C800&ssl=1&resize=350%2C200 1x, https:\/\/i0.wp.com\/pastoralrmi.com\/wp-content\/uploads\/2025\/01\/pexels-photo-1245055.jpeg?fit=1200%2C800&ssl=1&resize=525%2C300 1.5x, https:\/\/i0.wp.com\/pastoralrmi.com\/wp-content\/uploads\/2025\/01\/pexels-photo-1245055.jpeg?fit=1200%2C800&ssl=1&resize=700%2C400 2x, https:\/\/i0.wp.com\/pastoralrmi.com\/wp-content\/uploads\/2025\/01\/pexels-photo-1245055.jpeg?fit=1200%2C800&ssl=1&resize=1050%2C600 3x"},"classes":[]},{"id":6335,"url":"https:\/\/pastoralrmi.com\/pt\/aceptar-la-diversidad\/","url_meta":{"origin":3775,"position":2},"title":"Aceitar a diversidade","author":"Blog de pastoral Provincia Iberica","date":"12 de Novembro de 2025","format":false,"excerpt":"A la hora de escribir estas l\u00edneas sobre la diversidad y la educaci\u00f3n inclusiva, tengo que rese\u00f1ar y poner en preaviso al lector\/a , que no ha sido el foco principal de mi trayectoria profesional, sin embargo entiendo ambos conceptos de manera transversal en mi trabajo, especialmente en el contexto\u2026","rel":"","context":"In &quot;Centros educativos&quot;","block_context":{"text":"Centros educativos","link":"https:\/\/pastoralrmi.com\/pt\/category\/obras-apostolicas\/centros-educativos\/"},"img":{"alt_text":"two men in a room","src":"https:\/\/i0.wp.com\/pastoralrmi.com\/wp-content\/uploads\/2025\/11\/pexels-photo-11373128.jpeg?fit=901%2C1200&ssl=1&resize=350%2C200","width":350,"height":200,"srcset":"https:\/\/i0.wp.com\/pastoralrmi.com\/wp-content\/uploads\/2025\/11\/pexels-photo-11373128.jpeg?fit=901%2C1200&ssl=1&resize=350%2C200 1x, https:\/\/i0.wp.com\/pastoralrmi.com\/wp-content\/uploads\/2025\/11\/pexels-photo-11373128.jpeg?fit=901%2C1200&ssl=1&resize=525%2C300 1.5x, https:\/\/i0.wp.com\/pastoralrmi.com\/wp-content\/uploads\/2025\/11\/pexels-photo-11373128.jpeg?fit=901%2C1200&ssl=1&resize=700%2C400 2x"},"classes":[]},{"id":2614,"url":"https:\/\/pastoralrmi.com\/pt\/la-amistad-y-la-empatia-desde-el-corazon-de-jesus\/","url_meta":{"origin":3775,"position":3},"title":"A amizade e a empatia a partir do cora\u00e7\u00e3o de Jesus","author":"Blog de pastoral Provincia Iberica","date":"2 de Dezembro de 2024","format":false,"excerpt":"El objetivo de esta tutor\u00eda es inspirar a los j\u00f3venes a cultivar la empat\u00eda y la amistad como reflejo del amor de Jes\u00fas, profundizando en su relaci\u00f3n consigo mismos, con los dem\u00e1s y con Dios. El amor de Dios se manifiesta en el amor que mostramos hacia los dem\u00e1s. La\u2026","rel":"","context":"In &quot;COMPRENDER&quot;","block_context":{"text":"COMPRENDER","link":"https:\/\/pastoralrmi.com\/pt\/category\/comprender\/"},"img":{"alt_text":"scrabble tiles glued to the wall","src":"https:\/\/i0.wp.com\/pastoralrmi.com\/wp-content\/uploads\/2024\/12\/pexels-photo-16760595.jpeg?fit=1200%2C797&ssl=1&resize=350%2C200","width":350,"height":200,"srcset":"https:\/\/i0.wp.com\/pastoralrmi.com\/wp-content\/uploads\/2024\/12\/pexels-photo-16760595.jpeg?fit=1200%2C797&ssl=1&resize=350%2C200 1x, https:\/\/i0.wp.com\/pastoralrmi.com\/wp-content\/uploads\/2024\/12\/pexels-photo-16760595.jpeg?fit=1200%2C797&ssl=1&resize=525%2C300 1.5x, https:\/\/i0.wp.com\/pastoralrmi.com\/wp-content\/uploads\/2024\/12\/pexels-photo-16760595.jpeg?fit=1200%2C797&ssl=1&resize=700%2C400 2x, https:\/\/i0.wp.com\/pastoralrmi.com\/wp-content\/uploads\/2024\/12\/pexels-photo-16760595.jpeg?fit=1200%2C797&ssl=1&resize=1050%2C600 3x"},"classes":[]},{"id":2373,"url":"https:\/\/pastoralrmi.com\/pt\/el-arte-de-acompanar\/","url_meta":{"origin":3775,"position":4},"title":"A arte de acompanhar","author":"Blog de pastoral Provincia Iberica","date":"20 de Novembro de 2024","format":false,"excerpt":"Acompanhar \u00e9 para n\u00f3s ACOLHER a Vida, acompanhar a dos nossos jovens e ajud\u00e1-los a descobrir \"dentro\" o seu prop\u00f3sito. Acompanhar n\u00e3o \u00e9 dirigir, fazer terapia...","rel":"","context":"In &quot;Desarrollo integral&quot;","block_context":{"text":"Desarrollo integral","link":"https:\/\/pastoralrmi.com\/pt\/category\/fluir\/desarrollo-integral\/"},"img":{"alt_text":"violet blooming flower","src":"https:\/\/i0.wp.com\/pastoralrmi.com\/wp-content\/uploads\/2024\/11\/pexels-photo-17300522.jpeg?fit=800%2C1200&ssl=1&resize=350%2C200","width":350,"height":200,"srcset":"https:\/\/i0.wp.com\/pastoralrmi.com\/wp-content\/uploads\/2024\/11\/pexels-photo-17300522.jpeg?fit=800%2C1200&ssl=1&resize=350%2C200 1x, https:\/\/i0.wp.com\/pastoralrmi.com\/wp-content\/uploads\/2024\/11\/pexels-photo-17300522.jpeg?fit=800%2C1200&ssl=1&resize=525%2C300 1.5x, https:\/\/i0.wp.com\/pastoralrmi.com\/wp-content\/uploads\/2024\/11\/pexels-photo-17300522.jpeg?fit=800%2C1200&ssl=1&resize=700%2C400 2x"},"classes":[]},{"id":3144,"url":"https:\/\/pastoralrmi.com\/pt\/el-sentido-de-la-vida-en-el-corazon-de-los-jovenes\/","url_meta":{"origin":3775,"position":5},"title":"O sentido da vida no cora\u00e7\u00e3o dos jovens","author":"Blog de pastoral Provincia Iberica","date":"22 de Janeiro de 2025","format":false,"excerpt":"\u00bfAlguna vez te has preguntado para qu\u00e9 est\u00e1s aqu\u00ed? \u00bfCu\u00e1l es el sentido de tu vida? Esta b\u00fasqueda ha sido un tema central para la humanidad, y en un mundo lleno de opciones, los j\u00f3venes buscan respuestas aut\u00e9nticas. El psiquiatra Viktor Frankl, quien vivi\u00f3 los horrores de los campos de\u2026","rel":"","context":"In &quot;Desarrollo integral&quot;","block_context":{"text":"Desarrollo integral","link":"https:\/\/pastoralrmi.com\/pt\/category\/fluir\/desarrollo-integral\/"},"img":{"alt_text":"hand touching the green moss the wall","src":"https:\/\/i0.wp.com\/pastoralrmi.com\/wp-content\/uploads\/2025\/01\/pexels-photo-8933960.webp?fit=1200%2C800&ssl=1&resize=350%2C200","width":350,"height":200,"srcset":"https:\/\/i0.wp.com\/pastoralrmi.com\/wp-content\/uploads\/2025\/01\/pexels-photo-8933960.webp?fit=1200%2C800&ssl=1&resize=350%2C200 1x, https:\/\/i0.wp.com\/pastoralrmi.com\/wp-content\/uploads\/2025\/01\/pexels-photo-8933960.webp?fit=1200%2C800&ssl=1&resize=525%2C300 1.5x, https:\/\/i0.wp.com\/pastoralrmi.com\/wp-content\/uploads\/2025\/01\/pexels-photo-8933960.webp?fit=1200%2C800&ssl=1&resize=700%2C400 2x, https:\/\/i0.wp.com\/pastoralrmi.com\/wp-content\/uploads\/2025\/01\/pexels-photo-8933960.webp?fit=1200%2C800&ssl=1&resize=1050%2C600 3x"},"classes":[]}],"_links":{"self":[{"href":"https:\/\/pastoralrmi.com\/pt\/wp-json\/wp\/v2\/posts\/3775","targetHints":{"allow":["GET"]}}],"collection":[{"href":"https:\/\/pastoralrmi.com\/pt\/wp-json\/wp\/v2\/posts"}],"about":[{"href":"https:\/\/pastoralrmi.com\/pt\/wp-json\/wp\/v2\/types\/post"}],"author":[{"embeddable":true,"href":"https:\/\/pastoralrmi.com\/pt\/wp-json\/wp\/v2\/users\/246329482"}],"replies":[{"embeddable":true,"href":"https:\/\/pastoralrmi.com\/pt\/wp-json\/wp\/v2\/comments?post=3775"}],"version-history":[{"count":8,"href":"https:\/\/pastoralrmi.com\/pt\/wp-json\/wp\/v2\/posts\/3775\/revisions"}],"predecessor-version":[{"id":3804,"href":"https:\/\/pastoralrmi.com\/pt\/wp-json\/wp\/v2\/posts\/3775\/revisions\/3804"}],"wp:featuredmedia":[{"embeddable":true,"href":"https:\/\/pastoralrmi.com\/pt\/wp-json\/wp\/v2\/media\/3784"}],"wp:attachment":[{"href":"https:\/\/pastoralrmi.com\/pt\/wp-json\/wp\/v2\/media?parent=3775"}],"wp:term":[{"taxonomy":"category","embeddable":true,"href":"https:\/\/pastoralrmi.com\/pt\/wp-json\/wp\/v2\/categories?post=3775"},{"taxonomy":"post_tag","embeddable":true,"href":"https:\/\/pastoralrmi.com\/pt\/wp-json\/wp\/v2\/tags?post=3775"}],"curies":[{"name":"wp","href":"https:\/\/api.w.org\/{rel}","templated":true}]}}