{"id":3806,"date":"2025-03-19T12:00:00","date_gmt":"2025-03-19T11:00:00","guid":{"rendered":"https:\/\/pastoralrmi.com\/?p=3806"},"modified":"2025-03-19T12:16:10","modified_gmt":"2025-03-19T11:16:10","slug":"tus-palabras-son-herramientas","status":"publish","type":"post","link":"https:\/\/pastoralrmi.com\/pt\/tus-palabras-son-herramientas\/","title":{"rendered":"As tuas palavras s\u00e3o ferramentas"},"content":{"rendered":"\n<div class=\"wp-block-group has-global-padding is-layout-constrained wp-container-core-group-is-layout-9d85c090 wp-block-group-is-layout-constrained\">\n<p class=\"wp-block-paragraph\">Nuestras palabras son herramientas de sanaci\u00f3n y creaci\u00f3n. Cada palabra tiene la capacidad de destruir o construir.<strong> Parece ser que Jes\u00fas fue muy consciente de ello<\/strong>. La palabra destruye cuando no est\u00e1 alineada con lo que realmente somos. Construye cuando utilizamos nuestras palabras desde ese espacio en donde nos encontramos verdaderamente. A nuestro entorno puede costarle procesarlo si nos vivimos de este modo. Pero es <em>lo que realmente somos<\/em> lo que ha querido Dios que estuviera en ese<\/p>\n\n\n\n<div class=\"wp-block-columns is-layout-flex wp-container-core-columns-is-layout-87724155 wp-block-columns-is-layout-flex\">\n<div class=\"wp-block-column has-global-padding is-layout-constrained wp-container-core-column-is-layout-4bb0e34c wp-block-column-is-layout-constrained\" style=\"flex-basis:35%\">\n<p class=\"wp-block-paragraph\">momento exacto<\/p>\n\n\n\n<p class=\"wp-block-paragraph\">en d\u00f3nde est\u00e1s ahora.<\/p>\n<\/div>\n\n\n\n<div class=\"wp-block-column is-vertically-aligned-center has-global-padding is-content-justification-center is-layout-constrained wp-block-column-is-layout-constrained\" style=\"flex-basis:66.66%\">\n<h6 class=\"wp-block-heading\" style=\"margin-top:0;margin-right:var(--wp--preset--spacing--40);margin-bottom:0;margin-left:var(--wp--preset--spacing--40)\">Por eso, s\u00e9 impecable con tus palabras.<\/h6>\n<\/div>\n<\/div>\n\n\n\n<div style=\"height:15px\" aria-hidden=\"true\" class=\"wp-block-spacer\"><\/div>\n\n\n\n<h3 class=\"wp-block-heading\">\u00bfCada expresi\u00f3n m\u00eda est\u00e1 alineada con mi prop\u00f3sito m\u00e1s elevado?<\/h3>\n\n\n\n<div style=\"height:74px\" aria-hidden=\"true\" class=\"wp-block-spacer\"><\/div>\n<\/div>\n\n\n\n<div class=\"wp-block-group has-global-padding is-layout-constrained wp-block-group-is-layout-constrained\">\n<p class=\"wp-block-paragraph\">El pr\u00f3ximo s\u00e1bado 22 ser\u00eda el cumplea\u00f1os de Vicenta Mar\u00eda y hoy celebramos a Jos\u00e9, el padre de Jes\u00fas. No tenemos muchos datos sobre su vida. Pero en el evangelio de Mateo, que leemos hoy, algo hay. Adem\u00e1s el texto huele tambi\u00e9n un poco a cumplea\u00f1os por lo que podr\u00edamos indagar un poco en este fil\u00f3n.<\/p>\n\n\n\n<div style=\"height:52px\" aria-hidden=\"true\" class=\"wp-block-spacer\"><\/div>\n\n\n\n<blockquote class=\"wp-block-quote is-layout-flow wp-block-quote-is-layout-flow\">\n<p class=\"has-text-align-right wp-block-paragraph\">Antes de empezar a estar juntos ellos, result\u00f3 que ella esperaba un hijo por obra del Esp\u00edritu Santo. (Mt. 1,18)<\/p>\n<\/blockquote>\n<\/div>\n\n\n\n<div class=\"wp-block-group has-global-padding is-layout-constrained wp-block-group-is-layout-constrained\">\n<p class=\"wp-block-paragraph\">Le interesa a Mateo, que escribe hacia el a\u00f1o 75, montar su relato de modo a que quede muy claro que este hijo -Jes\u00fas- tiene <strong>algo que le viene del Esp\u00edritu<\/strong>; algo en el cual Jos\u00e9 no ha intervenido. Esa misma idea, de que <em>a este chico Eso no le viene de familia,<\/em> est\u00e1 m\u00e1s adelante cuando dice el Jes\u00fas de su texto:<\/p>\n\n\n\n<blockquote class=\"wp-block-quote is-layout-flow wp-block-quote-is-layout-flow\">\n<p class=\"has-text-align-right wp-block-paragraph\">Qui\u00e9n es mi madre y qui\u00e9nes son mis hermanos [&#8230;] Pues todo el que cumpla la voluntad de mi Padre celestial, \u00e9se es mi hermano, mi hermana y mi madre. (Mt. 12,46-50)<\/p>\n<\/blockquote>\n\n\n\n<div class=\"wp-block-columns is-layout-flex wp-container-core-columns-is-layout-794e3cfa wp-block-columns-is-layout-flex\">\n<div class=\"wp-block-column is-layout-flow wp-container-core-column-is-layout-835debf9 wp-block-column-is-layout-flow\">\n<p class=\"wp-block-paragraph\">Sus hermanos y su madre, hab\u00edan venido a buscarle porque cre\u00edan que se hab\u00eda trastornado. Podemos intuir que Jes\u00fas haya pensado algo<\/p>\n\n\n\n<div class=\"wp-block-group is-layout-flow wp-block-group-is-layout-flow\">\n<div class=\"wp-block-columns is-layout-flex wp-container-core-columns-is-layout-3efa94ca wp-block-columns-is-layout-flex\">\n<div class=\"wp-block-column is-layout-flow wp-block-column-is-layout-flow\" style=\"flex-basis:18%\">\n<p class=\"wp-block-paragraph\">como<\/p>\n<\/div>\n\n\n\n<div class=\"wp-block-column is-layout-flow wp-block-column-is-layout-flow\" style=\"flex-basis:60%\">\n<h6 class=\"wp-block-heading\">no tomes nada<\/h6>\n<\/div>\n<\/div>\n<\/div>\n\n\n\n<h6 class=\"wp-block-heading\">personalmente.<\/h6>\n\n\n\n<p class=\"wp-block-paragraph\">Hablamos de comprender que lo que los dem\u00e1s dicen o hacen es una proyecci\u00f3n de su propio mundo interior, sus emociones y experiencias. Cada persona est\u00e1 lidiando con sus propias luchas y limitaciones.  <\/p>\n<\/div>\n\n\n\n<div class=\"wp-block-column is-layout-flow wp-block-column-is-layout-flow\">\n<figure class=\"wp-block-image size-full\"><img data-recalc-dims=\"1\" loading=\"lazy\" decoding=\"async\" width=\"1880\" height=\"1253\" data-attachment-id=\"3851\" data-permalink=\"https:\/\/pastoralrmi.com\/pt\/tus-palabras-son-herramientas\/pexels-photo-986740\/\" data-orig-file=\"https:\/\/i0.wp.com\/pastoralrmi.com\/wp-content\/uploads\/2025\/03\/pexels-photo-986740.jpeg?fit=1880%2C1253&amp;ssl=1\" data-orig-size=\"1880,1253\" data-comments-opened=\"1\" data-image-meta=\"{&quot;aperture&quot;:&quot;0&quot;,&quot;credit&quot;:&quot;&quot;,&quot;camera&quot;:&quot;&quot;,&quot;caption&quot;:&quot;Photo by Nikolaos Dimou on &lt;a href=\\&quot;https:\/\/www.pexels.com\/photo\/closeup-photo-of-woman-s-eyes-986740\/\\&quot; rel=\\&quot;nofollow\\&quot;&gt;Pexels.com&lt;\/a&gt;&quot;,&quot;created_timestamp&quot;:&quot;0&quot;,&quot;copyright&quot;:&quot;&quot;,&quot;focal_length&quot;:&quot;0&quot;,&quot;iso&quot;:&quot;0&quot;,&quot;shutter_speed&quot;:&quot;0&quot;,&quot;title&quot;:&quot;closeup photo of woman s eyes&quot;,&quot;orientation&quot;:&quot;0&quot;}\" data-image-title=\"pexels-photo-986740\" data-image-description=\"\" data-image-caption=\"&lt;p&gt;Photo by Nikolaos Dimou on &lt;a href=&quot;https:\/\/www.pexels.com\/photo\/closeup-photo-of-woman-s-eyes-986740\/&quot; rel=&quot;nofollow&quot;&gt;Pexels.com&lt;\/a&gt;&lt;\/p&gt;\n\" data-large-file=\"https:\/\/i0.wp.com\/pastoralrmi.com\/wp-content\/uploads\/2025\/03\/pexels-photo-986740.jpeg?fit=1024%2C682&amp;ssl=1\" src=\"https:\/\/i0.wp.com\/pastoralrmi.com\/wp-content\/uploads\/2025\/03\/pexels-photo-986740.jpeg?resize=1880%2C1253&#038;ssl=1\" alt=\"closeup photo of woman s eyes\" class=\"wp-image-3851\" style=\"aspect-ratio:9\/16;object-fit:cover\" srcset=\"https:\/\/i0.wp.com\/pastoralrmi.com\/wp-content\/uploads\/2025\/03\/pexels-photo-986740.jpeg?w=1880&amp;ssl=1 1880w, https:\/\/i0.wp.com\/pastoralrmi.com\/wp-content\/uploads\/2025\/03\/pexels-photo-986740.jpeg?resize=300%2C200&amp;ssl=1 300w, https:\/\/i0.wp.com\/pastoralrmi.com\/wp-content\/uploads\/2025\/03\/pexels-photo-986740.jpeg?resize=1024%2C682&amp;ssl=1 1024w, https:\/\/i0.wp.com\/pastoralrmi.com\/wp-content\/uploads\/2025\/03\/pexels-photo-986740.jpeg?resize=150%2C100&amp;ssl=1 150w, https:\/\/i0.wp.com\/pastoralrmi.com\/wp-content\/uploads\/2025\/03\/pexels-photo-986740.jpeg?resize=768%2C512&amp;ssl=1 768w, https:\/\/i0.wp.com\/pastoralrmi.com\/wp-content\/uploads\/2025\/03\/pexels-photo-986740.jpeg?resize=1536%2C1024&amp;ssl=1 1536w, https:\/\/i0.wp.com\/pastoralrmi.com\/wp-content\/uploads\/2025\/03\/pexels-photo-986740.jpeg?resize=18%2C12&amp;ssl=1 18w, https:\/\/i0.wp.com\/pastoralrmi.com\/wp-content\/uploads\/2025\/03\/pexels-photo-986740.jpeg?resize=1200%2C800&amp;ssl=1 1200w\" sizes=\"auto, (max-width: 1000px) 100vw, 1000px\" \/><\/figure>\n\n\n\n<p class=\"wp-block-paragraph\">Si no damos al malestar de los dem\u00e1s el poder para descolocarnos podremos acercarnos desde un espacio de respeto y claridad en lugar de estar a la defensiva. Y as\u00ed, fomentar la comunicaci\u00f3n abierta y el entendimiento.<\/p>\n\n\n\n<h3 class=\"wp-block-heading\">\u00bfEn qu\u00e9 momentos a lo largo del d\u00eda de hoy me he colocado a la defensiva en mi comunicaci\u00f3n?&nbsp;<\/h3>\n<\/div>\n<\/div>\n<\/div>\n\n\n\n<div class=\"wp-block-group has-global-padding is-layout-constrained wp-block-group-is-layout-constrained\">\n<p class=\"wp-block-paragraph\">Volviendo al evangelio de hoy&#8230; Mateo pertenece a una segunda generaci\u00f3n de creyentes que ya se hab\u00eda acostumbrado a eso de ser \u201ccristiana\u201d. La crisis del juda\u00edsmo alrededor del a\u00f1o 70 hab\u00eda favorecido a que el <em>movimiento de los creyentes en Jes\u00fas<\/em> terminara desprendi\u00e9ndose del paraguas bajo el cual hab\u00eda nacido. <em>Si eso m\u00e1s grande entra en crisis tienes m\u00e1s espacio para definirte<\/em>. Pero la comunidad de Mateo est\u00e1 constituida sin embargo por gente de tradici\u00f3n jud\u00eda. Por eso, en su texto le interesa, por ejemplo, conectar a Jes\u00fas con el \u00e1rbol geneal\u00f3gico de los reyes de Israel. Aunque al mismo tiempo, quiere ayudarles a ampliar la comprensi\u00f3n de sus creencias antiguas <strong>articul\u00e1ndolas en eso nuevo que estaban viviendo<\/strong>.&nbsp;<\/p>\n<\/div>\n\n\n\n<div class=\"wp-block-group is-layout-flow wp-container-core-group-is-layout-6674a1c4 wp-block-group-is-layout-flow\">\n<div class=\"wp-block-columns is-layout-flex wp-container-core-columns-is-layout-e15afb30 wp-block-columns-is-layout-flex\">\n<div class=\"wp-block-column is-layout-flow wp-block-column-is-layout-flow\" style=\"flex-basis:50%\">\n<p class=\"wp-block-paragraph\">Es una apertura que puede traducirse hoy en un<\/p>\n<\/div>\n\n\n\n<div class=\"wp-block-column is-layout-flow wp-container-core-column-is-layout-835debf9 wp-block-column-is-layout-flow\" style=\"flex-basis:33.33%\">\n<h6 class=\"wp-block-heading\" style=\"padding-right:var(--wp--preset--spacing--40);padding-left:var(--wp--preset--spacing--40)\"> no hagas suposiciones.<\/h6>\n<\/div>\n<\/div>\n\n\n\n<p class=\"wp-block-paragraph\">Creamos interpretaciones basadas en nuestros miedos, inseguridades y expectativas y terminamos tejiendo una narrativa que distorsiona la realidad. Para evitarlo, es vital tener el coraje de preguntar y buscar claridad. La comunicaci\u00f3n abierta y honesta es clave para prevenir malentendidos. Cuando cuestionamos nuestras creencias empezamos a ver el mundo desde una perspectiva m\u00e1s clara.<\/p>\n\n\n\n<div style=\"height:20px\" aria-hidden=\"true\" class=\"wp-block-spacer\"><\/div>\n\n\n\n<h3 class=\"wp-block-heading\">\u00bfEstoy dispuesta a cuestionar mis creencias, cultivando un ambiente en el que la comunicaci\u00f3n prevalece sobre el juicio?<\/h3>\n\n\n\n<div style=\"height:37px\" aria-hidden=\"true\" class=\"wp-block-spacer\"><\/div>\n\n\n\n<div class=\"wp-block-group has-global-padding is-layout-constrained wp-container-core-group-is-layout-22a7bd66 wp-block-group-is-layout-constrained\">\n<div class=\"wp-block-columns is-layout-flex wp-container-core-columns-is-layout-3efa94ca wp-block-columns-is-layout-flex\">\n<div class=\"wp-block-column is-layout-flow wp-container-core-column-is-layout-835debf9 wp-block-column-is-layout-flow\" style=\"flex-basis:20%\">\n<div style=\"height:5px\" aria-hidden=\"true\" class=\"wp-block-spacer\"><\/div>\n\n\n\n<p class=\"wp-block-paragraph\">Pero en realidad,<\/p>\n<\/div>\n\n\n\n<div class=\"wp-block-column is-layout-flow wp-block-column-is-layout-flow\" style=\"flex-basis:66.66%\">\n<h4 class=\"wp-block-heading\">haz siempre lo m\u00e1ximo que puedas,<\/h4>\n<\/div>\n<\/div>\n\n\n\n<p class=\"wp-block-paragraph\">actuando en sinton\u00eda con tu capacidad en cada momento, reconociendo que lo m\u00e1ximo que puedas var\u00eda seg\u00fan las circunstancias. No se trata de perseguir la perfecci\u00f3n sino todo lo contrario: hay d\u00edas en los que simplemente no podemos dar m\u00e1s. Cuando nos obligamos a ello, quiz\u00e1s es se\u00f1al de que estamos atrapadas en el resultado final. El reconocerlo y soltarlo, nos ayuda a tomar decisiones m\u00e1s conscientes y alineadas con nuestros valores sin dejarnos influenciar por las expectativas de los dem\u00e1s. <\/p>\n\n\n\n<div style=\"height:31px\" aria-hidden=\"true\" class=\"wp-block-spacer\"><\/div>\n\n\n\n<p class=\"wp-block-paragraph\">Te puedes preguntar:<\/p>\n\n\n\n<h3 class=\"wp-block-heading\">\u00bfQu\u00e9 partes de mi experiencia a\u00fan no est\u00e1n alineadas con mis capacidades reales?<\/h3>\n\n\n\n<div style=\"height:100px\" aria-hidden=\"true\" class=\"wp-block-spacer\"><\/div>\n\n\n\n<p class=\"has-text-align-right wp-block-paragraph\">por el equipo de <em>El hatillo<\/em>.<\/p>\n\n\n\n<div style=\"height:29px\" aria-hidden=\"true\" class=\"wp-block-spacer\"><\/div>\n\n\n\n<p class=\"wp-block-paragraph\">Para explorar m\u00e1s puedes recurrir al libro <a href=\"https:\/\/www.casadellibro.com\/libro-los-cuatro-acuerdos-un-libro-de-sabiduria-tolteca\/9788479532536\/626219?campaignid=6513745351&amp;gad_source=1&amp;gclid=Cj0KCQjwhMq-BhCFARIsAGvo0KfyQRaRENb3lsk_Mupm0BuPhp45y2A-EaEA2uwGYzDJU7jPX4Y04WMaAg8iEALw_wcB\">Los 4 acuerdos<\/a> de Miguel Ruiz. <\/p>\n\n\n\n<p class=\"wp-block-paragraph\">O pinchar en el video que ha inspirado esta entrada:<\/p>\n\n\n\n<div style=\"height:15px\" aria-hidden=\"true\" class=\"wp-block-spacer\"><\/div>\n\n\n\n<figure class=\"wp-block-embed is-type-video is-provider-youtube wp-block-embed-youtube wp-embed-aspect-16-9 wp-has-aspect-ratio\"><div class=\"wp-block-embed__wrapper\">\n<span class=\"embed-youtube\" style=\"text-align:center; display: block;\"><iframe loading=\"lazy\" class=\"youtube-player\" width=\"640\" height=\"360\" src=\"https:\/\/www.youtube.com\/embed\/QNZQTd-sc2I?version=3&#038;rel=1&#038;showsearch=0&#038;showinfo=1&#038;iv_load_policy=1&#038;fs=1&#038;hl=pt-PT&#038;autohide=2&#038;wmode=transparent\" allowfullscreen=\"true\" style=\"border:0;\" sandbox=\"allow-scripts allow-same-origin allow-popups allow-presentation allow-popups-to-escape-sandbox\"><\/iframe><\/span>\n<\/div><\/figure>\n\n\n\n<div style=\"height:100px\" aria-hidden=\"true\" class=\"wp-block-spacer\"><\/div>\n<\/div>\n<\/div>\n","protected":false},"excerpt":{"rendered":"<p>Nuestras palabras son herramientas de sanaci\u00f3n y creaci\u00f3n. Cada palabra tiene la capacidad de destruir o construir. Parece ser que Jes\u00fas fue muy consciente de ello. La palabra destruye cuando no est\u00e1 alineada con lo que realmente somos. Construye cuando utilizamos nuestras palabras desde ese espacio en donde nos encontramos verdaderamente. A nuestro entorno puede [&hellip;]<\/p>\n","protected":false},"author":246329482,"featured_media":3855,"comment_status":"open","ping_status":"open","sticky":false,"template":"","format":"standard","meta":{"_eb_attr":"","_crdt_document":"","advanced_seo_description":"","jetpack_seo_html_title":"","jetpack_seo_noindex":false,"_jetpack_newsletter_access":"everybody","_jetpack_dont_email_post_to_subs":true,"_jetpack_newsletter_tier_id":0,"_jetpack_memberships_contains_paywalled_content":false,"_jetpack_memberships_contains_paid_content":false,"footnotes":"","jetpack_publicize_message":"","jetpack_publicize_feature_enabled":true,"jetpack_social_post_already_shared":true,"jetpack_social_options":{"image_generator_settings":{"template":"highway","enabled":false},"version":2},"_wpas_customize_per_network":false,"jetpack_post_was_ever_published":false},"categories":[772356369,771144771,772356424,1039746,13076062],"tags":[772356461,772356436,772356534,531240,772356533,8329,43961,772356535,772356519,772356459,772356438],"class_list":["post-3806","post","type-post","status-publish","format-standard","has-post-thumbnail","hentry","category-cuaresma","category-destellos-de-vida-cotidiana","category-entradas","category-fluir","category-tiempos-liturgicos","tag-biblia","tag-carisma","tag-cumpleanos","tag-evangelio","tag-genealogia","tag-jesus","tag-lucas","tag-marzo","tag-mateo","tag-teologia","tag-vicenta-maria"],"jetpack_publicize_connections":[],"jetpack_featured_media_url":"https:\/\/i0.wp.com\/pastoralrmi.com\/wp-content\/uploads\/2025\/03\/pexels-photo-772478.jpeg?fit=1300%2C1300&ssl=1","jetpack_likes_enabled":true,"jetpack_sharing_enabled":true,"jetpack_shortlink":"https:\/\/wp.me\/pfvk8v-Zo","jetpack-related-posts":[{"id":6204,"url":"https:\/\/pastoralrmi.com\/pt\/de-que-hablan-mis-palabras\/","url_meta":{"origin":3806,"position":0},"title":"De que falam as minhas palavras?","author":"Blog de pastoral Provincia Iberica","date":"8 de Outubro de 2025","format":false,"excerpt":"Al comenzar a escribir sobre \u201cLAS PALABRAS\u201d me viene la multitud de comentarios escuchados sobre lo cansados que estamos de palabras, que lo que necesitamos son obras, acciones.\u00a0 Sin embargo, son las palabras dichas en voz alta o calladamente las que determinan lo que somos y hacemos. Ya Jes\u00fas en\u2026","rel":"","context":"In &quot;Centros educativos&quot;","block_context":{"text":"Centros educativos","link":"https:\/\/pastoralrmi.com\/pt\/category\/obras-apostolicas\/centros-educativos\/"},"img":{"alt_text":"crop woman demonstrating ripe pomegranate","src":"https:\/\/i0.wp.com\/pastoralrmi.com\/wp-content\/uploads\/2025\/10\/pexels-photo-5946075.jpeg?fit=891%2C1200&ssl=1&resize=350%2C200","width":350,"height":200,"srcset":"https:\/\/i0.wp.com\/pastoralrmi.com\/wp-content\/uploads\/2025\/10\/pexels-photo-5946075.jpeg?fit=891%2C1200&ssl=1&resize=350%2C200 1x, https:\/\/i0.wp.com\/pastoralrmi.com\/wp-content\/uploads\/2025\/10\/pexels-photo-5946075.jpeg?fit=891%2C1200&ssl=1&resize=525%2C300 1.5x, https:\/\/i0.wp.com\/pastoralrmi.com\/wp-content\/uploads\/2025\/10\/pexels-photo-5946075.jpeg?fit=891%2C1200&ssl=1&resize=700%2C400 2x"},"classes":[]},{"id":4288,"url":"https:\/\/pastoralrmi.com\/pt\/tocar-la-fragilidad\/","url_meta":{"origin":3806,"position":1},"title":"Tocar a fragilidade","author":"Blog de pastoral Provincia Iberica","date":"16 de Abril de 2025","format":false,"excerpt":"De la carta del Papa Francisco al editor del Corriere della Sera: \u00abLa fragilidad humana, en efecto, tiene el poder de hacernos m\u00e1s l\u00facidos sobre lo que dura y lo que pasa, sobre lo que nos hace vivir y lo que mata. Quiz\u00e1 por eso tendemos tan a menudo a\u2026","rel":"","context":"In &quot;Destellos de vida cotidiana&quot;","block_context":{"text":"Destellos de vida cotidiana","link":"https:\/\/pastoralrmi.com\/pt\/category\/fluir\/destellos-de-vida-cotidiana\/"},"img":{"alt_text":"person holding coins","src":"https:\/\/i0.wp.com\/pastoralrmi.com\/wp-content\/uploads\/2025\/04\/pexels-photo-874684.jpeg?fit=1200%2C800&ssl=1&resize=350%2C200","width":350,"height":200,"srcset":"https:\/\/i0.wp.com\/pastoralrmi.com\/wp-content\/uploads\/2025\/04\/pexels-photo-874684.jpeg?fit=1200%2C800&ssl=1&resize=350%2C200 1x, https:\/\/i0.wp.com\/pastoralrmi.com\/wp-content\/uploads\/2025\/04\/pexels-photo-874684.jpeg?fit=1200%2C800&ssl=1&resize=525%2C300 1.5x, https:\/\/i0.wp.com\/pastoralrmi.com\/wp-content\/uploads\/2025\/04\/pexels-photo-874684.jpeg?fit=1200%2C800&ssl=1&resize=700%2C400 2x, https:\/\/i0.wp.com\/pastoralrmi.com\/wp-content\/uploads\/2025\/04\/pexels-photo-874684.jpeg?fit=1200%2C800&ssl=1&resize=1050%2C600 3x"},"classes":[]},{"id":1687,"url":"https:\/\/pastoralrmi.com\/pt\/que-es-un-evangelio\/","url_meta":{"origin":3806,"position":2},"title":"O que \u00e9 um Evangelho?","author":"Blog de pastoral Provincia Iberica","date":"26 de Junho de 2024","format":false,"excerpt":"Pablo desarrolla la siguiente idea: utilicemos la palabra evangelio -que en el mundo colectivo de significados indicaba uno que ha hecho algo por la liberaci\u00f3n de todos- para referirnos a esta muerte. De este modo, a mediados del s. I, la palabra evangelio empieza a identificarse con el evento de\u2026","rel":"","context":"In &quot;FLUIR&quot;","block_context":{"text":"FLUIR","link":"https:\/\/pastoralrmi.com\/pt\/category\/fluir\/"},"img":{"alt_text":"","src":"https:\/\/i0.wp.com\/pastoralrmi.com\/wp-content\/uploads\/2024\/06\/pexels-photo-631477.jpeg?fit=1200%2C800&ssl=1&resize=350%2C200","width":350,"height":200,"srcset":"https:\/\/i0.wp.com\/pastoralrmi.com\/wp-content\/uploads\/2024\/06\/pexels-photo-631477.jpeg?fit=1200%2C800&ssl=1&resize=350%2C200 1x, https:\/\/i0.wp.com\/pastoralrmi.com\/wp-content\/uploads\/2024\/06\/pexels-photo-631477.jpeg?fit=1200%2C800&ssl=1&resize=525%2C300 1.5x, https:\/\/i0.wp.com\/pastoralrmi.com\/wp-content\/uploads\/2024\/06\/pexels-photo-631477.jpeg?fit=1200%2C800&ssl=1&resize=700%2C400 2x, https:\/\/i0.wp.com\/pastoralrmi.com\/wp-content\/uploads\/2024\/06\/pexels-photo-631477.jpeg?fit=1200%2C800&ssl=1&resize=1050%2C600 3x"},"classes":[]},{"id":4849,"url":"https:\/\/pastoralrmi.com\/pt\/jesus-reflejo\/","url_meta":{"origin":3806,"position":3},"title":"Jesus, o reflexo","author":"Blog de pastoral Provincia Iberica","date":"4 de Junho de 2025","format":false,"excerpt":"A veces, me ayuda contemplar a Jes\u00fas en silencio con los ojos cerrados, sonriendo por dentro al llegarle una peque\u00f1a r\u00e1faga de viento que trae el rumor de los olivos\u2026 \u201cFue a un lugar solitario y all\u00ed se puso a hacer oraci\u00f3n\u201d (Mc. 1, 35). Como un leve toque del\u2026","rel":"","context":"In &quot;Entradas&quot;","block_context":{"text":"Entradas","link":"https:\/\/pastoralrmi.com\/pt\/category\/entradas\/"},"img":{"alt_text":"reflection of finger in a mirror","src":"https:\/\/i0.wp.com\/pastoralrmi.com\/wp-content\/uploads\/2025\/05\/pexels-photo-804416.jpeg?fit=1200%2C800&ssl=1&resize=350%2C200","width":350,"height":200,"srcset":"https:\/\/i0.wp.com\/pastoralrmi.com\/wp-content\/uploads\/2025\/05\/pexels-photo-804416.jpeg?fit=1200%2C800&ssl=1&resize=350%2C200 1x, https:\/\/i0.wp.com\/pastoralrmi.com\/wp-content\/uploads\/2025\/05\/pexels-photo-804416.jpeg?fit=1200%2C800&ssl=1&resize=525%2C300 1.5x, https:\/\/i0.wp.com\/pastoralrmi.com\/wp-content\/uploads\/2025\/05\/pexels-photo-804416.jpeg?fit=1200%2C800&ssl=1&resize=700%2C400 2x, https:\/\/i0.wp.com\/pastoralrmi.com\/wp-content\/uploads\/2025\/05\/pexels-photo-804416.jpeg?fit=1200%2C800&ssl=1&resize=1050%2C600 3x"},"classes":[]},{"id":1456,"url":"https:\/\/pastoralrmi.com\/pt\/taller-de-la-palabra\/","url_meta":{"origin":3806,"position":4},"title":"Workshop da Palavra","author":"Blog de pastoral Provincia Iberica","date":"19 de Junho de 2024","format":false,"excerpt":"Jes\u00fas le mir\u00f3. Y en aquella mirada Zaqueo descubri\u00f3 esperanza, futuro, amor...; y aquella mirada le convirti\u00f3: Se\u00f1or, voy a dar la mitad de mis bienes a los pobres, y en caso de que haya defraudado a alguien, le devolver\u00e9 el cu\u00e1druplo (19, 8). Todo termin\u00f3 en fiesta, con un\u2026","rel":"","context":"In &quot;COMPRENDER&quot;","block_context":{"text":"COMPRENDER","link":"https:\/\/pastoralrmi.com\/pt\/category\/comprender\/"},"img":{"alt_text":"","src":"https:\/\/i0.wp.com\/pastoralrmi.com\/wp-content\/uploads\/2024\/03\/pexels-photo-346529.jpeg?fit=1200%2C800&ssl=1&resize=350%2C200","width":350,"height":200,"srcset":"https:\/\/i0.wp.com\/pastoralrmi.com\/wp-content\/uploads\/2024\/03\/pexels-photo-346529.jpeg?fit=1200%2C800&ssl=1&resize=350%2C200 1x, https:\/\/i0.wp.com\/pastoralrmi.com\/wp-content\/uploads\/2024\/03\/pexels-photo-346529.jpeg?fit=1200%2C800&ssl=1&resize=525%2C300 1.5x, https:\/\/i0.wp.com\/pastoralrmi.com\/wp-content\/uploads\/2024\/03\/pexels-photo-346529.jpeg?fit=1200%2C800&ssl=1&resize=700%2C400 2x, https:\/\/i0.wp.com\/pastoralrmi.com\/wp-content\/uploads\/2024\/03\/pexels-photo-346529.jpeg?fit=1200%2C800&ssl=1&resize=1050%2C600 3x"},"classes":[]},{"id":6276,"url":"https:\/\/pastoralrmi.com\/pt\/bienaventurados\/","url_meta":{"origin":3806,"position":5},"title":"Bem-aventurados...","author":"Blog de pastoral Provincia Iberica","date":"29 de Outubro de 2025","format":false,"excerpt":"Mateo 5, 1-12 La Palabra es un lugar, un espacio de oraci\u00f3n, donde nos podemos sentir habitados,\u00a0 confrontados, invitados. Es el lugar de la Buena Noticia. Este puede ser el caso de este pasaje. Mateo, en palabras de Jes\u00fas, nos invita a la b\u00fasqueda de libertad, pero libertad de la\u2026","rel":"","context":"In &quot;Centros educativos&quot;","block_context":{"text":"Centros educativos","link":"https:\/\/pastoralrmi.com\/pt\/category\/obras-apostolicas\/centros-educativos\/"},"img":{"alt_text":"neck and suprasternal notch of crop person","src":"https:\/\/i0.wp.com\/pastoralrmi.com\/wp-content\/uploads\/2025\/10\/pexels-photo-7480278.jpeg?fit=800%2C1200&ssl=1&resize=350%2C200","width":350,"height":200,"srcset":"https:\/\/i0.wp.com\/pastoralrmi.com\/wp-content\/uploads\/2025\/10\/pexels-photo-7480278.jpeg?fit=800%2C1200&ssl=1&resize=350%2C200 1x, https:\/\/i0.wp.com\/pastoralrmi.com\/wp-content\/uploads\/2025\/10\/pexels-photo-7480278.jpeg?fit=800%2C1200&ssl=1&resize=525%2C300 1.5x, https:\/\/i0.wp.com\/pastoralrmi.com\/wp-content\/uploads\/2025\/10\/pexels-photo-7480278.jpeg?fit=800%2C1200&ssl=1&resize=700%2C400 2x"},"classes":[]}],"_links":{"self":[{"href":"https:\/\/pastoralrmi.com\/pt\/wp-json\/wp\/v2\/posts\/3806","targetHints":{"allow":["GET"]}}],"collection":[{"href":"https:\/\/pastoralrmi.com\/pt\/wp-json\/wp\/v2\/posts"}],"about":[{"href":"https:\/\/pastoralrmi.com\/pt\/wp-json\/wp\/v2\/types\/post"}],"author":[{"embeddable":true,"href":"https:\/\/pastoralrmi.com\/pt\/wp-json\/wp\/v2\/users\/246329482"}],"replies":[{"embeddable":true,"href":"https:\/\/pastoralrmi.com\/pt\/wp-json\/wp\/v2\/comments?post=3806"}],"version-history":[{"count":36,"href":"https:\/\/pastoralrmi.com\/pt\/wp-json\/wp\/v2\/posts\/3806\/revisions"}],"predecessor-version":[{"id":3862,"href":"https:\/\/pastoralrmi.com\/pt\/wp-json\/wp\/v2\/posts\/3806\/revisions\/3862"}],"wp:featuredmedia":[{"embeddable":true,"href":"https:\/\/pastoralrmi.com\/pt\/wp-json\/wp\/v2\/media\/3855"}],"wp:attachment":[{"href":"https:\/\/pastoralrmi.com\/pt\/wp-json\/wp\/v2\/media?parent=3806"}],"wp:term":[{"taxonomy":"category","embeddable":true,"href":"https:\/\/pastoralrmi.com\/pt\/wp-json\/wp\/v2\/categories?post=3806"},{"taxonomy":"post_tag","embeddable":true,"href":"https:\/\/pastoralrmi.com\/pt\/wp-json\/wp\/v2\/tags?post=3806"}],"curies":[{"name":"wp","href":"https:\/\/api.w.org\/{rel}","templated":true}]}}