{"id":4685,"date":"2025-05-14T12:00:00","date_gmt":"2025-05-14T10:00:00","guid":{"rendered":"https:\/\/pastoralrmi.com\/?p=4685"},"modified":"2025-05-14T17:54:31","modified_gmt":"2025-05-14T15:54:31","slug":"llamada-a-algo-mas","status":"publish","type":"post","link":"https:\/\/pastoralrmi.com\/pt\/llamada-a-algo-mas\/","title":{"rendered":"\u00abUm apelo a algo mais\u00bb"},"content":{"rendered":"<h1 class=\"wp-block-heading has-text-align-center\"><span data-color=\"#fbe4e4\" style=\"background: #fbe4e4;\" class=\"has-highlight-color\"><em>Especial Voca\u00e7\u00e3o<\/em><\/span><\/h1>\n\n\n\n<p class=\"wp-block-paragraph translation-block\">A triparti\u00e7\u00e3o cl\u00e1ssica \u2013 sacerdotal, religiosa e laical \u2013 n\u00e3o \u00e9 sen\u00e3o uma forma de ordenar aquilo que, no fundo, \u00e9 uma \u00fanica realidade. Aponta para esse chamamento \u00fanico, para essa voca\u00e7\u00e3o fundamental: a atra\u00e7\u00e3o para <em>nos consumarmos<\/em> plenamente. A forma como cada um de n\u00f3s a vive depender\u00e1 do que Deus vai colocando no nosso caminho, e tamb\u00e9m das respostas que vamos dando\u2026<\/p>\n\n\n\n<div class=\"wp-block-group has-global-padding is-layout-constrained wp-block-group-is-layout-constrained\">\n<div class=\"wp-block-columns is-layout-flex wp-container-core-columns-is-layout-794e3cfa wp-block-columns-is-layout-flex\">\n<div class=\"wp-block-column is-layout-flow wp-block-column-is-layout-flow\">\n<figure class=\"wp-block-image size-full\"><img data-recalc-dims=\"1\" loading=\"lazy\" decoding=\"async\" width=\"867\" height=\"1300\" data-attachment-id=\"4703\" data-permalink=\"https:\/\/pastoralrmi.com\/pt\/llamada-a-algo-mas\/pexels-photo-6862590\/\" data-orig-file=\"https:\/\/i0.wp.com\/pastoralrmi.com\/wp-content\/uploads\/2025\/05\/pexels-photo-6862590.jpeg?fit=867%2C1300&amp;ssl=1\" data-orig-size=\"867,1300\" data-comments-opened=\"1\" data-image-meta=\"{&quot;aperture&quot;:&quot;0&quot;,&quot;credit&quot;:&quot;&quot;,&quot;camera&quot;:&quot;&quot;,&quot;caption&quot;:&quot;Photo by cottonbro studio on &lt;a href=\\&quot;https:\/\/www.pexels.com\/photo\/a-person-s-hand-touching-vinyl-records-6862590\/\\&quot; rel=\\&quot;nofollow\\&quot;&gt;Pexels.com&lt;\/a&gt;&quot;,&quot;created_timestamp&quot;:&quot;0&quot;,&quot;copyright&quot;:&quot;&quot;,&quot;focal_length&quot;:&quot;0&quot;,&quot;iso&quot;:&quot;0&quot;,&quot;shutter_speed&quot;:&quot;0&quot;,&quot;title&quot;:&quot;a person s hand touching vinyl records&quot;,&quot;orientation&quot;:&quot;0&quot;}\" data-image-title=\"pexels-photo-6862590\" data-image-description=\"\" data-image-caption=\"&lt;p&gt;Photo by cottonbro studio on &lt;a href=&quot;https:\/\/www.pexels.com\/photo\/a-person-s-hand-touching-vinyl-records-6862590\/&quot; rel=&quot;nofollow&quot;&gt;Pexels.com&lt;\/a&gt;&lt;\/p&gt;\" data-large-file=\"https:\/\/i0.wp.com\/pastoralrmi.com\/wp-content\/uploads\/2025\/05\/pexels-photo-6862590.jpeg?fit=683%2C1024&amp;ssl=1\" src=\"https:\/\/i0.wp.com\/pastoralrmi.com\/wp-content\/uploads\/2025\/05\/pexels-photo-6862590.jpeg?resize=867%2C1300&#038;ssl=1\" alt=\"a person s hand touching vinyl records\" class=\"wp-image-4703\" style=\"aspect-ratio:9\/16;object-fit:cover\" srcset=\"https:\/\/i0.wp.com\/pastoralrmi.com\/wp-content\/uploads\/2025\/05\/pexels-photo-6862590.jpeg?w=867&amp;ssl=1 867w, https:\/\/i0.wp.com\/pastoralrmi.com\/wp-content\/uploads\/2025\/05\/pexels-photo-6862590.jpeg?resize=200%2C300&amp;ssl=1 200w, https:\/\/i0.wp.com\/pastoralrmi.com\/wp-content\/uploads\/2025\/05\/pexels-photo-6862590.jpeg?resize=683%2C1024&amp;ssl=1 683w, https:\/\/i0.wp.com\/pastoralrmi.com\/wp-content\/uploads\/2025\/05\/pexels-photo-6862590.jpeg?resize=100%2C150&amp;ssl=1 100w, https:\/\/i0.wp.com\/pastoralrmi.com\/wp-content\/uploads\/2025\/05\/pexels-photo-6862590.jpeg?resize=768%2C1152&amp;ssl=1 768w, https:\/\/i0.wp.com\/pastoralrmi.com\/wp-content\/uploads\/2025\/05\/pexels-photo-6862590.jpeg?resize=8%2C12&amp;ssl=1 8w\" sizes=\"auto, (max-width: 867px) 100vw, 867px\" \/><\/figure>\n<\/div>\n\n\n\n<div class=\"wp-block-column is-layout-flow wp-block-column-is-layout-flow\">\n<div style=\"height:100px\" aria-hidden=\"true\" class=\"wp-block-spacer\"><\/div>\n\n\n\n<figure class=\"wp-block-image size-full\"><img data-recalc-dims=\"1\" loading=\"lazy\" decoding=\"async\" width=\"861\" height=\"1300\" data-attachment-id=\"4702\" data-permalink=\"https:\/\/pastoralrmi.com\/pt\/llamada-a-algo-mas\/pexels-photo-1827215\/\" data-orig-file=\"https:\/\/i0.wp.com\/pastoralrmi.com\/wp-content\/uploads\/2025\/05\/pexels-photo-1827215.jpeg?fit=861%2C1300&amp;ssl=1\" data-orig-size=\"861,1300\" data-comments-opened=\"1\" data-image-meta=\"{&quot;aperture&quot;:&quot;0&quot;,&quot;credit&quot;:&quot;&quot;,&quot;camera&quot;:&quot;&quot;,&quot;caption&quot;:&quot;Photo by Victor Miyata on &lt;a href=\\&quot;https:\/\/www.pexels.com\/photo\/photo-of-woman-holding-compass-1827215\/\\&quot; rel=\\&quot;nofollow\\&quot;&gt;Pexels.com&lt;\/a&gt;&quot;,&quot;created_timestamp&quot;:&quot;0&quot;,&quot;copyright&quot;:&quot;&quot;,&quot;focal_length&quot;:&quot;0&quot;,&quot;iso&quot;:&quot;0&quot;,&quot;shutter_speed&quot;:&quot;0&quot;,&quot;title&quot;:&quot;photo of woman holding compass&quot;,&quot;orientation&quot;:&quot;0&quot;}\" data-image-title=\"pexels-photo-1827215\" data-image-description=\"\" data-image-caption=\"&lt;p&gt;Photo by Victor Miyata on &lt;a href=&quot;https:\/\/www.pexels.com\/photo\/photo-of-woman-holding-compass-1827215\/&quot; rel=&quot;nofollow&quot;&gt;Pexels.com&lt;\/a&gt;&lt;\/p&gt;\" data-large-file=\"https:\/\/i0.wp.com\/pastoralrmi.com\/wp-content\/uploads\/2025\/05\/pexels-photo-1827215.jpeg?fit=678%2C1024&amp;ssl=1\" src=\"https:\/\/i0.wp.com\/pastoralrmi.com\/wp-content\/uploads\/2025\/05\/pexels-photo-1827215.jpeg?resize=861%2C1300&#038;ssl=1\" alt=\"photo of woman holding compass\" class=\"wp-image-4702\" style=\"aspect-ratio:9\/16;object-fit:cover\" srcset=\"https:\/\/i0.wp.com\/pastoralrmi.com\/wp-content\/uploads\/2025\/05\/pexels-photo-1827215.jpeg?w=861&amp;ssl=1 861w, https:\/\/i0.wp.com\/pastoralrmi.com\/wp-content\/uploads\/2025\/05\/pexels-photo-1827215.jpeg?resize=199%2C300&amp;ssl=1 199w, https:\/\/i0.wp.com\/pastoralrmi.com\/wp-content\/uploads\/2025\/05\/pexels-photo-1827215.jpeg?resize=678%2C1024&amp;ssl=1 678w, https:\/\/i0.wp.com\/pastoralrmi.com\/wp-content\/uploads\/2025\/05\/pexels-photo-1827215.jpeg?resize=99%2C150&amp;ssl=1 99w, https:\/\/i0.wp.com\/pastoralrmi.com\/wp-content\/uploads\/2025\/05\/pexels-photo-1827215.jpeg?resize=768%2C1160&amp;ssl=1 768w, https:\/\/i0.wp.com\/pastoralrmi.com\/wp-content\/uploads\/2025\/05\/pexels-photo-1827215.jpeg?resize=8%2C12&amp;ssl=1 8w\" sizes=\"auto, (max-width: 861px) 100vw, 861px\" \/><\/figure>\n<\/div>\n<\/div>\n<\/div>\n\n\n\n<div class=\"wp-block-group is-layout-flow wp-block-group-is-layout-flow\">\n<div class=\"wp-block-columns is-layout-flex wp-container-core-columns-is-layout-794e3cfa wp-block-columns-is-layout-flex\">\n<div class=\"wp-block-column is-layout-flow wp-block-column-is-layout-flow\" style=\"flex-basis:33.33%\"><\/div>\n\n\n\n<div class=\"wp-block-column is-layout-flow wp-block-column-is-layout-flow\" style=\"flex-basis:66.66%\">\n<p class=\"wp-block-paragraph translation-block\">A minha voca\u00e7\u00e3o surge em contacto com as RMI e \u00e9 no <strong>encontro pessoal com Jesus<\/strong> na ora\u00e7\u00e3o, onde se vai configurando a minha op\u00e7\u00e3o. Fiquei marcada pela frase de Paulo: \u00abo amor de Deus \u00e9 derramado no meu cora\u00e7\u00e3o pelo Esp\u00edrito que me foi dado (Rm 5,5)\u00bb<\/p>\n\n\n\n<div class=\"wp-block-group has-global-padding is-layout-constrained wp-container-core-group-is-layout-a7437f57 wp-block-group-is-layout-constrained\">\n<p class=\"wp-block-paragraph translation-block\">Esta for\u00e7a interior foi configurando e transformando as minhas atitudes e a\u00e7\u00f5es: <span data-color=\"#faebdd\" style=\"background: #faebdd\" class=\"has-highlight-color\">foram perdendo valor<\/span> coisas que para mim eram importantes e pude descobrir no fundo do meu cora\u00e7\u00e3o que <strong>estava chamada a algo mais<\/strong>, que Deus me queria para Si, em entrega generosa aos jovens.<\/p>\n\n\n\n<p class=\"has-medium-font-size wp-block-paragraph\">Posso dizer que me sentia enamorada por Jesus.<\/p>\n<\/div>\n\n\n\n<div class=\"wp-block-group has-global-padding is-layout-constrained wp-container-core-group-is-layout-4bb0e34c wp-block-group-is-layout-constrained\">\n<div style=\"height:100px\" aria-hidden=\"true\" class=\"wp-block-spacer\"><\/div>\n\n\n\n<p class=\"wp-block-paragraph translation-block\"><span data-color=\"#ddedea\" style=\"background: #ddedea\" class=\"has-highlight-color\">O meu cora\u00e7\u00e3o acolhia<\/span>, no meio de tanto desconcerto por n\u00e3o saber o que me estava a acontecer, uma <strong>profunda paz e confian\u00e7a<\/strong>.<\/p>\n<\/div>\n<\/div>\n<\/div>\n<\/div>\n\n\n\n<div style=\"height:47px\" aria-hidden=\"true\" class=\"wp-block-spacer\"><\/div>\n\n\n\n<p class=\"wp-block-paragraph translation-block\">O poder descobrir e responder ao que Deus quer de cada um de n\u00f3s \u00e9 o que nos permite encontrar a felicidade, pois nos permite <strong>ser o que somos<\/strong> em ess\u00eancia.<\/p>\n\n\n\n<p class=\"wp-block-paragraph\">La vocaci\u00f3n es <em>don y tarea<\/em>, y hoy <span data-color=\"#faebdd\" style=\"background: #faebdd;\" class=\"has-highlight-color\">me siento profundamente feliz<\/span>A voca\u00e7\u00e3o \u00e9 <em>dom e tarefa<\/em>, e hoje <span data-color=\"#faebdd\" style=\"background: #faebdd\" class=\"has-highlight-color\">sinto-me profundamente feliz<\/span>, sustentada pelo Senhor, pela Sua Gra\u00e7a, e porque Ele me permite a cada dia <strong>dispor-me<\/strong>, viver conscientemente, trabalhar para ser cada vez melhor pessoa, em entrega aos jovens que me s\u00e3o confiados. Dou gra\u00e7as por manter em mim esse desejo de \u00abpassar fazendo o bem\u00bb\u2026 consciente e acolhendo a minha pr\u00f3pria vulnerabilidade.<\/p>\n\n\n\n<div style=\"height:100px\" aria-hidden=\"true\" class=\"wp-block-spacer\"><\/div>","protected":false},"excerpt":{"rendered":"<p>Especial Vocaci\u00f3n La tripartici\u00f3n cl\u00e1sica -sacerdotal, religiosa y laical- no es otra cosa que una manera de ordenar lo que, en el fondo, es una misma realidad. Apunta a esa \u00fanica llamada, a esa vocaci\u00f3n fundamental: la atracci\u00f3n hacia el consumarnos plenamente. La forma como cada uno la actuamos va a depender de lo que [&hellip;]<\/p>\n","protected":false},"author":246329482,"featured_media":4687,"comment_status":"open","ping_status":"open","sticky":false,"template":"","format":"standard","meta":{"_eb_attr":"","_crdt_document":"","advanced_seo_description":"","jetpack_seo_html_title":"","jetpack_seo_noindex":false,"_jetpack_newsletter_access":"","_jetpack_dont_email_post_to_subs":false,"_jetpack_newsletter_tier_id":0,"_jetpack_memberships_contains_paywalled_content":false,"_jetpack_memberships_contains_paid_content":false,"footnotes":"","jetpack_publicize_message":"","jetpack_publicize_feature_enabled":true,"jetpack_social_post_already_shared":true,"jetpack_social_options":{"image_generator_settings":{"template":"highway","enabled":false},"version":2},"_wpas_customize_per_network":false,"jetpack_post_was_ever_published":false},"categories":[771144771,772356424,1039746],"tags":[772356617,772356621,772356626,772356628,772356622,772356618,772356619,772356474,772356624,772356577,772356522,772356629,772356630,772356627,772356620,772356616,772356625],"class_list":["post-4685","post","type-post","status-publish","format-standard","has-post-thumbnail","hentry","category-destellos-de-vida-cotidiana","category-entradas","category-fluir","tag-amor","tag-anhelo","tag-apertura","tag-corazon","tag-deseo","tag-donar","tag-donarse","tag-esperanza","tag-gratuidad","tag-libertad","tag-pablo","tag-respuesta","tag-tarea","tag-vaciamiento","tag-vida-religiosa","tag-vocacion","tag-vulnerabilidad"],"jetpack_publicize_connections":[],"jetpack_featured_media_url":"https:\/\/i0.wp.com\/pastoralrmi.com\/wp-content\/uploads\/2025\/05\/pexels-photo-6568738.jpeg?fit=867%2C1300&ssl=1","jetpack_likes_enabled":true,"jetpack_sharing_enabled":true,"jetpack_shortlink":"https:\/\/wp.me\/pfvk8v-1dz","jetpack-related-posts":[{"id":4326,"url":"https:\/\/pastoralrmi.com\/pt\/la-vocacion-de-pablo-una-propuesta-de-libertad\/","url_meta":{"origin":4685,"position":0},"title":"A voca\u00e7\u00e3o de Paulo: uma proposta de liberdade","author":"Blog de pastoral Provincia Iberica","date":"30 de Abril de 2025","format":false,"excerpt":"Pablo de Tarso, conocido como el \u201cap\u00f3stol de los gentiles\u201d, fue jud\u00edo toda su vida. En sus cartas, defiende su pertenencia a Israel y las promesas de Yahv\u00e9 a su pueblo, especialmente despu\u00e9s de su \u201cvocaci\u00f3n\u201d en Damasco. Creer que Jes\u00fas, crucificado y resucitado por Dios, era el mes\u00edas esperado\u2026","rel":"","context":"In &quot;Entradas&quot;","block_context":{"text":"Entradas","link":"https:\/\/pastoralrmi.com\/pt\/category\/entradas\/"},"img":{"alt_text":"woman in white tank top and black and white striped shorts sitting on blue metal railings","src":"https:\/\/i0.wp.com\/pastoralrmi.com\/wp-content\/uploads\/2025\/04\/pexels-photo-4960249.jpeg?fit=800%2C1200&ssl=1&resize=350%2C200","width":350,"height":200,"srcset":"https:\/\/i0.wp.com\/pastoralrmi.com\/wp-content\/uploads\/2025\/04\/pexels-photo-4960249.jpeg?fit=800%2C1200&ssl=1&resize=350%2C200 1x, https:\/\/i0.wp.com\/pastoralrmi.com\/wp-content\/uploads\/2025\/04\/pexels-photo-4960249.jpeg?fit=800%2C1200&ssl=1&resize=525%2C300 1.5x, https:\/\/i0.wp.com\/pastoralrmi.com\/wp-content\/uploads\/2025\/04\/pexels-photo-4960249.jpeg?fit=800%2C1200&ssl=1&resize=700%2C400 2x"},"classes":[]},{"id":3144,"url":"https:\/\/pastoralrmi.com\/pt\/el-sentido-de-la-vida-en-el-corazon-de-los-jovenes\/","url_meta":{"origin":4685,"position":1},"title":"O sentido da vida no cora\u00e7\u00e3o dos jovens","author":"Blog de pastoral Provincia Iberica","date":"22 de Janeiro de 2025","format":false,"excerpt":"\u00bfAlguna vez te has preguntado para qu\u00e9 est\u00e1s aqu\u00ed? \u00bfCu\u00e1l es el sentido de tu vida? Esta b\u00fasqueda ha sido un tema central para la humanidad, y en un mundo lleno de opciones, los j\u00f3venes buscan respuestas aut\u00e9nticas. El psiquiatra Viktor Frankl, quien vivi\u00f3 los horrores de los campos de\u2026","rel":"","context":"In &quot;Desarrollo integral&quot;","block_context":{"text":"Desarrollo integral","link":"https:\/\/pastoralrmi.com\/pt\/category\/fluir\/desarrollo-integral\/"},"img":{"alt_text":"hand touching the green moss the wall","src":"https:\/\/i0.wp.com\/pastoralrmi.com\/wp-content\/uploads\/2025\/01\/pexels-photo-8933960.webp?fit=1200%2C800&ssl=1&resize=350%2C200","width":350,"height":200,"srcset":"https:\/\/i0.wp.com\/pastoralrmi.com\/wp-content\/uploads\/2025\/01\/pexels-photo-8933960.webp?fit=1200%2C800&ssl=1&resize=350%2C200 1x, https:\/\/i0.wp.com\/pastoralrmi.com\/wp-content\/uploads\/2025\/01\/pexels-photo-8933960.webp?fit=1200%2C800&ssl=1&resize=525%2C300 1.5x, https:\/\/i0.wp.com\/pastoralrmi.com\/wp-content\/uploads\/2025\/01\/pexels-photo-8933960.webp?fit=1200%2C800&ssl=1&resize=700%2C400 2x, https:\/\/i0.wp.com\/pastoralrmi.com\/wp-content\/uploads\/2025\/01\/pexels-photo-8933960.webp?fit=1200%2C800&ssl=1&resize=1050%2C600 3x"},"classes":[]},{"id":2504,"url":"https:\/\/pastoralrmi.com\/pt\/al-hilo-del-carisma-y-la-presencia\/","url_meta":{"origin":4685,"position":2},"title":"En torno do carisma e da presen\u00e7a","author":"Blog de pastoral Provincia Iberica","date":"27 de Novembro de 2024","format":false,"excerpt":"Han pasado 156 a\u00f1os desde que VICENTA MAR\u00cdA escrib\u00eda a su padre en Cascante: \u00a1Esta obra que hace tantos a\u00f1os se viene en ella trabajando, y ahora es cuando se empieza a verla nacer y que promete tanto fruto!. Comenz\u00f3 como un boceto de vida, con un Eje principal como\u2026","rel":"","context":"In &quot;Destellos de vida cotidiana&quot;","block_context":{"text":"Destellos de vida cotidiana","link":"https:\/\/pastoralrmi.com\/pt\/category\/fluir\/destellos-de-vida-cotidiana\/"},"img":{"alt_text":"woman with red nails painting green stripe on canvas","src":"https:\/\/i0.wp.com\/pastoralrmi.com\/wp-content\/uploads\/2024\/11\/pexels-photo-159983.jpeg?fit=1200%2C797&ssl=1&resize=350%2C200","width":350,"height":200,"srcset":"https:\/\/i0.wp.com\/pastoralrmi.com\/wp-content\/uploads\/2024\/11\/pexels-photo-159983.jpeg?fit=1200%2C797&ssl=1&resize=350%2C200 1x, https:\/\/i0.wp.com\/pastoralrmi.com\/wp-content\/uploads\/2024\/11\/pexels-photo-159983.jpeg?fit=1200%2C797&ssl=1&resize=525%2C300 1.5x, https:\/\/i0.wp.com\/pastoralrmi.com\/wp-content\/uploads\/2024\/11\/pexels-photo-159983.jpeg?fit=1200%2C797&ssl=1&resize=700%2C400 2x, https:\/\/i0.wp.com\/pastoralrmi.com\/wp-content\/uploads\/2024\/11\/pexels-photo-159983.jpeg?fit=1200%2C797&ssl=1&resize=1050%2C600 3x"},"classes":[]},{"id":3422,"url":"https:\/\/pastoralrmi.com\/pt\/cuando-acaban-las-clases\/","url_meta":{"origin":4685,"position":3},"title":"Quando as aulas acabam","author":"Blog de pastoral Provincia Iberica","date":"19 de Fevereiro de 2025","format":false,"excerpt":"Son las dos y media y las escaleras se llenan de alumnos con sus mochilas\u2026 Todos est\u00e1n deseando cruzar la puerta del centro para salir a la calle\u2026 \u00bfHe dicho todos?\u2026 Pues no, es martes o jueves y hay algunos alumnos de los diferentes cursos, que se desmarcan de la\u2026","rel":"","context":"In &quot;Centros educativos&quot;","block_context":{"text":"Centros educativos","link":"https:\/\/pastoralrmi.com\/pt\/category\/obras-apostolicas\/centros-educativos\/"},"img":{"alt_text":"basketball hoop on court","src":"https:\/\/i0.wp.com\/pastoralrmi.com\/wp-content\/uploads\/2025\/02\/pexels-photo-680074.jpeg?fit=1200%2C800&ssl=1&resize=350%2C200","width":350,"height":200,"srcset":"https:\/\/i0.wp.com\/pastoralrmi.com\/wp-content\/uploads\/2025\/02\/pexels-photo-680074.jpeg?fit=1200%2C800&ssl=1&resize=350%2C200 1x, https:\/\/i0.wp.com\/pastoralrmi.com\/wp-content\/uploads\/2025\/02\/pexels-photo-680074.jpeg?fit=1200%2C800&ssl=1&resize=525%2C300 1.5x, https:\/\/i0.wp.com\/pastoralrmi.com\/wp-content\/uploads\/2025\/02\/pexels-photo-680074.jpeg?fit=1200%2C800&ssl=1&resize=700%2C400 2x, https:\/\/i0.wp.com\/pastoralrmi.com\/wp-content\/uploads\/2025\/02\/pexels-photo-680074.jpeg?fit=1200%2C800&ssl=1&resize=1050%2C600 3x"},"classes":[]},{"id":2373,"url":"https:\/\/pastoralrmi.com\/pt\/el-arte-de-acompanar\/","url_meta":{"origin":4685,"position":4},"title":"A arte de acompanhar","author":"Blog de pastoral Provincia Iberica","date":"20 de Novembro de 2024","format":false,"excerpt":"Acompanhar \u00e9 para n\u00f3s ACOLHER a Vida, acompanhar a dos nossos jovens e ajud\u00e1-los a descobrir \"dentro\" o seu prop\u00f3sito. Acompanhar n\u00e3o \u00e9 dirigir, fazer terapia...","rel":"","context":"In &quot;Desarrollo integral&quot;","block_context":{"text":"Desarrollo integral","link":"https:\/\/pastoralrmi.com\/pt\/category\/fluir\/desarrollo-integral\/"},"img":{"alt_text":"violet blooming flower","src":"https:\/\/i0.wp.com\/pastoralrmi.com\/wp-content\/uploads\/2024\/11\/pexels-photo-17300522.jpeg?fit=800%2C1200&ssl=1&resize=350%2C200","width":350,"height":200,"srcset":"https:\/\/i0.wp.com\/pastoralrmi.com\/wp-content\/uploads\/2024\/11\/pexels-photo-17300522.jpeg?fit=800%2C1200&ssl=1&resize=350%2C200 1x, https:\/\/i0.wp.com\/pastoralrmi.com\/wp-content\/uploads\/2024\/11\/pexels-photo-17300522.jpeg?fit=800%2C1200&ssl=1&resize=525%2C300 1.5x, https:\/\/i0.wp.com\/pastoralrmi.com\/wp-content\/uploads\/2024\/11\/pexels-photo-17300522.jpeg?fit=800%2C1200&ssl=1&resize=700%2C400 2x"},"classes":[]},{"id":3640,"url":"https:\/\/pastoralrmi.com\/pt\/la-palabra-de-dios-es-la-vida-misma\/","url_meta":{"origin":4685,"position":5},"title":"A Palavra de Deus \u00e9 a pr\u00f3pria vida","author":"Blog de pastoral Provincia Iberica","date":"26 de Fevereiro de 2025","format":false,"excerpt":"\u00abNi un vaso de agua quedar\u00e1 sin recompensa\u00bb Mt 10,42 Hace un tiempo colabor\u00e9 en el servicio de atenci\u00f3n espiritual y religiosa del Hospital de San Juan de Dios en Pamplona. All\u00ed hac\u00edamos diferentes labores, visitar a los enfermos, acompa\u00f1ar a familias, rezar en los momentos de final de vida,\u2026","rel":"","context":"In &quot;Entradas&quot;","block_context":{"text":"Entradas","link":"https:\/\/pastoralrmi.com\/pt\/category\/entradas\/"},"img":{"alt_text":"silver framed hippie sunglasses on concrete","src":"https:\/\/i0.wp.com\/pastoralrmi.com\/wp-content\/uploads\/2025\/02\/pexels-photo-343720.jpeg?fit=1200%2C795&ssl=1&resize=350%2C200","width":350,"height":200,"srcset":"https:\/\/i0.wp.com\/pastoralrmi.com\/wp-content\/uploads\/2025\/02\/pexels-photo-343720.jpeg?fit=1200%2C795&ssl=1&resize=350%2C200 1x, https:\/\/i0.wp.com\/pastoralrmi.com\/wp-content\/uploads\/2025\/02\/pexels-photo-343720.jpeg?fit=1200%2C795&ssl=1&resize=525%2C300 1.5x, https:\/\/i0.wp.com\/pastoralrmi.com\/wp-content\/uploads\/2025\/02\/pexels-photo-343720.jpeg?fit=1200%2C795&ssl=1&resize=700%2C400 2x, https:\/\/i0.wp.com\/pastoralrmi.com\/wp-content\/uploads\/2025\/02\/pexels-photo-343720.jpeg?fit=1200%2C795&ssl=1&resize=1050%2C600 3x"},"classes":[]}],"_links":{"self":[{"href":"https:\/\/pastoralrmi.com\/pt\/wp-json\/wp\/v2\/posts\/4685","targetHints":{"allow":["GET"]}}],"collection":[{"href":"https:\/\/pastoralrmi.com\/pt\/wp-json\/wp\/v2\/posts"}],"about":[{"href":"https:\/\/pastoralrmi.com\/pt\/wp-json\/wp\/v2\/types\/post"}],"author":[{"embeddable":true,"href":"https:\/\/pastoralrmi.com\/pt\/wp-json\/wp\/v2\/users\/246329482"}],"replies":[{"embeddable":true,"href":"https:\/\/pastoralrmi.com\/pt\/wp-json\/wp\/v2\/comments?post=4685"}],"version-history":[{"count":19,"href":"https:\/\/pastoralrmi.com\/pt\/wp-json\/wp\/v2\/posts\/4685\/revisions"}],"predecessor-version":[{"id":4726,"href":"https:\/\/pastoralrmi.com\/pt\/wp-json\/wp\/v2\/posts\/4685\/revisions\/4726"}],"wp:featuredmedia":[{"embeddable":true,"href":"https:\/\/pastoralrmi.com\/pt\/wp-json\/wp\/v2\/media\/4687"}],"wp:attachment":[{"href":"https:\/\/pastoralrmi.com\/pt\/wp-json\/wp\/v2\/media?parent=4685"}],"wp:term":[{"taxonomy":"category","embeddable":true,"href":"https:\/\/pastoralrmi.com\/pt\/wp-json\/wp\/v2\/categories?post=4685"},{"taxonomy":"post_tag","embeddable":true,"href":"https:\/\/pastoralrmi.com\/pt\/wp-json\/wp\/v2\/tags?post=4685"}],"curies":[{"name":"wp","href":"https:\/\/api.w.org\/{rel}","templated":true}]}}