{"id":6152,"date":"2025-10-01T12:00:00","date_gmt":"2025-10-01T10:00:00","guid":{"rendered":"https:\/\/pastoralrmi.com\/?p=6152"},"modified":"2025-10-01T11:23:59","modified_gmt":"2025-10-01T09:23:59","slug":"la-gestion-del-tiempo-y-la-productividad","status":"publish","type":"post","link":"https:\/\/pastoralrmi.com\/pt\/la-gestion-del-tiempo-y-la-productividad\/","title":{"rendered":"Como resolvemos a nossa falta de tempo?"},"content":{"rendered":"<div class=\"wp-block-columns is-layout-flex wp-container-core-columns-is-layout-794e3cfa wp-block-columns-is-layout-flex\">\n<div class=\"wp-block-column is-layout-flow wp-block-column-is-layout-flow\"><\/div>\n\n\n\n<div class=\"wp-block-column is-layout-flow wp-block-column-is-layout-flow\">\n<p class=\"wp-block-paragraph\">Como fazer para sermos <strong>pessoas produtivas<\/strong>, mas ao mesmo tempo <span data-color=\"#faebdd\" style=\"background: #faebdd;\" class=\"has-highlight-color\">n\u00e3o perdermos<\/span> a nossa capacidade de sermos pr\u00f3ximos, proativos, com <strong>atividades alinhadas com a miss\u00e3o<\/strong> e os valores pessoais e, acima de tudo, centradas em todas as pessoas que convivem dentro de um centro educativo?<\/p>\n<\/div>\n<\/div>\n\n\n\n<p class=\"wp-block-paragraph\">\u00c9 muito comum no dia a dia, e como dizia Vicenta Mar\u00eda, ouvir express\u00f5es como \u00abn\u00e3o tenho tempo\u00bb ou outras semelhantes. A realidade \u00e9 que <span data-color=\"#ddedea\" style=\"background: #ddedea;\" class=\"has-highlight-color\">vivemos momentos de muita carga de trabalho<\/span>e, embora amemos o que fazemos, em algum momento qualquer pessoa pode se sentir sobrecarregada. <strong>sentirse desbordada<\/strong>.<\/p>\n\n\n\n<h2 class=\"wp-block-heading\">Mas a mensagem encorajadora \u00e9 que \u00e9 poss\u00edvel gerir o tempo e ser produtivo.<\/h2>\n\n\n\n<div class=\"wp-block-columns is-layout-flex wp-container-core-columns-is-layout-794e3cfa wp-block-columns-is-layout-flex\">\n<div class=\"wp-block-column is-layout-flow wp-block-column-is-layout-flow\">\n<p class=\"wp-block-paragraph\">Todos n\u00f3s temos uma forma de trabalhar e gerir o nosso tempo, mas \u00e9 importante estar aberto a <span data-color=\"#faebdd\" style=\"background: #faebdd;\" class=\"has-highlight-color\">modificar alguns dos h\u00e1bitos<\/span> e rotinas que adquirimos, intencionalmente ou n\u00e3o. \u00c9 preciso ter claro que rentabilizar ao m\u00e1ximo o nosso trabalho implica trabalhar as nossas atitudes e formas pessoais de agir. Segundo Covey, <em>a gest\u00e3o do tempo centra-se em priorizar o que \u00e9 importante em detrimento do que \u00e9 urgente.<\/em><\/p>\n<\/div>\n\n\n\n<div class=\"wp-block-column is-layout-flow wp-block-column-is-layout-flow\">\n<div style=\"height:100px\" aria-hidden=\"true\" class=\"wp-block-spacer\"><\/div>\n\n\n\n<p class=\"wp-block-paragraph\">Pessoalmente, sou defensora do <em>modelo de Shewhart ou <strong>Ciclo de melhoria cont\u00ednua<\/strong><\/em>. Este modelo baseia-se em quatro pontos:<\/p>\n\n\n\n<ul class=\"wp-block-list\">\n<li>Planear bem a nossa atividade<\/li>\n\n\n\n<li>Executar o que foi planeado<\/li>\n\n\n\n<li>Verificar ou rever os resultados obtidos<\/li>\n\n\n\n<li>Agir ou ajustar, o que significa padronizar o processo se os resultados forem os esperados ou corrigi-lo e melhor\u00e1-lo se n\u00e3o forem.<\/li>\n<\/ul>\n<\/div>\n<\/div>\n\n\n\n<div class=\"wp-block-group alignfull is-style-section-2 has-global-padding is-content-justification-center is-layout-constrained wp-block-group-is-layout-constrained\" style=\"margin-top:0;margin-bottom:0;padding-top:var(--wp--preset--spacing--50);padding-bottom:var(--wp--preset--spacing--50)\">\n<div class=\"wp-block-columns alignwide is-layout-flex wp-container-core-columns-is-layout-9b7bffa5 wp-block-columns-is-layout-flex\">\n<div class=\"wp-block-column is-layout-flow wp-block-column-is-layout-flow\">\n<h2 class=\"wp-block-heading\">Quais podem ser as principais raz\u00f5es para <span data-color=\"#ddedea\" style=\"background: #ddedea;\" class=\"has-highlight-color\">n\u00e3o gerir adequadamente<\/span> o tempo?<\/h2>\n\n\n\n<p class=\"wp-block-paragraph\">Bem, nem sempre s\u00e3o pessoas ou acontecimentos externos a n\u00f3s, mas cada um de n\u00f3s tem <strong>os seus \"ladr\u00f5es internos\" <\/strong>que \u00e9 preciso gerir, pois tornam-nos pouco eficazes no trabalho. Estes podem ser:<\/p>\n\n\n\n<p class=\"wp-block-paragraph\">1- Aus\u00eancia de objetivos e de planeamento.<\/p>\n\n\n\n<p class=\"wp-block-paragraph\">2- Incapacidade de dizer n\u00e3o.<\/p>\n\n\n\n<p class=\"wp-block-paragraph\">3- Desordem e pouca organiza\u00e7\u00e3o.<\/p>\n\n\n\n<p class=\"wp-block-paragraph\">4- Falta de disciplina e de m\u00e9todo de trabalho.<\/p>\n\n\n\n<p class=\"wp-block-paragraph\">5- Contactos sociais excessivos no trabalho.<\/p>\n\n\n\n<p class=\"wp-block-paragraph\">6- Controlo sobre o trabalho dos outros.<\/p>\n\n\n\n<p class=\"wp-block-paragraph\">7- Aus\u00eancia de delega\u00e7\u00e3o.<\/p>\n\n\n\n<p class=\"wp-block-paragraph\">8- Pouca capacidade autocr\u00edtica.<\/p>\n\n\n\n<p class=\"wp-block-paragraph\">9- Secretismo desnecess\u00e1rio ou comunica\u00e7\u00f5es inadequadas que fazem com que tenham de consultar tudo consigo.<\/p>\n\n\n\n<p class=\"wp-block-paragraph\">10- Utiliza\u00e7\u00e3o incorreta das novas tecnologias.<\/p>\n\n\n\n<div style=\"height:var(--wp--preset--spacing--20)\" aria-hidden=\"true\" class=\"wp-block-spacer\"><\/div>\n<\/div>\n\n\n\n<div class=\"wp-block-column is-layout-flow wp-container-core-column-is-layout-523e25c5 wp-block-column-is-layout-flow\">\n<div style=\"height:151px\" aria-hidden=\"true\" class=\"wp-block-spacer\"><\/div>\n\n\n\n<figure class=\"wp-block-image size-full\"><img data-recalc-dims=\"1\" loading=\"lazy\" decoding=\"async\" width=\"854\" height=\"1300\" data-attachment-id=\"6171\" data-permalink=\"https:\/\/pastoralrmi.com\/pt\/la-gestion-del-tiempo-y-la-productividad\/boat-lake-reflection-water-47059\/\" data-orig-file=\"https:\/\/i0.wp.com\/pastoralrmi.com\/wp-content\/uploads\/2025\/10\/boat-lake-reflection-water-47059.jpeg?fit=854%2C1300&amp;ssl=1\" data-orig-size=\"854,1300\" data-comments-opened=\"1\" data-image-meta=\"{&quot;aperture&quot;:&quot;0&quot;,&quot;credit&quot;:&quot;&quot;,&quot;camera&quot;:&quot;&quot;,&quot;caption&quot;:&quot;Photo by Pixabay on &lt;a href=\\&quot;https:\/\/www.pexels.com\/photo\/black-wooden-boat-47059\/\\&quot; rel=\\&quot;nofollow\\&quot;&gt;Pexels.com&lt;\/a&gt;&quot;,&quot;created_timestamp&quot;:&quot;0&quot;,&quot;copyright&quot;:&quot;&quot;,&quot;focal_length&quot;:&quot;0&quot;,&quot;iso&quot;:&quot;0&quot;,&quot;shutter_speed&quot;:&quot;0&quot;,&quot;title&quot;:&quot;black wooden boat&quot;,&quot;orientation&quot;:&quot;0&quot;}\" data-image-title=\"boat-lake-reflection-water-47059\" data-image-description=\"\" data-image-caption=\"&lt;p&gt;Photo by Pixabay on &lt;a href=&quot;https:\/\/www.pexels.com\/photo\/black-wooden-boat-47059\/&quot; rel=&quot;nofollow&quot;&gt;Pexels.com&lt;\/a&gt;&lt;\/p&gt;\" data-large-file=\"https:\/\/i0.wp.com\/pastoralrmi.com\/wp-content\/uploads\/2025\/10\/boat-lake-reflection-water-47059.jpeg?fit=673%2C1024&amp;ssl=1\" src=\"https:\/\/i0.wp.com\/pastoralrmi.com\/wp-content\/uploads\/2025\/10\/boat-lake-reflection-water-47059.jpeg?resize=854%2C1300&#038;ssl=1\" alt=\"black wooden boat\" class=\"wp-image-6171\" style=\"aspect-ratio:3\/4;object-fit:cover\" srcset=\"https:\/\/i0.wp.com\/pastoralrmi.com\/wp-content\/uploads\/2025\/10\/boat-lake-reflection-water-47059.jpeg?w=854&amp;ssl=1 854w, https:\/\/i0.wp.com\/pastoralrmi.com\/wp-content\/uploads\/2025\/10\/boat-lake-reflection-water-47059.jpeg?resize=197%2C300&amp;ssl=1 197w, https:\/\/i0.wp.com\/pastoralrmi.com\/wp-content\/uploads\/2025\/10\/boat-lake-reflection-water-47059.jpeg?resize=673%2C1024&amp;ssl=1 673w, https:\/\/i0.wp.com\/pastoralrmi.com\/wp-content\/uploads\/2025\/10\/boat-lake-reflection-water-47059.jpeg?resize=99%2C150&amp;ssl=1 99w, https:\/\/i0.wp.com\/pastoralrmi.com\/wp-content\/uploads\/2025\/10\/boat-lake-reflection-water-47059.jpeg?resize=768%2C1169&amp;ssl=1 768w, https:\/\/i0.wp.com\/pastoralrmi.com\/wp-content\/uploads\/2025\/10\/boat-lake-reflection-water-47059.jpeg?resize=8%2C12&amp;ssl=1 8w\" sizes=\"auto, (max-width: 854px) 100vw, 854px\" \/><\/figure>\n<\/div>\n<\/div>\n<\/div>\n\n\n\n<p class=\"wp-block-paragraph\">Tamb\u00e9m temos <strong>\u00abladr\u00f5es externos\u00bb <\/strong>que s\u00e3o igualmente contr\u00e1rios \u00e0 efic\u00e1cia. Identific\u00e1-los pode significar desenvolver compet\u00eancias para reduzir o seu impacto no planeamento. Estes podem ser:<\/p>\n\n\n\n<p class=\"wp-block-paragraph\">1- Interrup\u00e7\u00f5es telef\u00f3nicas.<\/p>\n\n\n\n<p class=\"wp-block-paragraph\">2- E-mail.<\/p>\n\n\n\n<p class=\"wp-block-paragraph\">3- Visitas n\u00e3o previstas.<\/p>\n\n\n\n<p class=\"wp-block-paragraph\">4- Reuni\u00f5es de trabalho.<\/p>\n\n\n\n<p class=\"wp-block-paragraph\">5- Comunica\u00e7\u00f5es deficientes.<\/p>\n\n\n\n<p class=\"wp-block-paragraph\">6- Tempo de espera. Sociedade da imediatismo<\/p>\n\n\n\n<div style=\"height:100px\" aria-hidden=\"true\" class=\"wp-block-spacer\"><\/div>\n\n\n\n<div class=\"wp-block-group has-global-padding is-layout-constrained wp-container-core-group-is-layout-4bb0e34c wp-block-group-is-layout-constrained\">\n<h2 class=\"wp-block-heading\">\u00c9 preciso <strong>reconhecer <\/strong>tanto os ladr\u00f5es internos como os externos. <\/h2>\n\n\n\n<p class=\"wp-block-paragraph\">Debemos identificar c\u00f3mo invertimos realmente nuestro tiempo, las diferentes actividades reales que se han realizado a lo largo de la jornada, la hora de inicio y finalizaci\u00f3n de cada una y las distracciones externas o alteraciones de uno mismo. A partir del <strong>autoconocimiento real<\/strong> podremos buscar la mejor soluci\u00f3n.<\/p>\n<\/div>\n\n\n\n<p class=\"has-text-align-center wp-block-paragraph\">Uma boa maneira de trabalhar \u00e9 faz\u00ea-lo por objetivos, o que significa saber onde se quer chegar e, portanto, poupar tempo em tudo o que n\u00e3o contribui para isso. Outra forma \u00e9 delegar e confiar nas pessoas \u00e0 sua volta, porque o trabalho em equipa \u00e9 fundamental.<\/p>\n\n\n\n<div class=\"wp-block-columns is-layout-flex wp-container-core-columns-is-layout-794e3cfa wp-block-columns-is-layout-flex\">\n<div class=\"wp-block-column is-layout-flow wp-container-core-column-is-layout-835debf9 wp-block-column-is-layout-flow\" style=\"flex-basis:33.33%\">\n<h2 class=\"wp-block-heading\">Delegar significa confiar uma tarefa a uma pessoa<\/h2>\n\n\n\n<p class=\"wp-block-paragraph\"><span data-color=\"#faebdd\" style=\"background: #faebdd;\" class=\"has-highlight-color\">sem deixar de assumir a responsabilidade<\/span> que essa tarefa implica. A delega\u00e7\u00e3o ajuda na gest\u00e3o do tempo e, para isso, \u00e9 necess\u00e1rio:<\/p>\n<\/div>\n\n\n\n<div class=\"wp-block-column is-layout-flow wp-block-column-is-layout-flow\" style=\"flex-basis:66.66%\">\n<div style=\"height:100px\" aria-hidden=\"true\" class=\"wp-block-spacer\"><\/div>\n\n\n\n<p class=\"wp-block-paragraph\">1. Confiar nas capacidades dos outros.<\/p>\n\n\n\n<p class=\"wp-block-paragraph\">2. Estabelecer uma boa comunica\u00e7\u00e3o e garantir que a pessoa a quem a tarefa \u00e9 delegada a compreende perfeitamente.<\/p>\n\n\n\n<p class=\"wp-block-paragraph\">3. Dar-lhe autonomia para agir.<\/p>\n\n\n\n<p class=\"wp-block-paragraph\">4. Definir e partilhar os resultados a alcan\u00e7ar.<\/p>\n\n\n\n<p class=\"wp-block-paragraph\">5. Criar um ambiente de comunica\u00e7\u00e3o.<\/p>\n\n\n\n<p class=\"wp-block-paragraph\">6. N\u00e3o interferir na atividade.<\/p>\n\n\n\n<p class=\"wp-block-paragraph\">7. Dar liberdade de a\u00e7\u00e3o e iniciativa. Conceder o direito ao erro.<\/p>\n\n\n\n<p class=\"wp-block-paragraph\">8. Acompanhar a delega\u00e7\u00e3o.<\/p>\n\n\n\n<p class=\"wp-block-paragraph\">9. Reconhecer o trabalho bem feito e n\u00e3o nos concentrarmos exclusivamente nos erros.<\/p>\n<\/div>\n<\/div>\n\n\n\n<p class=\"wp-block-paragraph\">Num <strong>centro com uma organiza\u00e7\u00e3o eficiente<\/strong>, com poucas interrup\u00e7\u00f5es inesperadas, com as reuni\u00f5es necess\u00e1rias, comunica\u00e7\u00e3o precisa, instru\u00e7\u00f5es claras, sem medo de tomar decis\u00f5es, com objetivos claros, geralmente <span data-color=\"#faebdd\" style=\"background: #faebdd;\" class=\"has-highlight-color\">gera uma boa gest\u00e3o do tempo<\/span> e um alto n\u00edvel de motiva\u00e7\u00e3o por parte do pessoal que trabalha.<\/p>\n\n\n\n<div style=\"height:100px\" aria-hidden=\"true\" class=\"wp-block-spacer\"><\/div>\n\n\n\n<figure class=\"wp-block-image aligncenter size-full is-resized\"><img data-recalc-dims=\"1\" loading=\"lazy\" decoding=\"async\" width=\"1880\" height=\"1253\" data-attachment-id=\"6164\" data-permalink=\"https:\/\/pastoralrmi.com\/pt\/la-gestion-del-tiempo-y-la-productividad\/pexels-photo-316466\/\" data-orig-file=\"https:\/\/i0.wp.com\/pastoralrmi.com\/wp-content\/uploads\/2025\/09\/pexels-photo-316466.jpeg?fit=1880%2C1253&amp;ssl=1\" data-orig-size=\"1880,1253\" data-comments-opened=\"1\" data-image-meta=\"{&quot;aperture&quot;:&quot;0&quot;,&quot;credit&quot;:&quot;&quot;,&quot;camera&quot;:&quot;&quot;,&quot;caption&quot;:&quot;Photo by Lum3n on &lt;a href=\\&quot;https:\/\/www.pexels.com\/photo\/close-up-of-hand-holding-pencil-over-white-background-316466\/\\&quot; rel=\\&quot;nofollow\\&quot;&gt;Pexels.com&lt;\/a&gt;&quot;,&quot;created_timestamp&quot;:&quot;0&quot;,&quot;copyright&quot;:&quot;&quot;,&quot;focal_length&quot;:&quot;0&quot;,&quot;iso&quot;:&quot;0&quot;,&quot;shutter_speed&quot;:&quot;0&quot;,&quot;title&quot;:&quot;close up of hand holding pencil over white background&quot;,&quot;orientation&quot;:&quot;0&quot;}\" data-image-title=\"pexels-photo-316466\" data-image-description=\"\" data-image-caption=\"&lt;p&gt;Photo by Lum3n on &lt;a href=&quot;https:\/\/www.pexels.com\/photo\/close-up-of-hand-holding-pencil-over-white-background-316466\/&quot; rel=&quot;nofollow&quot;&gt;Pexels.com&lt;\/a&gt;&lt;\/p&gt;\" data-large-file=\"https:\/\/i0.wp.com\/pastoralrmi.com\/wp-content\/uploads\/2025\/09\/pexels-photo-316466.jpeg?fit=1024%2C682&amp;ssl=1\" src=\"https:\/\/i0.wp.com\/pastoralrmi.com\/wp-content\/uploads\/2025\/09\/pexels-photo-316466.jpeg?resize=1880%2C1253&#038;ssl=1\" alt=\"close up of hand holding pencil over white background\" class=\"wp-image-6164\" style=\"aspect-ratio:1.5004203699255345;width:552px;height:auto\" srcset=\"https:\/\/i0.wp.com\/pastoralrmi.com\/wp-content\/uploads\/2025\/09\/pexels-photo-316466.jpeg?w=1880&amp;ssl=1 1880w, https:\/\/i0.wp.com\/pastoralrmi.com\/wp-content\/uploads\/2025\/09\/pexels-photo-316466.jpeg?resize=300%2C200&amp;ssl=1 300w, https:\/\/i0.wp.com\/pastoralrmi.com\/wp-content\/uploads\/2025\/09\/pexels-photo-316466.jpeg?resize=1024%2C682&amp;ssl=1 1024w, https:\/\/i0.wp.com\/pastoralrmi.com\/wp-content\/uploads\/2025\/09\/pexels-photo-316466.jpeg?resize=150%2C100&amp;ssl=1 150w, https:\/\/i0.wp.com\/pastoralrmi.com\/wp-content\/uploads\/2025\/09\/pexels-photo-316466.jpeg?resize=768%2C512&amp;ssl=1 768w, https:\/\/i0.wp.com\/pastoralrmi.com\/wp-content\/uploads\/2025\/09\/pexels-photo-316466.jpeg?resize=1536%2C1024&amp;ssl=1 1536w, https:\/\/i0.wp.com\/pastoralrmi.com\/wp-content\/uploads\/2025\/09\/pexels-photo-316466.jpeg?resize=18%2C12&amp;ssl=1 18w, https:\/\/i0.wp.com\/pastoralrmi.com\/wp-content\/uploads\/2025\/09\/pexels-photo-316466.jpeg?resize=1200%2C800&amp;ssl=1 1200w\" sizes=\"auto, (max-width: 1000px) 100vw, 1000px\" \/><\/figure>\n\n\n\n<div class=\"wp-block-columns is-layout-flex wp-container-core-columns-is-layout-794e3cfa wp-block-columns-is-layout-flex\">\n<div class=\"wp-block-column is-layout-flow wp-block-column-is-layout-flow\" style=\"flex-basis:66.66%\">\n<figure class=\"wp-block-pullquote\"><blockquote><p><em>Queridas Irm\u00e3s: se querem que eu volte depressa, pe\u00e7am a Deus que me alivie e n\u00e3o me fa\u00e7am escrever muito, porque todo esse tempo \u00e9 tirado das Regras. \u00c9 claro que eu deveria desejar que isso se prolongasse para continuar com a Comunh\u00e3o, cuja visita vale mais do que todas as companhias do mundo. <\/em><\/p><cite><em>C. 598 de Vicenta Mar\u00eda.<\/em><\/cite><\/blockquote><\/figure>\n<\/div>\n\n\n\n<div class=\"wp-block-column is-layout-flow wp-block-column-is-layout-flow\" style=\"flex-basis:33.33%\"><\/div>\n<\/div>\n\n\n\n<div style=\"height:70px\" aria-hidden=\"true\" class=\"wp-block-spacer\"><\/div>\n\n\n\n<p class=\"has-text-align-right wp-block-paragraph\">por <em>Carolina Alem\u00e1n<\/em>. Diretora pedag\u00f3gica do nosso <a href=\"https:\/\/www.lopezvicu.info\/es\/\">L\u00f3pez Vicu\u00f1a Barcelona<\/a>.<\/p>\n\n\n\n<div style=\"height:100px\" aria-hidden=\"true\" class=\"wp-block-spacer\"><\/div>","protected":false},"excerpt":{"rendered":"<p>\u00bfC\u00f3mo hacer para conseguir ser personas productivas, pero al mismo tiempo no perder nuestra capacidad de ser cercanas, proactivas, con unas actividades alineadas con la misi\u00f3n y valores personales, y sobre todo centradas en todas las personas que conviven dentro de un centro educativo? Es muy com\u00fan en el d\u00eda a d\u00eda, y tal como [&hellip;]<\/p>\n","protected":false},"author":246329482,"featured_media":6163,"comment_status":"open","ping_status":"open","sticky":false,"template":"","format":"standard","meta":{"_eb_attr":"","_crdt_document":"","advanced_seo_description":"","jetpack_seo_html_title":"","jetpack_seo_noindex":false,"_jetpack_newsletter_access":"","_jetpack_dont_email_post_to_subs":false,"_jetpack_newsletter_tier_id":0,"_jetpack_memberships_contains_paywalled_content":false,"_jetpack_memberships_contains_paid_content":false,"footnotes":"","jetpack_publicize_message":"","jetpack_publicize_feature_enabled":true,"jetpack_social_post_already_shared":true,"jetpack_social_options":{"image_generator_settings":{"template":"highway","default_image_id":0,"font":"","enabled":false},"version":2},"_wpas_customize_per_network":false,"jetpack_post_was_ever_published":false},"categories":[772356671,4469418,772356424,1039746,772356672],"tags":[772356436,772356566,772356549,349739531,772356673,772356674,772356437,772356438],"class_list":["post-6152","post","type-post","status-publish","format-standard","has-post-thumbnail","hentry","category-centros-educativos","category-desarrollo-integral","category-entradas","category-fluir","category-obras-apostolicas","tag-carisma","tag-centros-educativos","tag-cercania","tag-cualidades-esenciales","tag-gestion-del-tiempo","tag-mision-compartida","tag-pastoral","tag-vicenta-maria"],"jetpack_publicize_connections":[],"jetpack_featured_media_url":"https:\/\/i0.wp.com\/pastoralrmi.com\/wp-content\/uploads\/2025\/09\/pexels-photo-5849991.jpeg?fit=1880%2C1253&ssl=1","jetpack_likes_enabled":true,"jetpack_sharing_enabled":true,"jetpack_shortlink":"https:\/\/wp.me\/pfvk8v-1Be","jetpack-related-posts":[{"id":3257,"url":"https:\/\/pastoralrmi.com\/pt\/el-reto-de-educar-sobre-sexualidad\/","url_meta":{"origin":6152,"position":0},"title":"Educar sobre sexualidade?","author":"Blog de pastoral Provincia Iberica","date":"29 de Janeiro de 2025","format":false,"excerpt":"Llueve un d\u00eda en el que una chica, sentada en la cama de su cuarto, siente que tambi\u00e9n llueve en su interior. Su coraz\u00f3n est\u00e1 disparado, siente calor en el pecho y mejillas y no deja de dar vueltas a lo ocurrido la tarde anterior. Si en realidad no me\u2026","rel":"","context":"In &quot;Destellos de vida cotidiana&quot;","block_context":{"text":"Destellos de vida cotidiana","link":"https:\/\/pastoralrmi.com\/pt\/category\/fluir\/destellos-de-vida-cotidiana\/"},"img":{"alt_text":"person holding flower","src":"https:\/\/i0.wp.com\/pastoralrmi.com\/wp-content\/uploads\/2025\/01\/pexels-photo-2001102.jpeg?fit=1200%2C800&ssl=1&resize=350%2C200","width":350,"height":200,"srcset":"https:\/\/i0.wp.com\/pastoralrmi.com\/wp-content\/uploads\/2025\/01\/pexels-photo-2001102.jpeg?fit=1200%2C800&ssl=1&resize=350%2C200 1x, https:\/\/i0.wp.com\/pastoralrmi.com\/wp-content\/uploads\/2025\/01\/pexels-photo-2001102.jpeg?fit=1200%2C800&ssl=1&resize=525%2C300 1.5x, https:\/\/i0.wp.com\/pastoralrmi.com\/wp-content\/uploads\/2025\/01\/pexels-photo-2001102.jpeg?fit=1200%2C800&ssl=1&resize=700%2C400 2x, https:\/\/i0.wp.com\/pastoralrmi.com\/wp-content\/uploads\/2025\/01\/pexels-photo-2001102.jpeg?fit=1200%2C800&ssl=1&resize=1050%2C600 3x"},"classes":[]},{"id":6301,"url":"https:\/\/pastoralrmi.com\/pt\/el-anuncio-del-evangelio\/","url_meta":{"origin":6152,"position":1},"title":"O an\u00fancio do Evangelho","author":"Blog de pastoral Provincia Iberica","date":"5 de Novembro de 2025","format":false,"excerpt":"Como escuela cristiana, anunciamos a Jesucristo, modelo de persona en quien creemos y en quien tenemos puesta nuestra fe y esperanza. Para algunos de nuestros alumnos, este anuncio ser\u00e1 el primer encuentro con \u00c9l; otros recuperar\u00e1n un mensaje escuchado en la infancia; algunos conectar\u00e1n con la vivencia de fe de\u2026","rel":"","context":"In &quot;Centros educativos&quot;","block_context":{"text":"Centros educativos","link":"https:\/\/pastoralrmi.com\/pt\/category\/obras-apostolicas\/centros-educativos\/"},"img":{"alt_text":"astronauts walking on the sand","src":"https:\/\/i0.wp.com\/pastoralrmi.com\/wp-content\/uploads\/2025\/11\/pexels-photo-8474497.jpeg?fit=1200%2C800&ssl=1&resize=350%2C200","width":350,"height":200,"srcset":"https:\/\/i0.wp.com\/pastoralrmi.com\/wp-content\/uploads\/2025\/11\/pexels-photo-8474497.jpeg?fit=1200%2C800&ssl=1&resize=350%2C200 1x, https:\/\/i0.wp.com\/pastoralrmi.com\/wp-content\/uploads\/2025\/11\/pexels-photo-8474497.jpeg?fit=1200%2C800&ssl=1&resize=525%2C300 1.5x, https:\/\/i0.wp.com\/pastoralrmi.com\/wp-content\/uploads\/2025\/11\/pexels-photo-8474497.jpeg?fit=1200%2C800&ssl=1&resize=700%2C400 2x, https:\/\/i0.wp.com\/pastoralrmi.com\/wp-content\/uploads\/2025\/11\/pexels-photo-8474497.jpeg?fit=1200%2C800&ssl=1&resize=1050%2C600 3x"},"classes":[]},{"id":3422,"url":"https:\/\/pastoralrmi.com\/pt\/cuando-acaban-las-clases\/","url_meta":{"origin":6152,"position":2},"title":"Quando as aulas acabam","author":"Blog de pastoral Provincia Iberica","date":"19 de Fevereiro de 2025","format":false,"excerpt":"Son las dos y media y las escaleras se llenan de alumnos con sus mochilas\u2026 Todos est\u00e1n deseando cruzar la puerta del centro para salir a la calle\u2026 \u00bfHe dicho todos?\u2026 Pues no, es martes o jueves y hay algunos alumnos de los diferentes cursos, que se desmarcan de la\u2026","rel":"","context":"In &quot;Centros educativos&quot;","block_context":{"text":"Centros educativos","link":"https:\/\/pastoralrmi.com\/pt\/category\/obras-apostolicas\/centros-educativos\/"},"img":{"alt_text":"basketball hoop on court","src":"https:\/\/i0.wp.com\/pastoralrmi.com\/wp-content\/uploads\/2025\/02\/pexels-photo-680074.jpeg?fit=1200%2C800&ssl=1&resize=350%2C200","width":350,"height":200,"srcset":"https:\/\/i0.wp.com\/pastoralrmi.com\/wp-content\/uploads\/2025\/02\/pexels-photo-680074.jpeg?fit=1200%2C800&ssl=1&resize=350%2C200 1x, https:\/\/i0.wp.com\/pastoralrmi.com\/wp-content\/uploads\/2025\/02\/pexels-photo-680074.jpeg?fit=1200%2C800&ssl=1&resize=525%2C300 1.5x, https:\/\/i0.wp.com\/pastoralrmi.com\/wp-content\/uploads\/2025\/02\/pexels-photo-680074.jpeg?fit=1200%2C800&ssl=1&resize=700%2C400 2x, https:\/\/i0.wp.com\/pastoralrmi.com\/wp-content\/uploads\/2025\/02\/pexels-photo-680074.jpeg?fit=1200%2C800&ssl=1&resize=1050%2C600 3x"},"classes":[]},{"id":6422,"url":"https:\/\/pastoralrmi.com\/pt\/el-poder-del-silencio-de-la-quietud-al-si\/","url_meta":{"origin":6152,"position":3},"title":"O poder do silencio: da quietude ao sim","author":"Blog de pastoral Provincia Iberica","date":"3 de Dezembro de 2025","format":false,"excerpt":"Hay d\u00edas en los que todo parece moverse a una velocidad vertiginosa: el m\u00f3vil vibra sin descanso, las tareas pendientes se amontonan, el tr\u00e1fico ruge, las incesantes notificaciones nos aturden y, sin darnos cuenta, nos vemos inmersos en una carrera constante que apenas nos deja respirar. El ruido \u2014afuera y\u2026","rel":"","context":"In &quot;ADVIENTO&quot;","block_context":{"text":"ADVIENTO","link":"https:\/\/pastoralrmi.com\/pt\/category\/comprender\/tiempos-liturgicos\/adviento\/"},"img":{"alt_text":"silhouette of woman standing on rock near body of water during night time","src":"https:\/\/i0.wp.com\/pastoralrmi.com\/wp-content\/uploads\/2025\/12\/pexels-photo-3751387.jpeg?fit=1200%2C1082&ssl=1&resize=350%2C200","width":350,"height":200,"srcset":"https:\/\/i0.wp.com\/pastoralrmi.com\/wp-content\/uploads\/2025\/12\/pexels-photo-3751387.jpeg?fit=1200%2C1082&ssl=1&resize=350%2C200 1x, https:\/\/i0.wp.com\/pastoralrmi.com\/wp-content\/uploads\/2025\/12\/pexels-photo-3751387.jpeg?fit=1200%2C1082&ssl=1&resize=525%2C300 1.5x, https:\/\/i0.wp.com\/pastoralrmi.com\/wp-content\/uploads\/2025\/12\/pexels-photo-3751387.jpeg?fit=1200%2C1082&ssl=1&resize=700%2C400 2x, https:\/\/i0.wp.com\/pastoralrmi.com\/wp-content\/uploads\/2025\/12\/pexels-photo-3751387.jpeg?fit=1200%2C1082&ssl=1&resize=1050%2C600 3x"},"classes":[]},{"id":2936,"url":"https:\/\/pastoralrmi.com\/pt\/celebramos-a-jesucristo\/","url_meta":{"origin":6152,"position":4},"title":"Celebramos Jesus Cristo","author":"Blog de pastoral Provincia Iberica","date":"25 de Dezembro de 2024","format":false,"excerpt":"Se me ocurre que hagamos un trato para empezar a establecer nuestra uni\u00f3n en el Centro que ha de permanecer en el tiempo y en eternidad. Vicenta Mar\u00eda a Anita Marqu\u00e9s, julio de 1890. \u00abLa Navidad es una fiesta muy importante para los que somos cristianas y cristianos. Celebramos el\u2026","rel":"","context":"In &quot;Destellos de vida cotidiana&quot;","block_context":{"text":"Destellos de vida cotidiana","link":"https:\/\/pastoralrmi.com\/pt\/category\/fluir\/destellos-de-vida-cotidiana\/"},"img":{"alt_text":"small toys showing birth of christ","src":"https:\/\/i0.wp.com\/pastoralrmi.com\/wp-content\/uploads\/2024\/12\/pexels-photo-4346869.jpeg?fit=1200%2C800&ssl=1&resize=350%2C200","width":350,"height":200,"srcset":"https:\/\/i0.wp.com\/pastoralrmi.com\/wp-content\/uploads\/2024\/12\/pexels-photo-4346869.jpeg?fit=1200%2C800&ssl=1&resize=350%2C200 1x, https:\/\/i0.wp.com\/pastoralrmi.com\/wp-content\/uploads\/2024\/12\/pexels-photo-4346869.jpeg?fit=1200%2C800&ssl=1&resize=525%2C300 1.5x, https:\/\/i0.wp.com\/pastoralrmi.com\/wp-content\/uploads\/2024\/12\/pexels-photo-4346869.jpeg?fit=1200%2C800&ssl=1&resize=700%2C400 2x, https:\/\/i0.wp.com\/pastoralrmi.com\/wp-content\/uploads\/2024\/12\/pexels-photo-4346869.jpeg?fit=1200%2C800&ssl=1&resize=1050%2C600 3x"},"classes":[]},{"id":6335,"url":"https:\/\/pastoralrmi.com\/pt\/aceptar-la-diversidad\/","url_meta":{"origin":6152,"position":5},"title":"Aceitar a diversidade","author":"Blog de pastoral Provincia Iberica","date":"12 de Novembro de 2025","format":false,"excerpt":"A la hora de escribir estas l\u00edneas sobre la diversidad y la educaci\u00f3n inclusiva, tengo que rese\u00f1ar y poner en preaviso al lector\/a , que no ha sido el foco principal de mi trayectoria profesional, sin embargo entiendo ambos conceptos de manera transversal en mi trabajo, especialmente en el contexto\u2026","rel":"","context":"In &quot;Centros educativos&quot;","block_context":{"text":"Centros educativos","link":"https:\/\/pastoralrmi.com\/pt\/category\/obras-apostolicas\/centros-educativos\/"},"img":{"alt_text":"two men in a room","src":"https:\/\/i0.wp.com\/pastoralrmi.com\/wp-content\/uploads\/2025\/11\/pexels-photo-11373128.jpeg?fit=901%2C1200&ssl=1&resize=350%2C200","width":350,"height":200,"srcset":"https:\/\/i0.wp.com\/pastoralrmi.com\/wp-content\/uploads\/2025\/11\/pexels-photo-11373128.jpeg?fit=901%2C1200&ssl=1&resize=350%2C200 1x, https:\/\/i0.wp.com\/pastoralrmi.com\/wp-content\/uploads\/2025\/11\/pexels-photo-11373128.jpeg?fit=901%2C1200&ssl=1&resize=525%2C300 1.5x, https:\/\/i0.wp.com\/pastoralrmi.com\/wp-content\/uploads\/2025\/11\/pexels-photo-11373128.jpeg?fit=901%2C1200&ssl=1&resize=700%2C400 2x"},"classes":[]}],"_links":{"self":[{"href":"https:\/\/pastoralrmi.com\/pt\/wp-json\/wp\/v2\/posts\/6152","targetHints":{"allow":["GET"]}}],"collection":[{"href":"https:\/\/pastoralrmi.com\/pt\/wp-json\/wp\/v2\/posts"}],"about":[{"href":"https:\/\/pastoralrmi.com\/pt\/wp-json\/wp\/v2\/types\/post"}],"author":[{"embeddable":true,"href":"https:\/\/pastoralrmi.com\/pt\/wp-json\/wp\/v2\/users\/246329482"}],"replies":[{"embeddable":true,"href":"https:\/\/pastoralrmi.com\/pt\/wp-json\/wp\/v2\/comments?post=6152"}],"version-history":[{"count":27,"href":"https:\/\/pastoralrmi.com\/pt\/wp-json\/wp\/v2\/posts\/6152\/revisions"}],"predecessor-version":[{"id":6198,"href":"https:\/\/pastoralrmi.com\/pt\/wp-json\/wp\/v2\/posts\/6152\/revisions\/6198"}],"wp:featuredmedia":[{"embeddable":true,"href":"https:\/\/pastoralrmi.com\/pt\/wp-json\/wp\/v2\/media\/6163"}],"wp:attachment":[{"href":"https:\/\/pastoralrmi.com\/pt\/wp-json\/wp\/v2\/media?parent=6152"}],"wp:term":[{"taxonomy":"category","embeddable":true,"href":"https:\/\/pastoralrmi.com\/pt\/wp-json\/wp\/v2\/categories?post=6152"},{"taxonomy":"post_tag","embeddable":true,"href":"https:\/\/pastoralrmi.com\/pt\/wp-json\/wp\/v2\/tags?post=6152"}],"curies":[{"name":"wp","href":"https:\/\/api.w.org\/{rel}","templated":true}]}}